{"id":13578,"date":"2025-02-04T22:42:27","date_gmt":"2025-02-05T04:42:27","guid":{"rendered":"https:\/\/www.uv.mx\/coatza\/admon\/?p=13578"},"modified":"2025-02-05T11:04:48","modified_gmt":"2025-02-05T17:04:48","slug":"2-aviso-ee-vac-temp-feb-jul25","status":"publish","type":"post","link":"https:\/\/www.uv.mx\/coatza\/admon\/conv-pla\/2-aviso-ee-vac-temp-feb-jul25\/","title":{"rendered":"2\u00b0 Aviso EE Vacantes Temporales Febrero &#8211; Julio 2025"},"content":{"rendered":"<div class=\"responsive-tabs\">\n<h2 class=\"tabtitle\">Administraci\u00f3n<\/h2>\n<div class=\"tabcontent\">\n\n<p><a href=\"https:\/\/www.uv.mx\/coatza\/admon\/files\/2025\/02\/LA_Aviso2_EEVac-Act-Feb25.pdf\" target=\"_blank\" rel=\"noopener\">Descargar Aviso Aqu\u00ed<\/a><\/p>\n<p style=\"text-align: center;\"><iframe loading=\"lazy\" width=\"60%\" height=\"800px\" frameborder=\"0\" src=\"https:\/\/www.uv.mx\/coatza\/admon\/files\/2025\/02\/LA_Aviso2_EEVac-Act-Feb25.pdf\"><\/iframe><\/p>\n\n<\/div><h2 class=\"tabtitle\">Contadur\u00eda<\/h2>\n<div class=\"tabcontent\">\n\n<p><a href=\"https:\/\/www.uv.mx\/coatza\/admon\/files\/2025\/02\/LC_Aviso2_EEvacantesFeb25.pdf\" target=\"_blank\" rel=\"noopener\">Descargar Aviso Aqu\u00ed<\/a><\/p>\n<p style=\"text-align: center;\"><iframe loading=\"lazy\" width=\"60%\" height=\"800px\" frameborder=\"0\" src=\"https:\/\/www.uv.mx\/coatza\/admon\/files\/2025\/02\/LC_Aviso2_EEvacantesFeb25.pdf\"><\/iframe><\/p>\n\n<\/div><h2 class=\"tabtitle\">Gesti\u00f3n y Direcci\u00f3n de Negocios<\/h2>\n<div class=\"tabcontent\">\n\n<p><a href=\"https:\/\/www.uv.mx\/coatza\/admon\/files\/2025\/02\/LGDN_Aviso2_EEVacantesFeb25.pdf\" target=\"_blank\" rel=\"noopener\">Descargar Aviso Aqu\u00ed<\/a><\/p>\n<p style=\"text-align: center;\"><iframe loading=\"lazy\" width=\"60%\" height=\"800px\" frameborder=\"0\" src=\"https:\/\/www.uv.mx\/coatza\/admon\/files\/2025\/02\/LGDN_Aviso2_EEVacantesFeb25.pdf\"><\/iframe><\/p>\n<\/div><\/div>\n","protected":false},"excerpt":{"rendered":"<p>Descargar Aviso Aqu\u00ed Descargar Aviso Aqu\u00ed Descargar Aviso Aqu\u00ed<\/p>\n","protected":false},"author":5,"featured_media":0,"comment_status":"closed","ping_status":"closed","sticky":false,"template":"","format":"standard","meta":{"ventana_nueva":"","tipo_url":"","url":"","extracto":"","imagen_halign":"","imagen_valign":"","bg_size":"","text_hide":"","media_url":"","tipo_media":"","video_url":"","video_pos":"","video_youtube":"","footnotes":""},"categories":[30],"tags":[54],"class_list":["post-13578","post","type-post","status-publish","format-standard","hentry","category-conv-pla","tag-conv-plazas"],"_links":{"self":[{"href":"https:\/\/www.uv.mx\/coatza\/admon\/wp-json\/wp\/v2\/posts\/13578","targetHints":{"allow":["GET"]}}],"collection":[{"href":"https:\/\/www.uv.mx\/coatza\/admon\/wp-json\/wp\/v2\/posts"}],"about":[{"href":"https:\/\/www.uv.mx\/coatza\/admon\/wp-json\/wp\/v2\/types\/post"}],"author":[{"embeddable":true,"href":"https:\/\/www.uv.mx\/coatza\/admon\/wp-json\/wp\/v2\/users\/5"}],"replies":[{"embeddable":true,"href":"https:\/\/www.uv.mx\/coatza\/admon\/wp-json\/wp\/v2\/comments?post=13578"}],"version-history":[{"count":1,"href":"https:\/\/www.uv.mx\/coatza\/admon\/wp-json\/wp\/v2\/posts\/13578\/revisions"}],"predecessor-version":[{"id":13598,"href":"https:\/\/www.uv.mx\/coatza\/admon\/wp-json\/wp\/v2\/posts\/13578\/revisions\/13598"}],"wp:attachment":[{"href":"https:\/\/www.uv.mx\/coatza\/admon\/wp-json\/wp\/v2\/media?parent=13578"}],"wp:term":[{"taxonomy":"category","embeddable":true,"href":"https:\/\/www.uv.mx\/coatza\/admon\/wp-json\/wp\/v2\/categories?post=13578"},{"taxonomy":"post_tag","embeddable":true,"href":"https:\/\/www.uv.mx\/coatza\/admon\/wp-json\/wp\/v2\/tags?post=13578"}],"curies":[{"name":"wp","href":"https:\/\/api.w.org\/{rel}","templated":true}]}}