{"id":7,"date":"2012-10-13T17:12:45","date_gmt":"2012-10-13T22:12:45","guid":{"rendered":"https:\/\/www.uv.mx\/coatza\/admon\/?p=7"},"modified":"2022-10-12T10:13:45","modified_gmt":"2022-10-12T15:13:45","slug":"historia","status":"publish","type":"post","link":"https:\/\/www.uv.mx\/coatza\/admon\/nosotros\/historia\/","title":{"rendered":"Historia"},"content":{"rendered":"<p>En las instituciones de educaci\u00f3n superior en nuestro pa\u00eds, es primordial que se d\u00e9 prioridad al desarrollo de la ciencia y tecnolog\u00eda y al fortalecimiento de las disciplinas relacionadas con las humanidades, las artes, el deporte y la preservaci\u00f3n de los valores culturales; de tal forma que reaccionen ante las demandas globalizadoras de su entorno a nivel internacional, as\u00ed como disciplinas que son necesarias desarticular en virtud de que ya no responden a las necesidades sociales y a los procesos productivos del momento.<\/p>\n<p>En cuanto a las carreras de Licenciado en Contadur\u00eda y Administraci\u00f3n desempe\u00f1an un papel estrat\u00e9gico de vinculaci\u00f3n entre la Universidad Veracruzana y los sectores sociales, p\u00fablicos, y productivos de la regi\u00f3n, sin embargo; es primordial fortalecer mediante un programa de vinculaci\u00f3n formal a la micro, peque\u00f1a y mediana empresa ofertando los servicios m\u00faltiples que requieran para de esa manera contribuir a un mayor bienestar de las comunidades y al desarrollo de la regi\u00f3n.<\/p>\n<p>La Universidad Veracruzana Inicia sus actividades el 11 de Septiembre de 1944, originalmente reuniendo y coordinando las actividades de un grupo de escuelas diversas de educaci\u00f3n media superior; haci\u00e9ndose cargo de escuelas oficiales, art\u00edsticas, profesionales, especiales y de estudios superiores en la ciudad de Xalapa. Como consecuencia de la pol\u00edtica de descentralizaci\u00f3n Acad\u00e9mica y Administrativa de la Universidad Veracruzana emprendida por el Lic. Roberto Bravo Garz\u00f3n, Rector de la misma, y con el claro prop\u00f3sito de posibilitar el acceso de egresados de ense\u00f1anza media a ense\u00f1anza superior en todo el territorio veracruzano, promoviendo tambi\u00e9n la extensi\u00f3n y difusi\u00f3n cultural; se crearon cinco zonas universitarias: Poza Rica \u2013 Tuxpan, Veracruz, Xalapa, Orizaba \u2013 C\u00f3rdoba y Coatzacoalcos \u2013 Minatitl\u00e1n; evitando as\u00ed que se trasladaran de sus lugares de residencia a las diversas facultades, escuelas e institutos que estaban instalados en las ciudades de Xalapa, Veracruz y Orizaba, beneficiando con ello a estudiantes de escasos recursos econ\u00f3micos que no pod\u00edan acudir a dichos centros de ense\u00f1anza, aunado al prop\u00f3sito de arraigarlos en su regi\u00f3n, formando profesionistas en beneficios de las empresas e industrias ah\u00ed establecidas.<\/p>\n<p>En lo que corresponde a la zona Coatzacoalcos \u2013 Minatitl\u00e1n, particularmente en Coatzacoalcos, se estableci\u00f3 en el a\u00f1o 1973 la Delegaci\u00f3n Administrativa Regional, que posteriormente fue sustituida por la Vice-Rector\u00eda; y para el a\u00f1o 1974 comenz\u00f3 a funcionar la Escuela de Iniciaci\u00f3n Universitaria (Proped\u00e9utico).<\/p>\n<p>Fue en el a\u00f1o de 1975 cuando se constituy\u00f3 la Unidad Docente Interdisciplinaria agrupando las carreras de Ingenier\u00eda y Ciencias Qu\u00edmicas, posteriormente; el d\u00eda 2 de febrero de 1976 se les unen las carreras de Contador P\u00fablico y Auditor y Administraci\u00f3n de Empresas; al no contar con la infraestructura para iniciar sus operaciones, se ubica temporalmente en el antiguo Edificio de los ferrocarrileros en la Calle de Col\u00f3n Numero 208, donde su estancia es relativamente corta, ya que en el a\u00f1o de 1977 se reubica de manera definitiva en el domicilio donde actualmente presta sus servicios, terreno donado por la empresa Industrias Qu\u00edmicas de Istmo. (IQUISA); bajo el nombre de Unidad Docente Multidisciplinaria de Ingenier\u00eda, Ciencias Qu\u00edmicas y Ciencias Administrativas. As\u00ed funcion\u00f3 hasta el a\u00f1o 1979, cuando desapareci\u00f3 la unidad y se constituyeron las facultades que agruparon a cada carrera.<\/p>\n<p>La Facultad de Comercio y Administraci\u00f3n de Empresas, empez\u00f3 a funcionar de manera independiente con un grupo para la carrera de Contador P\u00fablico y Auditor y otro para la de Licenciado en Administraci\u00f3n de Empresas ofreciendo sus servicios \u00fanicamente en el turno Vespertino.<\/p>\n<p>La poblaci\u00f3n estudiantil de esa \u00e9poca era muy escasa, debido en gran parte a que la Universidad Veracruzana no contaba con los medios de comunicaci\u00f3n suficientes que le permitieran difundir las diferentes opciones de educaci\u00f3n superior que ofrec\u00eda.<\/p>\n<p>&nbsp;<\/p>\n<p align=\"center\">NOMBRES QUE HA LLEVADO LA FACULTAD<\/p>\n<table width=\"\" cellspacing=\"5\" cellpadding=\"0\" align=\"center\">\n<tbody>\n<tr valign=\"top\" bgcolor=\"#e0f0d1\">\n<td style=\"border-color: #18529d; background-color: #18529d;\" width=\"487\">\n<h3 align=\"center\"><span style=\"color: #ffffff;\">Nombre<\/span><\/h3>\n<\/td>\n<td style=\"border-color: #18529d; background-color: #18529d;\" width=\"89\">\n<h3 align=\"center\"><span style=\"color: #ffffff;\">A\u00f1o<\/span><\/h3>\n<\/td>\n<\/tr>\n<tr valign=\"top\">\n<td style=\"border-color: #ffffff; background-color: #ffffff;\" width=\"487\">UNIDAD DOCENTE MULTIDISCIPLINARIA DE INGENIER\u00cdA, CIENCIAS QU\u00cdMICAS Y CIENCIAS ADMINISTRATIVAS<\/td>\n<td style=\"border-color: #ffffff; background-color: #ffffff;\" width=\"89\">\n<p align=\"center\">1977<\/p>\n<p align=\"center\">\n<\/td>\n<\/tr>\n<tr valign=\"top\" bgcolor=\"#f0f0f0\">\n<td style=\"border-color: #ffffff; background-color: #ffffff;\" align=\"left\" valign=\"middle\" width=\"487\">\n<p align=\"left\">FACULTAD DE COMERCIO Y ADMINISTRACI\u00d3N<\/p>\n<\/td>\n<td style=\"border-color: #ffffff; background-color: #ffffff;\" width=\"89\">\n<p align=\"center\">1980<\/p>\n<p align=\"center\">\n<\/td>\n<\/tr>\n<tr valign=\"top\">\n<td style=\"border-color: #ffffff; background-color: #ffffff;\" align=\"left\" valign=\"middle\" width=\"487\">\n<p align=\"left\">FACULTAD DE CONTADUR\u00cdA Y ADMINISTRACI\u00d3N DE EMPRESAS<\/p>\n<\/td>\n<td style=\"border-color: #ffffff; background-color: #ffffff;\" width=\"89\">\n<p align=\"center\">1990<\/p>\n<p align=\"center\">\n<\/td>\n<\/tr>\n<tr valign=\"top\" bgcolor=\"#f4f4f4\">\n<td style=\"border-color: #ffffff; background-color: #ffffff;\" align=\"left\" valign=\"middle\" width=\"487\">\n<p align=\"left\">FACULTAD DE CONTADUR\u00cdA Y ADMINISTRACI\u00d3N<\/p>\n<\/td>\n<td style=\"border-color: #ffffff; background-color: #ffffff;\" width=\"89\">\n<p align=\"center\">1991<\/p>\n<p align=\"center\">\n<\/td>\n<\/tr>\n<\/tbody>\n<\/table>\n<p>&nbsp;<\/p>\n<p>La Facultad de Contadur\u00eda y Administraci\u00f3n en su larga trayectoria en la regi\u00f3n indica en sus registros la cifra aproximada de 3062 egresados: de los cuales 1085 se graduaron de la carrera de Licenciado en Administraci\u00f3n de Empresas y 1977 como Contadores P\u00fablicos y Auditores o Licenciados en Contadur\u00eda. La totalidad de egresados titulados alcanza la suma de 1666: 522 ostentan el t\u00edtulo de Licenciado en Administraci\u00f3n de Empresas y 1144 de Contador P\u00fablico y Auditor o Licenciado en Contadur\u00eda.<\/p>\n<p>&nbsp;<\/p>\n<p align=\"center\">DIRECTORES<\/p>\n<table style=\"width: 609px; height: 259px;\" cellspacing=\"0\" cellpadding=\"0\" align=\"center\">\n<tbody>\n<tr valign=\"top\" bgcolor=\"#e0f0d1\">\n<td style=\"border-color: #18529d; background-color: #18529d;\" width=\"438\">\n<h3 align=\"center\"><span style=\"color: #ffffff;\">NOMBRE<\/span><\/h3>\n<\/td>\n<td style=\"border-color: #18529d; background-color: #18529d;\" width=\"169\">\n<h3 align=\"center\"><span style=\"color: #ffffff;\">A\u00d1O DE NOMBRAMIENTO<\/span><\/h3>\n<\/td>\n<\/tr>\n<tr>\n<td style=\"background-color: #ffffff;\" valign=\"center\" width=\"438\">L.D. JUAN ARMANDO G\u00d3MEZ CACEP<\/td>\n<td style=\"background-color: #ffffff;\" valign=\"top\" width=\"169\">\n<p align=\"center\">1976<\/p>\n<\/td>\n<\/tr>\n<tr>\n<td style=\"background-color: #ffffff;\" valign=\"center\" width=\"438\">C.P LUIS ALBERTO DE LA PAZ Z\u00da\u00d1IGA<\/td>\n<td style=\"background-color: #ffffff;\" valign=\"top\" width=\"169\">\n<p align=\"center\">1977<\/p>\n<\/td>\n<\/tr>\n<tr>\n<td style=\"background-color: #ffffff;\" valign=\"center\" width=\"438\">C.P. JOSEFINA G\u00d3NGORA ESPITIA (Q. E. P. D.) (Jefa de la carrera de C. P.)<\/td>\n<td style=\"background-color: #ffffff;\" valign=\"top\" width=\"169\">\n<p align=\"center\">1978<\/p>\n<\/td>\n<\/tr>\n<tr>\n<td style=\"background-color: #ffffff;\" valign=\"center\" width=\"438\">L.E. CONCEPCI\u00d3N GUAJARDO VILLAREAL (Jefa de la carrera de L.A.E.)<\/td>\n<td style=\"background-color: #ffffff;\" valign=\"center\" width=\"169\">\n<p align=\"center\">1978<\/p>\n<\/td>\n<\/tr>\n<tr>\n<td style=\"background-color: #ffffff;\" valign=\"center\" width=\"438\">L.A.E.\u00a0 JOS\u00c9 FRANCISCO MOROSINI CORDERO (Q.E.P.D)<\/td>\n<td style=\"background-color: #ffffff;\" valign=\"center\" width=\"169\">\n<p align=\"center\">1980<\/p>\n<\/td>\n<\/tr>\n<tr>\n<td style=\"background-color: #ffffff;\" valign=\"center\" width=\"438\">C.P. MARIA LUISA DEL CARMEN PACHECO SAGRERO<\/td>\n<td style=\"background-color: #ffffff;\" valign=\"center\" width=\"169\">\n<p align=\"center\">1981<\/p>\n<\/td>\n<\/tr>\n<tr>\n<td style=\"background-color: #ffffff;\" valign=\"center\" width=\"438\">L.A.E. TEODORA GONZ\u00c1LEZ RODR\u00cdGUEZ<\/td>\n<td style=\"background-color: #ffffff;\" valign=\"center\" width=\"169\">\n<p align=\"center\">1982<\/p>\n<\/td>\n<\/tr>\n<tr>\n<td style=\"background-color: #ffffff;\" valign=\"center\" width=\"438\">C.P. MARIA LUISA DEL CARMEN PACHECO SAGRERO<\/td>\n<td style=\"background-color: #ffffff;\" valign=\"center\" width=\"169\">\n<p align=\"center\">1982<\/p>\n<\/td>\n<\/tr>\n<tr>\n<td style=\"background-color: #ffffff;\" valign=\"center\" width=\"438\">C.P.C. y M.E. JAVIER G\u00d3MEZ L\u00d3PEZ<\/td>\n<td style=\"background-color: #ffffff;\" valign=\"center\" width=\"169\">\n<p align=\"center\">1985<\/p>\n<\/td>\n<\/tr>\n<tr>\n<td style=\"background-color: #ffffff;\" valign=\"center\" width=\"438\">L.E. ROBERTO RIVERA VARGAS<\/td>\n<td style=\"background-color: #ffffff;\" valign=\"center\" width=\"169\">\n<p align=\"center\">1988<\/p>\n<\/td>\n<\/tr>\n<tr>\n<td style=\"background-color: #ffffff;\" valign=\"center\" width=\"438\">C.P. JOSEFINA G\u00d3NGORA ESPITIA (Q. E. P. D.)<\/td>\n<td style=\"background-color: #ffffff;\" valign=\"center\" width=\"169\">\n<p align=\"center\">1988<\/p>\n<\/td>\n<\/tr>\n<tr>\n<td style=\"background-color: #ffffff;\" valign=\"center\" width=\"438\">L.A.E. CARLOS GONZ\u00c1LEZ D\u00cdAZ<\/td>\n<td style=\"background-color: #ffffff;\" valign=\"center\" width=\"169\">\n<p align=\"center\">1990<\/p>\n<\/td>\n<\/tr>\n<tr>\n<td style=\"background-color: #ffffff;\" valign=\"center\" width=\"438\">L.A.E. MIGUEL S\u00c1NCHEZ Y LARA (Q.E.P.D.)<\/td>\n<td style=\"background-color: #ffffff;\" valign=\"center\" width=\"169\">\n<p align=\"center\">1991<\/p>\n<\/td>\n<\/tr>\n<tr>\n<td style=\"background-color: #ffffff;\" valign=\"center\" width=\"438\">C.P.C., M. A. F., DR. ENRIQUE RAM\u00cdREZ NAZARIEGA<\/td>\n<td style=\"background-color: #ffffff;\" valign=\"center\" width=\"169\">\n<p align=\"center\">2000<\/p>\n<\/td>\n<\/tr>\n<tr>\n<td style=\"background-color: #ffffff;\" valign=\"center\" width=\"438\">C.P.C. Y M.I. JAVIER ARENAS WAGNER<\/td>\n<td style=\"background-color: #ffffff;\" valign=\"center\" width=\"169\">\n<p align=\"center\">2001<\/p>\n<\/td>\n<\/tr>\n<tr>\n<td style=\"background-color: #ffffff;\" valign=\"center\" width=\"438\">L.A.E.C., M.E., DR. LAURO FERN\u00c1NDEZ VIDAL (Q.E.P.D.)<\/td>\n<td style=\"background-color: #ffffff;\" valign=\"center\" width=\"169\">\n<p align=\"center\">2005<\/p>\n<\/td>\n<\/tr>\n<tr>\n<td style=\"background-color: #ffffff;\" valign=\"center\" width=\"438\">L.A.E. Y DR. JOS\u00c9 LUIS S\u00c1NCHEZ LEYVA<\/td>\n<td style=\"background-color: #ffffff;\" valign=\"center\" width=\"169\">\n<p align=\"center\">2013<\/p>\n<\/td>\n<\/tr>\n<tr>\n<td style=\"background-color: #ffffff;\">Dra. MA. TERESA DE LA LUZ SAINZ BARAJAS<\/td>\n<td style=\"background-color: #ffffff;\">\n<p align=\"center\">2018<\/p>\n<\/td>\n<\/tr>\n<tr>\n<td style=\"background-color: #ffffff;\">Dr. JOS\u00c9 ANTONIO VERGARA CAMACHO<\/td>\n<td style=\"background-color: #ffffff;\">\n<p align=\"center\">2019<\/p>\n<\/td>\n<\/tr>\n<tr>\n<td style=\"background-color: #ffffff;\">MTRA. HELENA DEL CARMEN ZAPATA LARA<\/td>\n<td style=\"background-color: #ffffff;\">\n<p align=\"center\">2022<\/p>\n<\/td>\n<\/tr>\n<\/tbody>\n<\/table>\n<p style=\"text-align: left;\" align=\"center\">La Universidad Veracruzana representa el centro cultural del Estado de Veracruz, en donde\u00a0 se conjugan la creaci\u00f3n art\u00edstica, la investigaci\u00f3n cient\u00edfica, los valores human\u00edsticos y la formaci\u00f3n acad\u00e9mica.<\/p>\n<p style=\"text-align: left;\" align=\"center\">La\u00a0 Universidad Veracruzana ha estado estrechamente ligada desde hace mas de medio siglo con la historia de Veracruz y con el progreso material y cultural de su sociedad.<\/p>\n<p>Es una instituci\u00f3n estrat\u00e9gica para afrontar al igual que el resto del pa\u00eds los grandes desaf\u00edos tecnol\u00f3gicos, cient\u00edficos, pol\u00edticos y sociales del nuevo milenio.<\/p>\n<p>A partir\u00a0 de esta VISI\u00d3N de futuro, es su responsabilidad\u00a0 desarrollar nuevas respuestas y medios ante los retos\u00a0 venideros para asegurar su vigencia en el porvenir de\u00a0 Veracruz y\u00a0 M\u00e9xico, teniendo como base los valores s\u00f3lidos que han regido y regir\u00e1n su existencia.<\/p>\n<p>Su MISI\u00d3N\u00a0 desde su fundaci\u00f3n\u00a0 en 1944 ha sido la de contribuir al desarrollo de la educaci\u00f3n superior en el Estado de Veracruz.<\/p>\n<p>Pendiente del desarrollo econ\u00f3mico\u00a0 estatal, en 1949 se funda la Facultad de Comercio y\u00a0 Administraci\u00f3n en la ciudad de Xalapa y en 1976 inicia sus actividades la Facultad de Comercio y Administraci\u00f3n en la ciudad de Coatzacoalcos como respuesta a las demandas de profesionales del\u00a0 \u00e1rea econ\u00f3mico- administrativa para que contribuyan al desenvolvimiento\u00a0 socioecon\u00f3mico de esta regi\u00f3n.<\/p>\n<p>En un\u00a0 mundo marcado por la velocidad del cambio y la competencia, donde la excelencia es una condici\u00f3n invariable de viabilidad institucional y de acceso a los mercados de trabajo, la Facultad de Contadur\u00eda y Administraci\u00f3n campus Coatzacoalcos, consciente\u00a0 de su trascendencia en el Sur del Estado de Veracruz y en estrecha vinculaci\u00f3n con su comunidad expresa su MISI\u00d3N\u00a0 y su VISI\u00d3N.<\/p>\n","protected":false},"excerpt":{"rendered":"<p>En las instituciones de educaci\u00f3n superior en nuestro pa\u00eds, es primordial que se d\u00e9 prioridad al desarrollo de la ciencia y tecnolog\u00eda y al fortalecimiento de las disciplinas relacionadas con las humanidades, las artes, el deporte y la preservaci\u00f3n de los valores culturales; de tal forma que reaccionen ante las demandas globalizadoras de su entorno [&hellip;]<\/p>\n","protected":false},"author":5,"featured_media":0,"comment_status":"closed","ping_status":"closed","sticky":false,"template":"","format":"standard","meta":{"ventana_nueva":"","tipo_url":"","url":"","extracto":"","imagen_halign":"","imagen_valign":"","bg_size":"","text_hide":"","media_url":"","tipo_media":"","video_url":"","video_pos":"","video_youtube":""},"categories":[56],"tags":[57],"_links":{"self":[{"href":"https:\/\/www.uv.mx\/coatza\/admon\/wp-json\/wp\/v2\/posts\/7"}],"collection":[{"href":"https:\/\/www.uv.mx\/coatza\/admon\/wp-json\/wp\/v2\/posts"}],"about":[{"href":"https:\/\/www.uv.mx\/coatza\/admon\/wp-json\/wp\/v2\/types\/post"}],"author":[{"embeddable":true,"href":"https:\/\/www.uv.mx\/coatza\/admon\/wp-json\/wp\/v2\/users\/5"}],"replies":[{"embeddable":true,"href":"https:\/\/www.uv.mx\/coatza\/admon\/wp-json\/wp\/v2\/comments?post=7"}],"version-history":[{"count":2,"href":"https:\/\/www.uv.mx\/coatza\/admon\/wp-json\/wp\/v2\/posts\/7\/revisions"}],"predecessor-version":[{"id":9854,"href":"https:\/\/www.uv.mx\/coatza\/admon\/wp-json\/wp\/v2\/posts\/7\/revisions\/9854"}],"wp:attachment":[{"href":"https:\/\/www.uv.mx\/coatza\/admon\/wp-json\/wp\/v2\/media?parent=7"}],"wp:term":[{"taxonomy":"category","embeddable":true,"href":"https:\/\/www.uv.mx\/coatza\/admon\/wp-json\/wp\/v2\/categories?post=7"},{"taxonomy":"post_tag","embeddable":true,"href":"https:\/\/www.uv.mx\/coatza\/admon\/wp-json\/wp\/v2\/tags?post=7"}],"curies":[{"name":"wp","href":"https:\/\/api.w.org\/{rel}","templated":true}]}}