{"id":2019,"date":"2022-08-15T18:57:44","date_gmt":"2022-08-15T23:57:44","guid":{"rendered":"https:\/\/www.uv.mx\/coatza\/medmina\/?p=2019"},"modified":"2026-06-18T11:59:57","modified_gmt":"2026-06-18T17:59:57","slug":"servicio-social","status":"publish","type":"post","link":"https:\/\/www.uv.mx\/coatza\/medmina\/sugerencias\/servicio-social\/","title":{"rendered":"Servicio Social"},"content":{"rendered":"<p><a href=\"https:\/\/www.uv.mx\/coatza\/medmina\/files\/2022\/08\/servicio-social.jpg\"><img loading=\"lazy\" decoding=\"async\" class=\"aligncenter size-full wp-image-2020\" src=\"https:\/\/www.uv.mx\/coatza\/medmina\/files\/2022\/08\/servicio-social.jpg\" alt=\"\" width=\"275\" height=\"183\" srcset=\"https:\/\/www.uv.mx\/coatza\/medmina\/files\/2022\/08\/servicio-social.jpg 275w, https:\/\/www.uv.mx\/coatza\/medmina\/files\/2022\/08\/servicio-social-83x55.jpg 83w\" sizes=\"auto, (max-width: 275px) 100vw, 275px\" \/><\/a><\/p>\n<p>&nbsp;<\/p>\n<table style=\"border-collapse: collapse;width: 55.6926%;height: 111px\" border=\"1\">\n<tbody>\n<tr style=\"height: 24px\">\n<td style=\"width: 70.1823%;text-align: left;height: 24px\">Instrumentos de Supervisi\u00f3n<\/td>\n<td style=\"width: 29.8177%;height: 24px\"><a href=\"https:\/\/www.uv.mx\/coatza\/medmina\/files\/2022\/08\/INSTRUMENTOS-DE-SUPERVISION.docx\">ver archivo<\/a><\/td>\n<\/tr>\n<tr style=\"height: 24px\">\n<td style=\"width: 70.1823%;height: 24px\">Procedimiento de solicitud y asignaci\u00f3n de plazas de servicio social<\/td>\n<td style=\"width: 29.8177%;height: 24px\"><a href=\"https:\/\/www.uv.mx\/coatza\/medmina\/files\/2022\/08\/Proc-admitivo-solicitud-y-asignacion-de-plazas-de-servicio-.pdf\">ver archivo<\/a><\/td>\n<\/tr>\n<tr style=\"height: 24px\">\n<td style=\"width: 70.1823%;height: 24px\">Proceso de tr\u00e1mite de plazas especiales<\/td>\n<td style=\"width: 29.8177%;height: 24px\"><a href=\"https:\/\/www.uv.mx\/coatza\/medmina\/files\/2022\/08\/Proceso-de-tramite-de-plazas-especiales.pdf\">ver archivo<\/a><\/td>\n<\/tr>\n<tr style=\"height: 24px\">\n<td style=\"width: 70.1823%;height: 24px\">Programa de estudios de telemedicina<\/td>\n<td style=\"width: 29.8177%;height: 24px\"><a href=\"https:\/\/www.uv.mx\/coatza\/medmina\/files\/2022\/08\/PROGRAMA-DE-ESTUDIOS-TELEMEDICINA.docx\">ver archivo<\/a><\/td>\n<\/tr>\n<\/tbody>\n<\/table>\n<p><strong>Introducci\u00f3n<\/strong><\/p>\n<p>El servicio social de los pasantes de medicina en nuestro pa\u00eds, ha sido uno de los hechos hist\u00f3ricos trascendentes que ha marcado uno de los logros m\u00e1s significativos de las Instituciones Educativas y de Salud en la b\u00fasqueda por encontrar caminos que permitan adecuar la formaci\u00f3n de recursos humanos en medicina, a las necesidades y expectativas de salud de la comunidad mexicana.<\/p>\n<p>La pr\u00e1ctica del servicio social se inici\u00f3 en M\u00e9xico a partir de 1936 como consecuencia de los hechos sociales que caracterizaron al pa\u00eds en 1910 y que habr\u00edan de modificar la estructura pol\u00edtica y social de nuestra sociedad y que dar\u00edan paso, posteriormente, a la autonom\u00eda universitaria. Como resultado de este \u00faltimo, los estudiantes universitarios solicitaron del entonces presidente de la Rep\u00fablica, que se implantara al servicio social obligatorio como requisito indispensable para obtener el t\u00edtulo profesional. Se dieron as\u00ed, las primeras bases en un camino que actualmente se conoce como Integraci\u00f3n-Docencia-Servicio.<\/p>\n<p><strong>Justificaci\u00f3n<\/strong><\/p>\n<p>El Comit\u00e9 de Ense\u00f1anza de Pregrado y Servicio Social, a trav\u00e9s del intercambio de experiencias y del an\u00e1lisis de situaci\u00f3n que predomina actualmente en materia de servicio social, encontr\u00f3 que la carencia de un programa acad\u00e9mico uniforme con car\u00e1cter normativo de servicio social que responda a las expectativas, tanto de las escuelas como los servicios, han ocasionado, entre otras cosas, que el pasante que atraviesa por esta etapa de su formaci\u00f3n profesional, realice una pr\u00e1ctica cuyas caracter\u00edsticas principales son: variedad de actividades, desempe\u00f1o de funciones con base en la demanda individual y no en programas estatales, jurisdiccionales, municipales y locales donde est\u00e9n consideradas las necesidades reales de la poblaci\u00f3n en materia de salud; escaso trabajo en equipo, duplicidad de algunas actividades, discontinuidad en las acciones de salud emprendidas en las comunidades, inexistencia de un mecanismo uniforme para la recolectar, procesar y analizar la informaci\u00f3n estad\u00edstica; dificultad para supervisar y evaluar, tanto el desempe\u00f1o profesional del pasante como la eficacia y la eficiencia del servicio.<\/p>\n<p><strong>Asesor\u00eda<\/strong><\/p>\n<p>La asesor\u00eda es una actividad a trav\u00e9s de la cual se brinda apoyo a los pasantes en auxilio al desarrollo de actividades administrativas, acad\u00e9micas y \u00e9ticas inherentes a su estatus. Est\u00e1 basada en asesor\u00edas que resultan de las necesidades de tipo acad\u00e9mico o administrativo del estudiante y el consejo o gu\u00eda que le pude otorgar el profesor seg\u00fan el dominio de la disciplina que ejerce, el cargo que desempe\u00f1e en la facultad o la confianza que proyecte al estudiante en cuesti\u00f3n.<\/p>\n<p>En mayor porcentaje la solicitud de asesor\u00eda hacia los pasantes en servicio social es de orden administrativo, o bien manifestando la falta de recursos en su centro de adscripci\u00f3n y reportando irregularidades en el mismo.<\/p>\n<p><strong>Supervisi\u00f3n y Asesor\u00eda<\/strong><\/p>\n<p><a href=\"https:\/\/www.uv.mx\/coatza\/medmina\/files\/2022\/08\/ss.png\"><img loading=\"lazy\" decoding=\"async\" class=\"size-medium wp-image-2171 alignleft\" src=\"https:\/\/www.uv.mx\/coatza\/medmina\/files\/2022\/08\/ss-300x209.png\" alt=\"\" width=\"300\" height=\"209\" srcset=\"https:\/\/www.uv.mx\/coatza\/medmina\/files\/2022\/08\/ss-300x209.png 300w, https:\/\/www.uv.mx\/coatza\/medmina\/files\/2022\/08\/ss-1024x714.png 1024w, https:\/\/www.uv.mx\/coatza\/medmina\/files\/2022\/08\/ss-768x535.png 768w, https:\/\/www.uv.mx\/coatza\/medmina\/files\/2022\/08\/ss.png 1202w\" sizes=\"auto, (max-width: 300px) 100vw, 300px\" \/><\/a><\/p>\n<p>&nbsp;<\/p>\n<p>&nbsp;<\/p>\n<p>&nbsp;<\/p>\n<p>&nbsp;<\/p>\n<p>&nbsp;<\/p>\n<p>&nbsp;<\/p>\n<h3 style=\"text-align: center\"><span style=\"color: #000080\"><strong>Servicio Social en Investigaci\u00f3n<\/strong><\/span><\/h3>\n<table style=\"border-collapse: collapse;width: 100%\" border=\"1\">\n<tbody>\n<tr>\n<td style=\"width: 33.3333%\" rowspan=\"3\"><strong>Programa de Servicio Social en Investigaci\u00f3n en Salud<\/strong><\/td>\n<td style=\"width: 33.3333%\"><a href=\"https:\/\/www.uv.mx\/coatza\/medmina\/files\/2022\/08\/1-1.jpg\"><img loading=\"lazy\" decoding=\"async\" class=\"aligncenter size-medium wp-image-3140\" src=\"https:\/\/www.uv.mx\/coatza\/medmina\/files\/2022\/08\/1-1-240x300.jpg\" alt=\"\" width=\"240\" height=\"300\" srcset=\"https:\/\/www.uv.mx\/coatza\/medmina\/files\/2022\/08\/1-1-240x300.jpg 240w, https:\/\/www.uv.mx\/coatza\/medmina\/files\/2022\/08\/1-1-819x1024.jpg 819w, https:\/\/www.uv.mx\/coatza\/medmina\/files\/2022\/08\/1-1-768x960.jpg 768w, https:\/\/www.uv.mx\/coatza\/medmina\/files\/2022\/08\/1-1.jpg 1080w\" sizes=\"auto, (max-width: 240px) 100vw, 240px\" \/><\/a><\/td>\n<\/tr>\n<tr>\n<td style=\"width: 33.3333%\"><a href=\"https:\/\/www.uv.mx\/coatza\/medmina\/files\/2022\/08\/2-1.jpg\"><img loading=\"lazy\" decoding=\"async\" class=\"aligncenter size-medium wp-image-3141\" src=\"https:\/\/www.uv.mx\/coatza\/medmina\/files\/2022\/08\/2-1-240x300.jpg\" alt=\"\" width=\"240\" height=\"300\" srcset=\"https:\/\/www.uv.mx\/coatza\/medmina\/files\/2022\/08\/2-1-240x300.jpg 240w, https:\/\/www.uv.mx\/coatza\/medmina\/files\/2022\/08\/2-1-819x1024.jpg 819w, https:\/\/www.uv.mx\/coatza\/medmina\/files\/2022\/08\/2-1-768x960.jpg 768w, https:\/\/www.uv.mx\/coatza\/medmina\/files\/2022\/08\/2-1.jpg 1080w\" sizes=\"auto, (max-width: 240px) 100vw, 240px\" \/><\/a><\/td>\n<\/tr>\n<tr>\n<td style=\"width: 33.3333%\"><a href=\"https:\/\/www.uv.mx\/coatza\/medmina\/files\/2022\/08\/3.jpg\"><img loading=\"lazy\" decoding=\"async\" class=\"aligncenter size-medium wp-image-3142\" src=\"https:\/\/www.uv.mx\/coatza\/medmina\/files\/2022\/08\/3-240x300.jpg\" alt=\"\" width=\"240\" height=\"300\" srcset=\"https:\/\/www.uv.mx\/coatza\/medmina\/files\/2022\/08\/3-240x300.jpg 240w, https:\/\/www.uv.mx\/coatza\/medmina\/files\/2022\/08\/3-819x1024.jpg 819w, https:\/\/www.uv.mx\/coatza\/medmina\/files\/2022\/08\/3-768x960.jpg 768w, https:\/\/www.uv.mx\/coatza\/medmina\/files\/2022\/08\/3.jpg 1080w\" sizes=\"auto, (max-width: 240px) 100vw, 240px\" \/><\/a><\/td>\n<\/tr>\n<tr>\n<td style=\"width: 33.3333%\"><strong>Convocatoria<\/strong><\/td>\n<td style=\"width: 33.3333%\"><a href=\"https:\/\/uvmx-my.sharepoint.com\/:b:\/g\/personal\/coordssmedmin_uv_mx\/ERE14fBxTY5Pg5foAwkfSIYB8-5q3NtLJdQUA0O0NX54fw?e=K1XrAc\">https:\/\/uvmx-my.sharepoint.com\/:b:\/g\/personal\/coordssmedmin_uv_mx\/ERE14fBxTY5Pg5foAwkfSIYB8-5q3NtLJdQUA0O0NX54fw?e=K1XrAc<\/a><\/td>\n<\/tr>\n<\/tbody>\n<\/table>\n<p>&nbsp;<\/p>\n<p style=\"text-align: center\"><strong>PROCESO DE GESTI\u00d3N DE PLAZAS DE SERVICIO SOCIAL<\/strong><\/p>\n<p style=\"text-align: center\"><strong>Aviso Importante sobre el Proceso de Inscripci\u00f3n al Servicio Social<\/strong><\/p>\n<p>Se informa a las y los estudiantes de la Facultad de Medicina que el <strong>proceso de inscripci\u00f3n al Servicio Social dar\u00e1 inicio el d\u00eda 24 de marzo de 2026<\/strong>.<\/p>\n<p>Es responsabilidad de cada estudiante mantenerse atento a la informaci\u00f3n, avisos e indicaciones que sean emitidos por la Facultad durante el desarrollo de este proceso, as\u00ed como cumplir en tiempo y forma con todas las acciones, requisitos y tr\u00e1mites que les sean solicitados dentro de las fechas establecidas.<\/p>\n<p>Se enfatiza que el incumplimiento de las actividades requeridas o la falta de atenci\u00f3n a la informaci\u00f3n proporcionada podr\u00e1 ocasionar que el estudiante <strong>no sea considerado dentro del proceso de inscripci\u00f3n al Servicio Social<\/strong>, siendo responsabilidad exclusiva del interesado mantenerse informado y atender oportunamente cada una de las etapas correspondientes.<\/p>\n<p>Por lo anterior, se exhorta a todas y todos los estudiantes a dar seguimiento puntual a los medios oficiales de comunicaci\u00f3n de la Facultad y a cumplir cabalmente con las disposiciones establecidas para garantizar su participaci\u00f3n en el proceso.<\/p>\n<p>Ante cualquier duda o informaci\u00f3n favor de contactarse al siguiente correo:<\/p>\n<p>coordssmedmin@uv.mx<\/p>\n<table style=\"height: 752px\" width=\"803\">\n<tbody>\n<tr style=\"height: 43px\">\n<td style=\"height: 43px;width: 783px\" colspan=\"3\">\n<p style=\"text-align: center\"><strong>PROCESOS DE INSCRIPCI\u00d3N A SERVICIO SOCIAL<\/strong><\/p>\n<\/td>\n<\/tr>\n<tr style=\"height: 55px\">\n<td style=\"height: 55px;width: 210px\"><strong>ACCI\u00d3N<\/strong><\/td>\n<td style=\"height: 55px;width: 169px\"><strong>FECHA L\u00cdMITE<\/strong><\/td>\n<td style=\"height: 55px;width: 404px\"><strong>ANEXO<\/strong><\/td>\n<\/tr>\n<tr style=\"height: 103px\">\n<td style=\"height: 103px;width: 210px\"><strong><em>UNIRSE AL GRUPO DE DIFUSI\u00d3N DE WHATSAPP<\/em><\/strong><\/td>\n<td style=\"height: 103px;width: 169px\">24\/MARZO\/2026-07\/ABRIL\/2026<\/td>\n<td style=\"height: 103px;width: 404px\">https:\/\/chat.whatsapp.com\/GBEN0KqrsVy2xPgXFp0VeD<\/td>\n<\/tr>\n<tr style=\"height: 127px\">\n<td style=\"height: 127px;width: 210px\"><strong><em>RESPONDER ENCUESTA CON DATOS SOLICITADOS<\/em><\/strong><\/td>\n<td style=\"height: 127px;width: 169px\">07\/ABRIL\/2026 A LAS 20:00<\/td>\n<td style=\"height: 127px;width: 404px\"><a href=\"https:\/\/forms.gle\/jMH95ZMx3Z4VSapP6\">https:\/\/forms.gle\/jMH95ZMx3Z4VSapP6<\/a><\/td>\n<\/tr>\n<tr style=\"height: 151px\">\n<td style=\"height: 151px;width: 210px\"><strong><em>\u00a0EN DIRECCI\u00d3N DE LA FACULTAD RECOGER CARTA PASANTE Y CARDEX<\/em><\/strong><\/td>\n<td style=\"height: 151px;width: 169px\">29\/ABRIL\/2026-08\/MAYO\/2026<\/td>\n<td style=\"height: 151px;width: 404px\">&nbsp;<\/td>\n<\/tr>\n<tr style=\"height: 79px\">\n<td style=\"height: 79px;width: 210px\"><strong><em>REGISTRO A LA PLATAFORMA SIASS<\/em><\/strong><\/td>\n<td style=\"height: 79px;width: 169px\">01\/JUNIO\/2026-19\/JUNIO\/2026<\/td>\n<td style=\"height: 79px;width: 404px\">https:\/\/dgces.salud.gob.mx\/siass\/index.php<\/td>\n<\/tr>\n<\/tbody>\n<\/table>\n<p>&nbsp;<\/p>\n<p><strong>Coordinador: Dr. Blas David Santana P\u00e9rez bsantana@uv.mx<\/strong><\/p>\n<p>&nbsp;<\/p>\n","protected":false},"excerpt":{"rendered":"<p>&nbsp; Instrumentos de Supervisi\u00f3n ver archivo Procedimiento de solicitud y asignaci\u00f3n de plazas de servicio social ver archivo Proceso de tr\u00e1mite de plazas especiales ver archivo Programa de estudios de telemedicina ver archivo Introducci\u00f3n El servicio social de los pasantes de medicina en nuestro pa\u00eds, ha sido uno de los hechos hist\u00f3ricos trascendentes que ha [&hellip;]<\/p>\n","protected":false},"author":7,"featured_media":0,"comment_status":"closed","ping_status":"closed","sticky":false,"template":"","format":"standard","meta":{"ventana_nueva":"","tipo_url":"","url":"","extracto":"","imagen_halign":"","imagen_valign":"","bg_size":"","text_hide":"","media_url":"","tipo_media":"","video_url":"","video_pos":"","video_youtube":"","footnotes":""},"categories":[1],"tags":[],"class_list":["post-2019","post","type-post","status-publish","format-standard","hentry","category-sugerencias"],"_links":{"self":[{"href":"https:\/\/www.uv.mx\/coatza\/medmina\/wp-json\/wp\/v2\/posts\/2019","targetHints":{"allow":["GET"]}}],"collection":[{"href":"https:\/\/www.uv.mx\/coatza\/medmina\/wp-json\/wp\/v2\/posts"}],"about":[{"href":"https:\/\/www.uv.mx\/coatza\/medmina\/wp-json\/wp\/v2\/types\/post"}],"author":[{"embeddable":true,"href":"https:\/\/www.uv.mx\/coatza\/medmina\/wp-json\/wp\/v2\/users\/7"}],"replies":[{"embeddable":true,"href":"https:\/\/www.uv.mx\/coatza\/medmina\/wp-json\/wp\/v2\/comments?post=2019"}],"version-history":[{"count":3,"href":"https:\/\/www.uv.mx\/coatza\/medmina\/wp-json\/wp\/v2\/posts\/2019\/revisions"}],"predecessor-version":[{"id":4940,"href":"https:\/\/www.uv.mx\/coatza\/medmina\/wp-json\/wp\/v2\/posts\/2019\/revisions\/4940"}],"wp:attachment":[{"href":"https:\/\/www.uv.mx\/coatza\/medmina\/wp-json\/wp\/v2\/media?parent=2019"}],"wp:term":[{"taxonomy":"category","embeddable":true,"href":"https:\/\/www.uv.mx\/coatza\/medmina\/wp-json\/wp\/v2\/categories?post=2019"},{"taxonomy":"post_tag","embeddable":true,"href":"https:\/\/www.uv.mx\/coatza\/medmina\/wp-json\/wp\/v2\/tags?post=2019"}],"curies":[{"name":"wp","href":"https:\/\/api.w.org\/{rel}","templated":true}]}}