{"id":3076,"date":"2024-04-09T14:16:55","date_gmt":"2024-04-09T19:16:55","guid":{"rendered":"https:\/\/www.uv.mx\/coatza\/medmina\/?p=3076"},"modified":"2025-04-11T19:49:25","modified_gmt":"2025-04-12T00:49:25","slug":"coordinacion-de-investigacion","status":"publish","type":"post","link":"https:\/\/www.uv.mx\/coatza\/medmina\/sugerencias\/coordinacion-de-investigacion\/","title":{"rendered":"Coordinaci\u00f3n de investigaci\u00f3n"},"content":{"rendered":"<p>&nbsp;<\/p>\n<table style=\"border-collapse: collapse;width: 100%\" border=\"1\">\n<tbody>\n<tr style=\"height: 300px\">\n<td style=\"width: 50%;height: 300px\">\n<h3><span style=\"color: #000080\"><span data-olk-copy-source=\"MessageBody\">Cronograma de sesiones del comit\u00e9 de \u00e9tica en Investigaci\u00f3n<\/span><\/span><\/h3>\n<\/td>\n<td style=\"width: 50%;height: 300px\"><a href=\"https:\/\/www.uv.mx\/coatza\/medmina\/files\/2024\/04\/Cronograma-comite-de-etica.jpg\"><img loading=\"lazy\" decoding=\"async\" class=\"aligncenter size-medium wp-image-3691\" src=\"https:\/\/www.uv.mx\/coatza\/medmina\/files\/2024\/04\/Cronograma-comite-de-etica-300x300.jpg\" alt=\"\" width=\"300\" height=\"300\" srcset=\"https:\/\/www.uv.mx\/coatza\/medmina\/files\/2024\/04\/Cronograma-comite-de-etica-300x300.jpg 300w, https:\/\/www.uv.mx\/coatza\/medmina\/files\/2024\/04\/Cronograma-comite-de-etica-1024x1024.jpg 1024w, https:\/\/www.uv.mx\/coatza\/medmina\/files\/2024\/04\/Cronograma-comite-de-etica-150x150.jpg 150w, https:\/\/www.uv.mx\/coatza\/medmina\/files\/2024\/04\/Cronograma-comite-de-etica-768x768.jpg 768w, https:\/\/www.uv.mx\/coatza\/medmina\/files\/2024\/04\/Cronograma-comite-de-etica.jpg 1080w\" sizes=\"auto, (max-width: 300px) 100vw, 300px\" \/><\/a><\/td>\n<\/tr>\n<\/tbody>\n<\/table>\n<h2 style=\"text-align: center\"><span style=\"color: #333399\">Publicaciones<\/span><\/h2>\n<table>\n<tbody>\n<tr>\n<td width=\"296\"><strong>T\u00edtulo<\/strong><\/td>\n<td width=\"164\"><strong>A\u00f1o<\/strong><\/td>\n<td width=\"243\"><strong>Revista<\/strong><\/td>\n<\/tr>\n<tr>\n<td width=\"296\">\n<p>Effectiveness evaluation of online Mindfulness<\/p>\n<p>in mental health and alcohol consumption<\/p>\n<p>in medical students during the COVID-19 pandemic<\/td>\n<td width=\"164\"><strong>2023<\/strong><\/td>\n<td width=\"243\">\n<p>Revista Salud Mental<\/p>\n<p><a href=\"https:\/\/www.uv.mx\/coatza\/medmina\/files\/2024\/04\/German-Ponciano-et-al-2023.pdf\">ver articulo<\/a><\/td>\n<\/tr>\n<tr>\n<td width=\"296\">\n<p>Pharmacoresistance<\/p>\n<p>in Epilepsy<\/td>\n<td width=\"164\"><strong>2023<\/strong><\/td>\n<td width=\"243\">\n<p>Springer<\/p>\n<p><a href=\"https:\/\/www.uv.mx\/coatza\/medmina\/files\/2024\/04\/Medel-Matus-et-al.-2023.pdf\">ver articulo<\/a><\/td>\n<\/tr>\n<tr>\n<td width=\"296\">\n<p>La Reactancia Psicol\u00f3gica modifica la percepci\u00f3n y adherencia a las intervenciones en los estudiantes<\/p>\n<p>de medicina<\/td>\n<td width=\"164\"><strong>2023<\/strong><\/td>\n<td width=\"243\">\n<p>Revista Boletin Redipe<\/p>\n<p><a href=\"https:\/\/www.uv.mx\/coatza\/medmina\/files\/2024\/04\/Puig-Lagunes-et-al-2023a.pdf\">ver articulo<\/a><\/td>\n<\/tr>\n<tr>\n<td width=\"296\">Relaci\u00f3n entre abuso de alcohol y sustancias psicoactivas en estudiantes de secundaria mexicanos<\/td>\n<td width=\"164\"><strong>2023<\/strong><\/td>\n<td width=\"243\">\n<p>Journal Health NPEPS<\/p>\n<p><a href=\"https:\/\/www.uv.mx\/coatza\/medmina\/files\/2024\/04\/Puig-Lagunes-et-al-2023c.pdf\">ver articulo<\/a><\/td>\n<\/tr>\n<tr>\n<td width=\"296\">\n<p>Resilience, emotions, and suicidal ideation in Mexican adolescents during COVID-19 pandemic: risk factors and<\/p>\n<p>protective mechanisms<\/td>\n<td width=\"164\"><strong>2024<\/strong><\/td>\n<td width=\"243\">\n<p>Frontiers in Psychiatry<\/p>\n<p><a href=\"https:\/\/www.uv.mx\/coatza\/medmina\/files\/2024\/04\/Puig-Lagunes-et-al-2024.pdf\">ver articulo<\/a><\/td>\n<\/tr>\n<tr>\n<td width=\"296\">Disminuci\u00f3n de la inmunorreactividad a la subunidad \u03b22 del receptor GABBAA en un modelo de autismo en ratas<\/td>\n<td width=\"164\"><strong>2024<\/strong><\/td>\n<td width=\"243\">\n<p>Archivos de Neurociencias<\/p>\n<p><a href=\"https:\/\/www.uv.mx\/coatza\/medmina\/files\/2024\/04\/Puig-Lagunes-et-al-2024b2.pdf\">ver articulo<\/a><\/td>\n<\/tr>\n<tr>\n<td width=\"296\">\n<p>Resilience as a Protective Factor against Alcohol Use<\/p>\n<p>and Anxiety in Adolescents during the Pandemic<\/td>\n<td width=\"164\"><strong>2025<\/strong><\/td>\n<td width=\"243\">\n<p>Revista Salud Mental<\/p>\n<p><a href=\"https:\/\/www.uv.mx\/coatza\/medmina\/files\/2024\/04\/Puig-Lagunes-et-al-2025.pdf\">ver articulo<\/a><\/td>\n<\/tr>\n<\/tbody>\n<\/table>\n<table>\n<tbody>\n<tr>\n<td width=\"294\">Emotional intelligence and burnout in medical students<\/td>\n<td width=\"164\"><strong>2024<\/strong><\/td>\n<td width=\"243\">\n<p>Emotional intelligence and burnout in medical students<\/p>\n<p><a href=\"https:\/\/www.uv.mx\/coatza\/medmina\/files\/2024\/04\/Tolentino-Ricoy-et-al-2024.pdf\">Tolentino-Ricoy et al 2024<\/a><\/td>\n<\/tr>\n<tr>\n<td><span data-olk-copy-source=\"MessageBody\">\u201cImpacto de tutor\u00edas acad\u00e9micas sobre rendimiento escolar, permanencia y egreso en estudiantes de medicina\u201d<\/span><\/td>\n<td><strong>2025<\/strong><\/td>\n<td>\n<p><span data-olk-copy-source=\"MessageBody\">Autores: Mare Citlaly Lugardo Gonz\u00e1lez, Darwin Jes\u00fas Ar\u00e9valo Natar\u00e9n, Yared Sarai Velasco G\u00f3mez<\/span><\/p>\n<p><a href=\"https:\/\/espacioimasd.unach.mx\/index.php\/Inicio\/article\/view\/461\/1735\">Vista de Impacto de tutor\u00edas acad\u00e9micas sobre rendimiento escolar, permanencia y egreso en estudiantes de medicina<\/a><\/p>\n<p>&nbsp;<\/td>\n<\/tr>\n<\/tbody>\n<\/table>\n<p>&nbsp;<\/p>\n<p>&nbsp;<\/p>\n<p><a href=\"https:\/\/www.uv.mx\/coatza\/medmina\/files\/2023\/10\/logo-lis.png\"><img loading=\"lazy\" decoding=\"async\" class=\"aligncenter size-medium wp-image-2869\" src=\"https:\/\/www.uv.mx\/coatza\/medmina\/files\/2023\/10\/logo-lis-300x225.png\" alt=\"\" width=\"300\" height=\"225\" srcset=\"https:\/\/www.uv.mx\/coatza\/medmina\/files\/2023\/10\/logo-lis-300x225.png 300w, https:\/\/www.uv.mx\/coatza\/medmina\/files\/2023\/10\/logo-lis-768x576.png 768w, https:\/\/www.uv.mx\/coatza\/medmina\/files\/2023\/10\/logo-lis.png 1024w\" sizes=\"auto, (max-width: 300px) 100vw, 300px\" \/><\/a><\/p>\n","protected":false},"excerpt":{"rendered":"<p>&nbsp; Cronograma de sesiones del comit\u00e9 de \u00e9tica en Investigaci\u00f3n Publicaciones T\u00edtulo A\u00f1o Revista Effectiveness evaluation of online Mindfulness in mental health and alcohol consumption in medical students during the COVID-19 pandemic 2023 Revista Salud Mental ver articulo Pharmacoresistance in Epilepsy 2023 Springer ver articulo La Reactancia Psicol\u00f3gica modifica la percepci\u00f3n y adherencia a las [&hellip;]<\/p>\n","protected":false},"author":7,"featured_media":0,"comment_status":"closed","ping_status":"closed","sticky":false,"template":"","format":"standard","meta":{"ventana_nueva":"","tipo_url":"","url":"","extracto":"","imagen_halign":"","imagen_valign":"","bg_size":"","text_hide":"","media_url":"","tipo_media":"","video_url":"","video_pos":"","video_youtube":"","footnotes":""},"categories":[1],"tags":[],"class_list":["post-3076","post","type-post","status-publish","format-standard","hentry","category-sugerencias"],"_links":{"self":[{"href":"https:\/\/www.uv.mx\/coatza\/medmina\/wp-json\/wp\/v2\/posts\/3076","targetHints":{"allow":["GET"]}}],"collection":[{"href":"https:\/\/www.uv.mx\/coatza\/medmina\/wp-json\/wp\/v2\/posts"}],"about":[{"href":"https:\/\/www.uv.mx\/coatza\/medmina\/wp-json\/wp\/v2\/types\/post"}],"author":[{"embeddable":true,"href":"https:\/\/www.uv.mx\/coatza\/medmina\/wp-json\/wp\/v2\/users\/7"}],"replies":[{"embeddable":true,"href":"https:\/\/www.uv.mx\/coatza\/medmina\/wp-json\/wp\/v2\/comments?post=3076"}],"version-history":[{"count":2,"href":"https:\/\/www.uv.mx\/coatza\/medmina\/wp-json\/wp\/v2\/posts\/3076\/revisions"}],"predecessor-version":[{"id":4406,"href":"https:\/\/www.uv.mx\/coatza\/medmina\/wp-json\/wp\/v2\/posts\/3076\/revisions\/4406"}],"wp:attachment":[{"href":"https:\/\/www.uv.mx\/coatza\/medmina\/wp-json\/wp\/v2\/media?parent=3076"}],"wp:term":[{"taxonomy":"category","embeddable":true,"href":"https:\/\/www.uv.mx\/coatza\/medmina\/wp-json\/wp\/v2\/categories?post=3076"},{"taxonomy":"post_tag","embeddable":true,"href":"https:\/\/www.uv.mx\/coatza\/medmina\/wp-json\/wp\/v2\/tags?post=3076"}],"curies":[{"name":"wp","href":"https:\/\/api.w.org\/{rel}","templated":true}]}}