{"id":51,"date":"2012-10-11T12:36:03","date_gmt":"2012-10-11T17:36:03","guid":{"rendered":"https:\/\/www.uv.mx\/coatza\/medmina\/?p=51"},"modified":"2026-02-25T11:23:43","modified_gmt":"2026-02-25T17:23:43","slug":"consejo-tecnico","status":"publish","type":"post","link":"https:\/\/www.uv.mx\/coatza\/medmina\/cuerpos-colegiados\/consejo-tecnico\/","title":{"rendered":"Consejo T\u00e9cnico"},"content":{"rendered":"<p>&nbsp;<\/p>\n<p style=\"text-align: center\"><a href=\"https:\/\/www.uv.mx\/coatza\/medmina\/files\/2012\/10\/Consejo-Tecnico.png\"><img loading=\"lazy\" decoding=\"async\" class=\"aligncenter wp-image-3618\" src=\"https:\/\/www.uv.mx\/coatza\/medmina\/files\/2012\/10\/Consejo-Tecnico-245x300.png\" alt=\"\" width=\"353\" height=\"432\" srcset=\"https:\/\/www.uv.mx\/coatza\/medmina\/files\/2012\/10\/Consejo-Tecnico-245x300.png 245w, https:\/\/www.uv.mx\/coatza\/medmina\/files\/2012\/10\/Consejo-Tecnico-838x1024.png 838w, https:\/\/www.uv.mx\/coatza\/medmina\/files\/2012\/10\/Consejo-Tecnico-768x939.png 768w, https:\/\/www.uv.mx\/coatza\/medmina\/files\/2012\/10\/Consejo-Tecnico.png 1080w\" sizes=\"auto, (max-width: 353px) 100vw, 353px\" \/><\/a><\/p>\n<p><strong>Consejeros Titulares<\/strong><\/p>\n<div>\n<table style=\"width: 65%;height: 410px\" cellspacing=\"0\" cellpadding=\"0\">\n<tbody>\n<tr style=\"height: 56px\">\n<td style=\"width: 20px;height: 56px\">\n<p align=\"center\"><img loading=\"lazy\" decoding=\"async\" src=\"https:\/\/www.uv.mx\/medmina\/cuerpos\/images\/clip_image001.gif\" alt=\"\" width=\"8\" height=\"8\" \/><\/p>\n<\/td>\n<td style=\"width: 510px;height: 56px\">Dra. Andrea Isabel Torres Zugaide<\/td>\n<\/tr>\n<tr style=\"height: 48px\">\n<td style=\"width: 20px;height: 48px\"><\/td>\n<td style=\"width: 510px;height: 48px\">Directora<br \/>\nCorreo electr\u00f3nico: <a href=\"mailto:andretorres@uv.mx\">andretorres@uv.mx<\/a><\/td>\n<\/tr>\n<tr style=\"height: 56px\">\n<td style=\"width: 20px;height: 56px\">\n<p align=\"center\"><img loading=\"lazy\" decoding=\"async\" src=\"https:\/\/www.uv.mx\/medmina\/cuerpos\/images\/clip_image001_000.gif\" alt=\"\" width=\"8\" height=\"8\" \/><\/p>\n<\/td>\n<td style=\"width: 510px;height: 56px\">Dra. Valeria Sald\u00edvar Rodr\u00edguez<\/td>\n<\/tr>\n<tr style=\"height: 48px\">\n<td style=\"width: 20px;height: 48px\"><\/td>\n<td style=\"width: 510px;height: 48px\">Secretaria de Facultad<br \/>\nCorreo electr\u00f3nico: <a href=\"mailto:vsaldivar@uv.mx\">vsaldivar@uv.mx<\/a><\/td>\n<\/tr>\n<tr style=\"height: 56px\">\n<td style=\"width: 20px;height: 56px\">\n<p align=\"center\"><img loading=\"lazy\" decoding=\"async\" src=\"https:\/\/www.uv.mx\/medmina\/cuerpos\/images\/clip_image001_001.gif\" alt=\"\" width=\"8\" height=\"8\" \/><\/p>\n<\/td>\n<td style=\"width: 510px;height: 56px\">Dra. Sof\u00eda del Carmen Uribe Cruz<\/td>\n<\/tr>\n<tr style=\"height: 48px\">\n<td style=\"width: 20px;height: 48px\"><\/td>\n<td style=\"width: 510px;height: 48px\">Consejera Maestra<br \/>\nCorreo electr\u00f3nico: <a href=\"mailto:yvelasco@uv.mx\">suribe@uv.mx<\/a><\/td>\n<\/tr>\n<tr style=\"height: 56px\">\n<td style=\"width: 20px;height: 56px\">\n<p align=\"center\"><img loading=\"lazy\" decoding=\"async\" src=\"https:\/\/www.uv.mx\/medmina\/cuerpos\/images\/clip_image001_003.gif\" alt=\"\" width=\"8\" height=\"8\" \/><\/p>\n<\/td>\n<td style=\"width: 510px;height: 56px\">\u00a0Dr. Oscar Armando Hern\u00e1ndez Mart\u00ednez<\/td>\n<\/tr>\n<tr style=\"height: 24px\">\n<td style=\"width: 20px;height: 24px\"><\/td>\n<td style=\"width: 510px;height: 24px\">\u00a0Correo electr\u00f3nico: <a href=\"mailto:yvelasco@uv.mx\">oscarhernandez@uv.mx<\/a><\/td>\n<\/tr>\n<tr style=\"height: 45px\">\n<td style=\"width: 20px;height: 45px\"><\/td>\n<td style=\"width: 510px;height: 45px\">Mtra. M\u00f3nica Hern\u00e1ndez Guapillo<\/td>\n<\/tr>\n<tr style=\"height: 24px\">\n<td style=\"width: 20px;height: 24px\"><\/td>\n<td style=\"width: 510px;height: 24px\">Correo electr\u00f3nico: <a href=\"mailto:mohernandez@uv.mx\">mohernandez@uv.mx<\/a><\/td>\n<\/tr>\n<tr style=\"height: 51px\">\n<td style=\"width: 20px;height: 51px\"><\/td>\n<td style=\"width: 510px;height: 51px\">Dr. Leoncio Miguel Rodr\u00edguez Guzm\u00e1n<\/td>\n<\/tr>\n<tr style=\"height: 24px\">\n<td style=\"width: 20px;height: 24px\"><\/td>\n<td style=\"width: 510px;height: 24px\">Correo electr\u00f3nico: <a href=\"mailto:leorodriguez@uv.mx\">leorodriguez@uv.mx<\/a><\/td>\n<\/tr>\n<tr style=\"height: 46px\">\n<td style=\"width: 20px;height: 46px\"><\/td>\n<td style=\"width: 510px;height: 46px\">Consejera Alumna Nadxieli Alonso<\/td>\n<\/tr>\n<tr style=\"height: 24px\">\n<td style=\"width: 20px;height: 24px\"><\/td>\n<td style=\"width: 510px;height: 24px\">Correo electr\u00f3nico: <a href=\"mailto:zs23003817@estudiantes.uv.mx\">zs23003817@estudiantes.uv.mx<\/a><\/td>\n<\/tr>\n<\/tbody>\n<\/table>\n<p>&nbsp;<\/p>\n<p><strong>Consejeros Suplentes<\/strong><\/p>\n<table style=\"height: 177px;width: 529px\" cellspacing=\"0\" cellpadding=\"0\">\n<tbody>\n<tr style=\"height: 10px\">\n<td style=\"width: 20px;height: 10px\">\n<p align=\"center\"><img loading=\"lazy\" decoding=\"async\" src=\"https:\/\/www.uv.mx\/medmina\/cuerpos\/images\/clip_image001_003.gif\" alt=\"\" width=\"8\" height=\"8\" \/><\/p>\n<\/td>\n<td style=\"width: 509px;height: 10px\">\u00a0Dr. Alfredo Ham Nolasco (Consejero maestro)<\/td>\n<\/tr>\n<tr style=\"height: 24px\">\n<td style=\"width: 20px;height: 24px\"><\/td>\n<td style=\"width: 509px;height: 24px\">Correo electr\u00f3nico: <a href=\"mailto:suribe@uv.mx\">aham@uv.mx<\/a><\/td>\n<\/tr>\n<tr style=\"height: 24px\">\n<td style=\"width: 20px;height: 24px\"><\/td>\n<td style=\"width: 509px;height: 24px\">Dr. Jos\u00e9 Bardomiano Lara Vald\u00e9s (Representante maestro)<\/td>\n<\/tr>\n<tr style=\"height: 24px\">\n<td style=\"width: 20px;height: 24px\"><\/td>\n<td style=\"width: 509px;height: 24px\">Correo electr\u00f3nico: <a href=\"mailto:balara@uv.mx\">balara@uv.mx<\/a><\/td>\n<\/tr>\n<tr style=\"height: 24px\">\n<td style=\"width: 20px;height: 24px\"><\/td>\n<td style=\"width: 509px;height: 24px\">Dra. Eliza Mireya V\u00e1zquez Rodr\u00edguez (Representante maestro)<\/td>\n<\/tr>\n<tr style=\"height: 24px\">\n<td style=\"width: 20px;height: 24px\"><\/td>\n<td style=\"width: 509px;height: 24px\">Correo electr\u00f3nico: <a href=\"strinidad@uv.mx\">elizvazquez@uv.mx<\/a><\/td>\n<\/tr>\n<tr style=\"height: 24px\">\n<td style=\"width: 20px;height: 24px\"><\/td>\n<td style=\"width: 509px;height: 24px\">Dr. Rub\u00e9n Dom\u00ednguez Guti\u00e9rrez<\/td>\n<\/tr>\n<tr style=\"height: 23px\">\n<td style=\"width: 20px;height: 23px\"><\/td>\n<td style=\"width: 509px;height: 23px\">Correo electr\u00f3nico: <a href=\"mailto:jmanuel@uv.mx\">rudominguez@uv.mx<\/a> (Representante maestro)<\/td>\n<\/tr>\n<\/tbody>\n<\/table>\n<\/div>\n","protected":false},"excerpt":{"rendered":"<p>&nbsp; Consejeros Titulares Dra. Andrea Isabel Torres Zugaide Directora Correo electr\u00f3nico: andretorres@uv.mx Dra. Valeria Sald\u00edvar Rodr\u00edguez Secretaria de Facultad Correo electr\u00f3nico: vsaldivar@uv.mx Dra. Sof\u00eda del Carmen Uribe Cruz Consejera Maestra Correo electr\u00f3nico: suribe@uv.mx \u00a0Dr. Oscar Armando Hern\u00e1ndez Mart\u00ednez \u00a0Correo electr\u00f3nico: oscarhernandez@uv.mx Mtra. M\u00f3nica Hern\u00e1ndez Guapillo Correo electr\u00f3nico: mohernandez@uv.mx Dr. Leoncio Miguel Rodr\u00edguez Guzm\u00e1n Correo electr\u00f3nico: [&hellip;]<\/p>\n","protected":false},"author":31,"featured_media":0,"comment_status":"closed","ping_status":"closed","sticky":false,"template":"","format":"standard","meta":{"ventana_nueva":"","tipo_url":"","url":"","extracto":"","imagen_halign":"","imagen_valign":"","bg_size":"","text_hide":"","media_url":"","tipo_media":"","video_url":"","video_pos":"","video_youtube":"","footnotes":""},"categories":[8],"tags":[],"class_list":["post-51","post","type-post","status-publish","format-standard","hentry","category-cuerpos-colegiados"],"_links":{"self":[{"href":"https:\/\/www.uv.mx\/coatza\/medmina\/wp-json\/wp\/v2\/posts\/51","targetHints":{"allow":["GET"]}}],"collection":[{"href":"https:\/\/www.uv.mx\/coatza\/medmina\/wp-json\/wp\/v2\/posts"}],"about":[{"href":"https:\/\/www.uv.mx\/coatza\/medmina\/wp-json\/wp\/v2\/types\/post"}],"author":[{"embeddable":true,"href":"https:\/\/www.uv.mx\/coatza\/medmina\/wp-json\/wp\/v2\/users\/31"}],"replies":[{"embeddable":true,"href":"https:\/\/www.uv.mx\/coatza\/medmina\/wp-json\/wp\/v2\/comments?post=51"}],"version-history":[{"count":2,"href":"https:\/\/www.uv.mx\/coatza\/medmina\/wp-json\/wp\/v2\/posts\/51\/revisions"}],"predecessor-version":[{"id":1242,"href":"https:\/\/www.uv.mx\/coatza\/medmina\/wp-json\/wp\/v2\/posts\/51\/revisions\/1242"}],"wp:attachment":[{"href":"https:\/\/www.uv.mx\/coatza\/medmina\/wp-json\/wp\/v2\/media?parent=51"}],"wp:term":[{"taxonomy":"category","embeddable":true,"href":"https:\/\/www.uv.mx\/coatza\/medmina\/wp-json\/wp\/v2\/categories?post=51"},{"taxonomy":"post_tag","embeddable":true,"href":"https:\/\/www.uv.mx\/coatza\/medmina\/wp-json\/wp\/v2\/tags?post=51"}],"curies":[{"name":"wp","href":"https:\/\/api.w.org\/{rel}","templated":true}]}}