{"id":505,"date":"2019-05-16T10:04:49","date_gmt":"2019-05-16T15:04:49","guid":{"rendered":"https:\/\/www.uv.mx\/coatza\/posgrado\/?p=505"},"modified":"2025-10-07T17:35:49","modified_gmt":"2025-10-07T22:35:49","slug":"convocatorias","status":"publish","type":"post","link":"https:\/\/www.uv.mx\/coatza\/posgrado\/aspirantes\/convocatorias\/","title":{"rendered":"Convocatorias"},"content":{"rendered":"<header class=\"entry-header mb-4\">\n<p style=\"text-align: left\"><strong>Estimadas y estimados aspirantes: <\/strong>La Universidad Veracruzana, a trav\u00e9s de su compromiso con la excelencia acad\u00e9mica y el desarrollo profesional, les extiende una cordial invitaci\u00f3n a participar en las convocatorias vigentes para programas de posgrado en la regi\u00f3n Coatzacoalcos\u2013Minatitl\u00e1n.<\/p>\n<p style=\"text-align: left\">Esta es una valiosa oportunidad para continuar su formaci\u00f3n en un entorno acad\u00e9mico de alto nivel, con programas dise\u00f1ados para responder a las necesidades actuales y futuros de nuestra sociedad. Les invitamos a consultar los detalles de las convocatorias en el siguiente enlace: <a href=\"https:\/\/www.uv.mx\/posgrado\/convocatorias\/\">Convocatorias<\/a>.<\/p>\n<p style=\"text-align: left\">Para obtener informaci\u00f3n adicional o resolver cualquier duda, pueden comunicarse directamente con la Coordinaci\u00f3n del Programa Educativo correspondiente, quienes estar\u00e1n gustosos de brindarles orientaci\u00f3n.<\/p>\n<\/header>\n<div class=\"entry-content\">\n<table style=\"height: 984px;width: 0px;background-color: #ffffff\" width=\"0\">\n<tbody>\n<tr style=\"height: 30px\">\n<td style=\"width: 127px;height: 30px;background-color: #18529d\"><strong><span style=\"color: #ffffff\">\u00c1rea Acad\u00e9mica<\/span><\/strong><\/td>\n<td style=\"width: 224px;height: 30px;background-color: #18529d\"><strong><span style=\"color: #ffffff\">Programa Educativo<\/span><\/strong><\/td>\n<td style=\"width: 134px;height: 30px;background-color: #18529d\"><strong><span style=\"color: #ffffff\">Coordinador<\/span><\/strong><\/td>\n<td style=\"width: 160.141px;height: 30px;background-color: #18529d\"><strong><span style=\"color: #ffffff\">Correo<\/span><\/strong><\/td>\n<td style=\"width: 148px;height: 30px;background-color: #18529d\"><strong><span style=\"color: #ffffff\">Entidad de Adscripci\u00f3n<\/span><\/strong><\/td>\n<td style=\"width: 205.703px;height: 30px;background-color: #18529d\"><strong><span style=\"color: #ffffff\">Sitio web<\/span><\/strong><\/td>\n<\/tr>\n<tr style=\"height: 120px\">\n<td style=\"width: 127px;height: 384px;background-color: #18529d\" rowspan=\"3\"><span style=\"color: #ffffff\"><strong>T\u00e9cnica<\/strong><\/span><\/td>\n<td style=\"width: 224px;height: 120px;background-color: #ffffff\">Doctorado en Ingenier\u00eda Qu\u00edmica<\/td>\n<td style=\"width: 134px;height: 120px;background-color: #ffffff\">Dr. Benoit Roger Fouconnier<\/td>\n<td style=\"width: 160.141px;height: 120px;background-color: #ffffff\"><a href=\"mailto:broger@uv.mx\">broger@uv.mx<\/a><\/td>\n<td style=\"width: 148px;height: 120px;background-color: #ffffff\">Facultad de Ciencias Qu\u00edmicas Campus Coatzacoalcos<\/td>\n<td style=\"width: 205.703px;height: 120px;background-color: #ffffff\"><a href=\"http:\/\/www.uv.mx\/coatza\/diq\/\">www.uv.mx\/coatza\/diq\/<\/a><\/td>\n<\/tr>\n<tr style=\"height: 120px\">\n<td style=\"width: 224px;height: 120px;background-color: #ffffff\">Maestr\u00eda en Ingenier\u00eda de Procesos<\/td>\n<td style=\"width: 134px;height: 120px;background-color: #ffffff\">Dra. Sara N\u00fa\u00f1ez Correa<\/td>\n<td style=\"width: 160.141px;height: 120px;background-color: #ffffff\"><a href=\"mailto:sarnunez@uv.mx\">sarnunez@uv.mx<\/a><\/td>\n<td style=\"width: 148px;height: 120px;background-color: #ffffff\">Facultad de Ciencias Qu\u00edmicas Campus Coatzacoalcos<\/td>\n<td style=\"width: 205.703px;height: 120px;background-color: #ffffff\"><a href=\"http:\/\/www.uv.mx\/coatza\/mip\/\">www.uv.mx\/coatza\/mip\/<\/a><\/td>\n<\/tr>\n<tr style=\"height: 144px\">\n<td style=\"width: 224px;height: 144px;background-color: #ffffff\">Maestr\u00eda en Ciencias en Tecnolog\u00eda Energ\u00e9tica<\/td>\n<td style=\"width: 134px;height: 144px;background-color: #ffffff\">Dr. Gerardo Alcal\u00e1 Perea<\/td>\n<td style=\"width: 160.141px;height: 144px;background-color: #ffffff\"><a href=\"mailto:galcala@uv.mx\">galcala@uv.mx<\/a><\/td>\n<td style=\"width: 148px;height: 144px;background-color: #ffffff\">Centro de Investigaci\u00f3n en Recursos Energ\u00e9ticos y Sustentables. CIRES<\/td>\n<td style=\"width: 205.703px;height: 144px;background-color: #ffffff\"><a href=\"http:\/\/www.uv.mx\/coatza\/macte\/\">www.uv.mx\/coatza\/macte\/<\/a><\/td>\n<\/tr>\n<tr style=\"height: 96px\">\n<td style=\"width: 127px;height: 96px;background-color: #18529d\"><span style=\"color: #ffffff\"><strong>Econ\u00f3mico-Administrativa<\/strong><\/span><\/td>\n<td style=\"width: 224px;height: 96px;background-color: #ffffff\">Maestr\u00eda en Innovaci\u00f3n y Negocios Inteligentes<\/td>\n<td style=\"width: 134px;height: 96px;background-color: #ffffff\">Dr. Miguel \u00c1ngel Clara Zafra<\/td>\n<td style=\"width: 160.141px;height: 96px;background-color: #ffffff\"><a href=\"mailto:mclara@uv.mx\">mclara@uv.mx<\/a><\/td>\n<td style=\"width: 148px;height: 96px;background-color: #ffffff\">Facultad de Contadur\u00eda y Administraci\u00f3n<\/td>\n<td style=\"width: 205.703px;height: 96px;background-color: #ffffff\"><a href=\"http:\/\/www.uv.mx\/coatza\/mini\/\">www.uv.mx\/coatza\/mini\/<\/a><\/td>\n<\/tr>\n<tr style=\"height: 96px\">\n<td style=\"width: 127px;height: 288px;background-color: #18529d\" rowspan=\"3\"><span style=\"color: #ffffff\"><strong>Ciencias de la Salud<\/strong><\/span><\/td>\n<td style=\"width: 224px;height: 96px;background-color: #ffffff\">Especializaci\u00f3n en Odontopediatr\u00eda<\/td>\n<td style=\"width: 134px;height: 96px;background-color: #ffffff\">Mtra. Rosario Xolo Rodr\u00edguez<\/td>\n<td style=\"width: 160.141px;height: 96px;background-color: #ffffff\"><a href=\"mailto:rxolo@uv.mx\">rxolo@uv.mx<\/a><\/td>\n<td style=\"width: 148px;height: 96px;background-color: #ffffff\">Facultad de Odontolog\u00eda Campus Minatitl\u00e1n<\/td>\n<td style=\"width: 205.703px;height: 96px;background-color: #ffffff\"><a href=\"http:\/\/www.uv.mx\/coatza\/e-odontopediatria\/\">www.uv.mx\/coatza\/e-odontopediatria\/<\/a><\/td>\n<\/tr>\n<tr style=\"height: 96px\">\n<td style=\"width: 224px;height: 96px;background-color: #ffffff\">Especializaci\u00f3n en Endodoncia<\/td>\n<td style=\"width: 134px;height: 96px;background-color: #ffffff\">Mtra. Norma Efigenia Flores Camacho<\/td>\n<td style=\"width: 160.141px;height: 96px;background-color: #ffffff\"><a href=\"mailto:nflores2@uv.mx\">nflores2@uv.mx<\/a><\/td>\n<td style=\"width: 148px;height: 96px;background-color: #ffffff\">Facultad de Odontolog\u00eda Campus Minatitl\u00e1n<\/td>\n<td style=\"width: 205.703px;height: 96px;background-color: #ffffff\"><a href=\"http:\/\/www.uv.mx\/coatza\/ee\/\">www.uv.mx\/coatza\/ee\/<\/a><\/td>\n<\/tr>\n<tr style=\"height: 96px\">\n<td style=\"width: 224px;height: 96px;background-color: #ffffff\">Maestr\u00eda en Enfermer\u00eda<\/td>\n<td style=\"width: 134px;height: 96px;background-color: #ffffff\">Dra. Martha P\u00e9rez Fonseca<\/td>\n<td style=\"width: 160.141px;height: 96px;background-color: #ffffff\"><a href=\"mailto:marperez@uv.mx\">marperez@uv.mx<\/a><\/td>\n<td style=\"width: 148px;height: 96px;background-color: #ffffff\">Facultad de Enfermer\u00eda Campus Minatitl\u00e1n<\/td>\n<td style=\"width: 205.703px;height: 96px;background-color: #ffffff\"><a href=\"http:\/\/www.uv.mx\/coatza\/me\/\">www.uv.mx\/coatza\/me\/<\/a><\/td>\n<\/tr>\n<tr style=\"height: 168px\">\n<td style=\"width: 127px;height: 168px;background-color: #18529d\"><span style=\"color: #ffffff\"><strong>Biol\u00f3gica Agropecuaria <\/strong><\/span><\/td>\n<td style=\"width: 224px;height: 168px;background-color: #ffffff\">Maestr\u00eda en Desarrollo Agropecuario<\/td>\n<td style=\"width: 134px;height: 168px;background-color: #ffffff\">Dr. Jos\u00e9 Armando S\u00e1nchez Salcedo<\/td>\n<td style=\"width: 160.141px;height: 168px;background-color: #ffffff\"><a href=\"mailto:josesanchez07@uv.mx\">josesanchez07@uv.mx<\/a><\/td>\n<td style=\"width: 148px;height: 168px;background-color: #ffffff\">Facultad de Ingenier\u00eda en Sistemas de Producci\u00f3n Agropecuaria Campus Acayucan<\/td>\n<td style=\"width: 205.703px;height: 168px;background-color: #ffffff\"><a href=\"http:\/\/www.uv.mx\/coatza\/desagro\/\">www.uv.mx\/coatza\/desagro\/<\/a><\/td>\n<\/tr>\n<\/tbody>\n<\/table>\n<\/div>\n","protected":false},"excerpt":{"rendered":"<p>Estimadas y estimados aspirantes: La Universidad Veracruzana, a trav\u00e9s de su compromiso con la excelencia acad\u00e9mica y el desarrollo profesional, les extiende una cordial invitaci\u00f3n a participar en las convocatorias vigentes para programas de posgrado en la regi\u00f3n Coatzacoalcos\u2013Minatitl\u00e1n. Esta es una valiosa oportunidad para continuar su formaci\u00f3n en un entorno acad\u00e9mico de alto nivel, [&hellip;]<\/p>\n","protected":false},"author":128,"featured_media":0,"comment_status":"closed","ping_status":"closed","sticky":false,"template":"","format":"standard","meta":{"ventana_nueva":"","tipo_url":"","url":"","extracto":"","imagen_halign":"","imagen_valign":"","bg_size":"","text_hide":"","media_url":"","tipo_media":"","video_url":"","video_pos":"","video_youtube":"","footnotes":""},"categories":[10],"tags":[],"class_list":["post-505","post","type-post","status-publish","format-standard","hentry","category-aspirantes"],"_links":{"self":[{"href":"https:\/\/www.uv.mx\/coatza\/posgrado\/wp-json\/wp\/v2\/posts\/505","targetHints":{"allow":["GET"]}}],"collection":[{"href":"https:\/\/www.uv.mx\/coatza\/posgrado\/wp-json\/wp\/v2\/posts"}],"about":[{"href":"https:\/\/www.uv.mx\/coatza\/posgrado\/wp-json\/wp\/v2\/types\/post"}],"author":[{"embeddable":true,"href":"https:\/\/www.uv.mx\/coatza\/posgrado\/wp-json\/wp\/v2\/users\/128"}],"replies":[{"embeddable":true,"href":"https:\/\/www.uv.mx\/coatza\/posgrado\/wp-json\/wp\/v2\/comments?post=505"}],"version-history":[{"count":2,"href":"https:\/\/www.uv.mx\/coatza\/posgrado\/wp-json\/wp\/v2\/posts\/505\/revisions"}],"predecessor-version":[{"id":682,"href":"https:\/\/www.uv.mx\/coatza\/posgrado\/wp-json\/wp\/v2\/posts\/505\/revisions\/682"}],"wp:attachment":[{"href":"https:\/\/www.uv.mx\/coatza\/posgrado\/wp-json\/wp\/v2\/media?parent=505"}],"wp:term":[{"taxonomy":"category","embeddable":true,"href":"https:\/\/www.uv.mx\/coatza\/posgrado\/wp-json\/wp\/v2\/categories?post=505"},{"taxonomy":"post_tag","embeddable":true,"href":"https:\/\/www.uv.mx\/coatza\/posgrado\/wp-json\/wp\/v2\/tags?post=505"}],"curies":[{"name":"wp","href":"https:\/\/api.w.org\/{rel}","templated":true}]}}