{"id":2598,"date":"2020-10-16T10:47:51","date_gmt":"2020-10-16T15:47:51","guid":{"rendered":"https:\/\/www.uv.mx\/coatza\/sea\/?p=2598"},"modified":"2025-08-13T18:19:48","modified_gmt":"2025-08-13T23:19:48","slug":"directorio-del-sea","status":"publish","type":"post","link":"https:\/\/www.uv.mx\/coatza\/sea\/general\/directorio-del-sea\/","title":{"rendered":"Directorio del SEA"},"content":{"rendered":"<h6><span style=\"color: #18529d\"><strong><a href=\"https:\/\/www.uv.mx\/coatza\/sea\/files\/2020\/10\/Foto-Nancy.png\"><img loading=\"lazy\" decoding=\"async\" class=\"wp-image-3753 alignleft\" src=\"https:\/\/www.uv.mx\/coatza\/sea\/files\/2020\/10\/Foto-Nancy.png\" alt=\"\" width=\"132\" height=\"132\" srcset=\"https:\/\/www.uv.mx\/coatza\/sea\/files\/2020\/10\/Foto-Nancy.png 155w, https:\/\/www.uv.mx\/coatza\/sea\/files\/2020\/10\/Foto-Nancy-150x150.png 150w\" sizes=\"auto, (max-width: 132px) 100vw, 132px\" \/><\/a>Mtra. Nancy L\u00f3pez Jara<\/strong><\/span><\/h6>\n<h6>Coordinadora Acad\u00e9mica Regional Sistema de Ense\u00f1anza Abierta Coatzacoalcos<\/h6>\n<h6><a href=\"mailto:nanlopez@uv.mx\">nanlopez@uv.mx<\/a> \/\u00a0<a href=\"mailto:seacoatza@uv.mx\">seacoatza@uv.mx<\/a><\/h6>\n<h6>Tel\u00e9fono: 9212115700 ext. 51340<\/h6>\n<p>&nbsp;<\/p>\n<h6><a href=\"https:\/\/www.uv.mx\/coatza\/sea\/files\/2020\/10\/jess.png\"><img loading=\"lazy\" decoding=\"async\" class=\"wp-image-3824 alignleft\" src=\"https:\/\/www.uv.mx\/coatza\/sea\/files\/2020\/10\/jess-150x150.png\" alt=\"\" width=\"135\" height=\"135\" srcset=\"https:\/\/www.uv.mx\/coatza\/sea\/files\/2020\/10\/jess-150x150.png 150w, https:\/\/www.uv.mx\/coatza\/sea\/files\/2020\/10\/jess.png 155w\" sizes=\"auto, (max-width: 135px) 100vw, 135px\" \/><\/a><\/h6>\n<h6><span style=\"color: #18529d\"><strong>Dra. Jessica E. Mart\u00ednez Tenorio<\/strong><\/span><\/h6>\n<h6>Encargada Escolar del Sistema de Ense\u00f1anza Abierta Coatzacoalcos<\/h6>\n<h6><a href=\"mailto:nanlopez@uv.mx\">jessmartinez@uv.mx<\/a><\/h6>\n<p>&nbsp;<\/p>\n<p>&nbsp;<\/p>\n<p><span style=\"color: #18529d\"><strong><a href=\"https:\/\/www.uv.mx\/coatza\/sea\/files\/2020\/10\/foto-bere.png\"><img loading=\"lazy\" decoding=\"async\" class=\"wp-image-3755 alignleft\" src=\"https:\/\/www.uv.mx\/coatza\/sea\/files\/2020\/10\/foto-bere.png\" alt=\"\" width=\"130\" height=\"130\" srcset=\"https:\/\/www.uv.mx\/coatza\/sea\/files\/2020\/10\/foto-bere.png 155w, https:\/\/www.uv.mx\/coatza\/sea\/files\/2020\/10\/foto-bere-150x150.png 150w\" sizes=\"auto, (max-width: 130px) 100vw, 130px\" \/><\/a>Mtra. Berenice C\u00e1ndido Isidoro<\/strong><\/span><\/p>\n<h6>Enlace Administrativo del Sistema de Ense\u00f1anza Abierta.<\/h6>\n<h6><a href=\"mailto:bcandido@uv.mx\">bcandido@uv.mx<\/a><\/h6>\n<h6>Tel\u00e9fono: 9212115700 ext. 51341<\/h6>\n<p>&nbsp;<\/p>\n<p><strong><a href=\"https:\/\/www.uv.mx\/coatza\/sea\/files\/2020\/10\/Grafico-Organigrama-Empresarial-Fotos-Coloquiales-Simple-Profesional-Azul-Lila-3.png\"><img loading=\"lazy\" decoding=\"async\" class=\"wp-image-3366 alignleft\" src=\"https:\/\/www.uv.mx\/coatza\/sea\/files\/2020\/10\/Grafico-Organigrama-Empresarial-Fotos-Coloquiales-Simple-Profesional-Azul-Lila-3.png\" alt=\"\" width=\"131\" height=\"129\" \/><\/a><span style=\"color: #18529d\">Mtra. Concepci\u00f3n Navarro Coyoteca<\/span><\/strong><\/p>\n<h6>Secretaria Ejecutiva<\/h6>\n<h6><a href=\"mailto:conavarro@uv.mx\">conavarro@uv.mx<\/a><\/h6>\n<h6>Tel\u00e9fono: 9212115700 ext. 55716<\/h6>\n<p>&nbsp;<\/p>\n<hr \/>\n<table style=\"width: 0%;border-collapse: collapse;border-style: hidden;border-color: #000000;background-color: #b9ebe0;height: 89px\" border=\"1\">\n<tbody>\n<tr>\n<th style=\"width: 47.6989%;border-color: #000000;background-color: #c8e8e5;text-align: center\">\n<h6><span style=\"color: #18529d\"><strong>Lic. Mariceli Jim\u00e9nez Peralta<\/strong><\/span><\/h6>\n<h6>Mecan\u00f3grafa del PE Derecho.<\/h6>\n<h6><a href=\"mailto:maricjimenez@uv.mx\">maricjimenez@uv.mx<\/a><\/h6>\n<h6>Horario:\u00a0 Martes a s\u00e1bado de 8:30\u00a0 14:30<\/h6>\n<h6>Tel\u00e9fono: 9212115700 ext. 55716<\/h6>\n<\/th>\n<td style=\"width: 164.413%;border-color: #000000;background-color: #c3e0f7;text-align: center\">\n<h6><strong><span style=\"color: #18529d\">C. X\u00f3chitl Dom\u00ednguez J\u00e1come<\/span><\/strong><\/h6>\n<h6>Mecan\u00f3grafa del PE Contadur\u00eda.<\/h6>\n<h6><a href=\"mailto:xodominguez@uv.mx\">xodominguez@uv.mx<\/a><\/h6>\n<h6>Horario: Martes a s\u00e1bado 14:30 \u2013 20:30<\/h6>\n<h6>Tel\u00e9fono: 9212115700 ext. 55716<\/h6>\n<\/td>\n<\/tr>\n<\/tbody>\n<\/table>\n<p>&nbsp;<\/p>\n","protected":false},"excerpt":{"rendered":"<p>Mtra. Nancy L\u00f3pez Jara Coordinadora Acad\u00e9mica Regional Sistema de Ense\u00f1anza Abierta Coatzacoalcos nanlopez@uv.mx \/\u00a0seacoatza@uv.mx Tel\u00e9fono: 9212115700 ext. 51340 &nbsp; Dra. Jessica E. Mart\u00ednez Tenorio Encargada Escolar del Sistema de Ense\u00f1anza Abierta Coatzacoalcos jessmartinez@uv.mx &nbsp; &nbsp; Mtra. Berenice C\u00e1ndido Isidoro Enlace Administrativo del Sistema de Ense\u00f1anza Abierta. bcandido@uv.mx Tel\u00e9fono: 9212115700 ext. 51341 &nbsp; Mtra. Concepci\u00f3n Navarro [&hellip;]<\/p>\n","protected":false},"author":137,"featured_media":0,"comment_status":"closed","ping_status":"closed","sticky":false,"template":"","format":"standard","meta":{"ventana_nueva":"","tipo_url":"","url":"","extracto":"","imagen_halign":"","imagen_valign":"","bg_size":"","text_hide":"","media_url":"","tipo_media":"","video_url":"","video_pos":"","video_youtube":"","footnotes":""},"categories":[1],"tags":[],"class_list":["post-2598","post","type-post","status-publish","format-standard","hentry","category-general"],"_links":{"self":[{"href":"https:\/\/www.uv.mx\/coatza\/sea\/wp-json\/wp\/v2\/posts\/2598","targetHints":{"allow":["GET"]}}],"collection":[{"href":"https:\/\/www.uv.mx\/coatza\/sea\/wp-json\/wp\/v2\/posts"}],"about":[{"href":"https:\/\/www.uv.mx\/coatza\/sea\/wp-json\/wp\/v2\/types\/post"}],"author":[{"embeddable":true,"href":"https:\/\/www.uv.mx\/coatza\/sea\/wp-json\/wp\/v2\/users\/137"}],"replies":[{"embeddable":true,"href":"https:\/\/www.uv.mx\/coatza\/sea\/wp-json\/wp\/v2\/comments?post=2598"}],"version-history":[{"count":3,"href":"https:\/\/www.uv.mx\/coatza\/sea\/wp-json\/wp\/v2\/posts\/2598\/revisions"}],"predecessor-version":[{"id":3947,"href":"https:\/\/www.uv.mx\/coatza\/sea\/wp-json\/wp\/v2\/posts\/2598\/revisions\/3947"}],"wp:attachment":[{"href":"https:\/\/www.uv.mx\/coatza\/sea\/wp-json\/wp\/v2\/media?parent=2598"}],"wp:term":[{"taxonomy":"category","embeddable":true,"href":"https:\/\/www.uv.mx\/coatza\/sea\/wp-json\/wp\/v2\/categories?post=2598"},{"taxonomy":"post_tag","embeddable":true,"href":"https:\/\/www.uv.mx\/coatza\/sea\/wp-json\/wp\/v2\/tags?post=2598"}],"curies":[{"name":"wp","href":"https:\/\/api.w.org\/{rel}","templated":true}]}}