{"id":3324,"date":"2023-04-12T14:37:23","date_gmt":"2023-04-12T19:37:23","guid":{"rendered":"https:\/\/www.uv.mx\/coatza\/sea\/?p=3324"},"modified":"2023-08-12T12:12:47","modified_gmt":"2023-08-12T17:12:47","slug":"contaduria-2","status":"publish","type":"post","link":"https:\/\/www.uv.mx\/coatza\/sea\/pe\/contaduria-2\/","title":{"rendered":"Contadur\u00eda"},"content":{"rendered":"<hr \/>\n<h3><strong>Misi\u00f3n<\/strong><\/h3>\n<p>Formar de manera integral, a trav\u00e9s de un programa educativo impartido en modalidades presencial y semi-presencial, reconocido por su calidad y pertinencia social, profesionistas competentes en las distintas \u00e1reas de la contadur\u00eda que prepara, analiza, interpreta, revisa y eval\u00faa informaci\u00f3n financiera de manera sistem\u00e1tica, mediante el uso de tecnolog\u00edas de informaci\u00f3n y comunicaci\u00f3n, para contribuir al desarrollo econ\u00f3mico de las entidades, coadyuvando en la toma de decisiones, con principios \u00e9ticos, transparencia y responsabilidad social generando y aplicando conocimiento para beneficio de la sociedad incluyente, en un contexto nacional e internacional.<\/p>\n<h3><strong>Visi\u00f3n<\/strong><\/h3>\n<p>Ser un programa educativo de calidad, impartido en modalidades presencial y semi-presencial, reconocido por la formaci\u00f3n integral de los estudiantes en ambientes de aprendizaje multimodal, con una planta acad\u00e9mica con s\u00f3lida formaci\u00f3n y habilitaci\u00f3n profesional, que genera y aplica conocimiento para beneficio de una sociedad incluyente y establece redes de colaboraci\u00f3n con otras instituciones, que promueve entre su comunidad los principios \u00e9ticos, la equidad de g\u00e9nero, la responsabilidad social y propicia la vinculaci\u00f3n permanente con las entidades, para incidir en el desarrollo econ\u00f3mico y social, en un contexto de globalizaci\u00f3n.<\/p>\n<table border=\"1\">\n<tbody>\n<tr>\n<td style=\"width: 585px;text-align: center\"><strong>Perfil de Ingreso<\/strong><\/td>\n<td style=\"width: 614px;text-align: left\"><strong>Perfil de Egreso<\/strong><\/td>\n<\/tr>\n<tr>\n<td style=\"width: 585px\">El aspirante a cursar la Licenciatura en Contadur\u00eda debe poseer los conocimientos, habilidades, actitudes y valores necesarios para generar una base s\u00f3lida que fomente el desarrollo del estudiante a lo largo de su trayectoria acad\u00e9mica y de por vida, que coadyuven a formar profesionales de excelencia, capaces de desarrollarse exitosamente en el \u00e1mbito laboral. Por ello, se sugiere que el aspirante posea los siguientes atributos:<\/p>\n<ul>\n<li>Conocimientos: cultura general y conocimientos b\u00e1sicos en ingl\u00e9s, TIC, econom\u00eda, matem\u00e1ticas, administraci\u00f3n y contabilidad.<\/li>\n<li>Habilidades: comunicaci\u00f3n oral y escrita, disposici\u00f3n para trabajar en equipo y para las relaciones interpersonales, as\u00ed como para proponer alternativas de soluci\u00f3n, facilidad para las matem\u00e1ticas y la contabilidad, facilidad para relacionarse y con amplia visi\u00f3n del mundo y un desarrollado sentido de responsabilidad hacia el bien com\u00fan. Para el caso de la modalidad semi-presencial, dominio de estrategias de auto-aprendizaje.<\/li>\n<li>Actitudes: disposici\u00f3n para el trabajo colaborativo en la organizaci\u00f3n, inter\u00e9s y vocaci\u00f3n de servicio, apertura, adaptaci\u00f3n al cambio, adem\u00e1s de esp\u00edritu emprendedor.<\/li>\n<li>Valores: responsabilidad, respeto, honestidad, compromiso, lealtad y compromiso.<\/li>\n<\/ul>\n<\/td>\n<td style=\"width: 614px\">El Licenciado en Contadur\u00eda es un profesionista que prepara, analiza, interpreta, revisa, eval\u00faa informaci\u00f3n financiera, cuantitativa y cualitativa, en forma sistem\u00e1tica, integral e innovadora, a fin de fortalecer la administraci\u00f3n y el desarrollo de las entidades, con principios \u00e9ticos, basado en el marco de legalidad y responsabilidad social en un entorno globalizado. Su objeto de estudio considera el \u00e1mbito de las entidades econ\u00f3micas, con fundamento en los saberes de la contabilidad, costos, finanzas, leyes tributarias, auditor\u00eda y aseguramiento, tecnolog\u00edas de la informaci\u00f3n y comunicaci\u00f3n, administraci\u00f3n, econom\u00eda, matem\u00e1ticas, entre otros y mantiene diversas relaciones multi, inter y transdisciplinarias, para fortalecer la toma de decisiones. La formaci\u00f3n profesional del egresado de esta instituci\u00f3n le permite adquirir conocimientos sobre las siguientes \u00e1reas:<\/p>\n<ul>\n<li>Contabilidad<\/li>\n<li>Fiscal<\/li>\n<li>Auditor\u00eda<\/li>\n<li>Finanzas<\/li>\n<li>Derecho<\/li>\n<li>Econom\u00eda<\/li>\n<li>Matem\u00e1ticas<\/li>\n<li>Administraci\u00f3n<\/li>\n<\/ul>\n<\/td>\n<\/tr>\n<\/tbody>\n<\/table>\n<hr \/>\n<table style=\"border-collapse: collapse;width: 25.2073%;height: 36px\" border=\"1\">\n<tbody>\n<tr style=\"height: 23px\">\n<td style=\"width: 100%;height: 23px\">\n<h4>Plan de estudios y Programas<\/h4>\n<ul>\n<li><a href=\"https:\/\/www.uv.mx\/sea\/files\/2022\/03\/contaduria_plan_201901.pdf\" target=\"_blank\" rel=\"noopener\">Programa de estudios &#8211; Plan 2019<\/a><\/li>\n<li><a href=\"https:\/\/www.uv.mx\/oferta-educativa\/mapa-curricular\/?programa=CONT-19-E-CR\" target=\"_blank\" rel=\"noopener\">Mapa curricular &#8211; Plan 2019<\/a><\/li>\n<li><a href=\"https:\/\/www.uv.mx\/coatza\/sea\/files\/2023\/08\/CONTADURIA-2019.pdf\">Trayectoria Acad\u00e9mica\u00a0<\/a><\/li>\n<\/ul>\n<hr \/>\n<ul>\n<li><a href=\"https:\/\/www.uv.mx\/sea\/files\/2012\/10\/PlanContaduria2011_02.pdf\" target=\"_blank\" rel=\"noopener\">Plan de estudios &#8211; Plan 2011<\/a><\/li>\n<li><a href=\"https:\/\/www.uv.mx\/docencia\/programa\/Creditos.aspx?Programa=CONT-11-E-CR\" target=\"_blank\" rel=\"noopener\">Programa de estudios &#8211; Plan 2011<\/a><\/li>\n<li><a href=\"https:\/\/www.uv.mx\/sea\/files\/2012\/10\/MapaCurricularProgramasMEIF2011Contaduria.pdf\" target=\"_blank\" rel=\"noopener\">Mapa curricular &#8211; Plan 2011<\/a><\/li>\n<\/ul>\n<\/td>\n<\/tr>\n<\/tbody>\n<\/table>\n<p>&nbsp;<\/p>\n","protected":false},"excerpt":{"rendered":"<p>Misi\u00f3n Formar de manera integral, a trav\u00e9s de un programa educativo impartido en modalidades presencial y semi-presencial, reconocido por su calidad y pertinencia social, profesionistas competentes en las distintas \u00e1reas de la contadur\u00eda que prepara, analiza, interpreta, revisa y eval\u00faa informaci\u00f3n financiera de manera sistem\u00e1tica, mediante el uso de tecnolog\u00edas de informaci\u00f3n y comunicaci\u00f3n, para [&hellip;]<\/p>\n","protected":false},"author":42,"featured_media":0,"comment_status":"closed","ping_status":"closed","sticky":false,"template":"","format":"standard","meta":{"ventana_nueva":"","tipo_url":"","url":"","extracto":"","imagen_halign":"","imagen_valign":"","bg_size":"","text_hide":"","media_url":"","tipo_media":"","video_url":"","video_pos":"","video_youtube":"","footnotes":""},"categories":[45],"tags":[],"class_list":["post-3324","post","type-post","status-publish","format-standard","hentry","category-pe"],"_links":{"self":[{"href":"https:\/\/www.uv.mx\/coatza\/sea\/wp-json\/wp\/v2\/posts\/3324","targetHints":{"allow":["GET"]}}],"collection":[{"href":"https:\/\/www.uv.mx\/coatza\/sea\/wp-json\/wp\/v2\/posts"}],"about":[{"href":"https:\/\/www.uv.mx\/coatza\/sea\/wp-json\/wp\/v2\/types\/post"}],"author":[{"embeddable":true,"href":"https:\/\/www.uv.mx\/coatza\/sea\/wp-json\/wp\/v2\/users\/42"}],"replies":[{"embeddable":true,"href":"https:\/\/www.uv.mx\/coatza\/sea\/wp-json\/wp\/v2\/comments?post=3324"}],"version-history":[{"count":2,"href":"https:\/\/www.uv.mx\/coatza\/sea\/wp-json\/wp\/v2\/posts\/3324\/revisions"}],"predecessor-version":[{"id":3420,"href":"https:\/\/www.uv.mx\/coatza\/sea\/wp-json\/wp\/v2\/posts\/3324\/revisions\/3420"}],"wp:attachment":[{"href":"https:\/\/www.uv.mx\/coatza\/sea\/wp-json\/wp\/v2\/media?parent=3324"}],"wp:term":[{"taxonomy":"category","embeddable":true,"href":"https:\/\/www.uv.mx\/coatza\/sea\/wp-json\/wp\/v2\/categories?post=3324"},{"taxonomy":"post_tag","embeddable":true,"href":"https:\/\/www.uv.mx\/coatza\/sea\/wp-json\/wp\/v2\/tags?post=3324"}],"curies":[{"name":"wp","href":"https:\/\/api.w.org\/{rel}","templated":true}]}}