{"id":176,"date":"2019-12-05T15:44:21","date_gmt":"2019-12-05T21:44:21","guid":{"rendered":"https:\/\/www.uv.mx\/coatza\/tlacoatza\/?p=176"},"modified":"2020-09-08T10:29:23","modified_gmt":"2020-09-08T15:29:23","slug":"expresion-corporal-artistica","status":"publish","type":"post","link":"https:\/\/www.uv.mx\/coatza\/tlacoatza\/2019\/12\/05\/expresion-corporal-artistica\/","title":{"rendered":"Expresi\u00f3n Corporal Art\u00edstica"},"content":{"rendered":"<p style=\"text-align: justify\">En el taller se trabajara la ejecuci\u00f3n de secuencias r\u00edtmicas, imitaci\u00f3n de modelos y repetici\u00f3n\u00a0\u00a0\u00a0 simple y acumulativa, se evidenciar\u00e1 con la realizaci\u00f3n de un proyecto esc\u00e9nico en donde plasmar\u00e1s todo lo aprendido a lo largo del mismo, que permitir\u00e1 explorar al m\u00e1ximo la creatividad, imaginaci\u00f3n, sensibilidad, emociones, con la intenci\u00f3n de que el del estudiante se conecte mejor con su propio cuerpo y tome conciencia de s\u00ed mismo, para favorecer la comunicaci\u00f3n interpersonal al facilitar la conexi\u00f3n con los otros.<\/p>\n<p style=\"text-align: justify\">Dentro de los saberes te\u00f3ricos se aborda la descripci\u00f3n de las formas m\u00e1s usuales para expresarse, la expresi\u00f3n por el cuerpo y la expresi\u00f3n por el movimiento, el espacio personal y total, ejes, planos, trayectorias, direcciones, comunicaci\u00f3n tanto personal como interpersonal; dentro de los heur\u00edsticos, el an\u00e1lisis, la comparaci\u00f3n, el manejo de r\u00edtmica corporal derivada de los movimientos b\u00e1sicos del cuerpo; y en los axiol\u00f3gicos, la constancia, creatividad, autorreflexi\u00f3n, apertura para la interacci\u00f3n con los compa\u00f1eros y tomando conciencia\u00a0 del cuerpo esc\u00e9nico y la gran variedad de posibilidades expresivas que se esperan en el actor. En conjunto con la reflexi\u00f3n sobre el cuerpo como tem\u00e1tica dram\u00e1tica y como recurso esc\u00e9nico en la preparaci\u00f3n del actor.<\/p>\n<p><img loading=\"lazy\" decoding=\"async\" class=\"aligncenter wp-image-383 size-full\" src=\"https:\/\/www.uv.mx\/coatza\/tlacoatza\/files\/2019\/12\/expCorpo.jpg\" alt=\"\" width=\"1950\" height=\"1440\" srcset=\"https:\/\/www.uv.mx\/coatza\/tlacoatza\/files\/2019\/12\/expCorpo.jpg 1950w, https:\/\/www.uv.mx\/coatza\/tlacoatza\/files\/2019\/12\/expCorpo-300x222.jpg 300w, https:\/\/www.uv.mx\/coatza\/tlacoatza\/files\/2019\/12\/expCorpo-1024x756.jpg 1024w, https:\/\/www.uv.mx\/coatza\/tlacoatza\/files\/2019\/12\/expCorpo-768x567.jpg 768w, https:\/\/www.uv.mx\/coatza\/tlacoatza\/files\/2019\/12\/expCorpo-1536x1134.jpg 1536w\" sizes=\"auto, (max-width: 1950px) 100vw, 1950px\" \/><\/p>\n<p>&nbsp;<\/p>\n","protected":false},"excerpt":{"rendered":"<p>En el taller se trabajara la ejecuci\u00f3n de secuencias r\u00edtmicas, imitaci\u00f3n de modelos y repetici\u00f3n\u00a0\u00a0\u00a0 simple y acumulativa, se evidenciar\u00e1 con la realizaci\u00f3n de un proyecto esc\u00e9nico en donde plasmar\u00e1s todo lo aprendido a lo largo del mismo, que permitir\u00e1 explorar al m\u00e1ximo la creatividad, imaginaci\u00f3n, sensibilidad, emociones, con la intenci\u00f3n de que el del [&hellip;]<\/p>\n","protected":false},"author":83,"featured_media":383,"comment_status":"closed","ping_status":"closed","sticky":false,"template":"","format":"standard","meta":{"ventana_nueva":"","tipo_url":"","url":"","extracto":"","imagen_halign":"","imagen_valign":"","bg_size":"","text_hide":"","media_url":"","tipo_media":"","video_url":"","video_pos":"","video_youtube":"","footnotes":""},"categories":[1],"tags":[6],"class_list":["post-176","post","type-post","status-publish","format-standard","has-post-thumbnail","hentry","category-sin-categoria","tag-oferta-educativa"],"_links":{"self":[{"href":"https:\/\/www.uv.mx\/coatza\/tlacoatza\/wp-json\/wp\/v2\/posts\/176","targetHints":{"allow":["GET"]}}],"collection":[{"href":"https:\/\/www.uv.mx\/coatza\/tlacoatza\/wp-json\/wp\/v2\/posts"}],"about":[{"href":"https:\/\/www.uv.mx\/coatza\/tlacoatza\/wp-json\/wp\/v2\/types\/post"}],"author":[{"embeddable":true,"href":"https:\/\/www.uv.mx\/coatza\/tlacoatza\/wp-json\/wp\/v2\/users\/83"}],"replies":[{"embeddable":true,"href":"https:\/\/www.uv.mx\/coatza\/tlacoatza\/wp-json\/wp\/v2\/comments?post=176"}],"version-history":[{"count":0,"href":"https:\/\/www.uv.mx\/coatza\/tlacoatza\/wp-json\/wp\/v2\/posts\/176\/revisions"}],"wp:featuredmedia":[{"embeddable":true,"href":"https:\/\/www.uv.mx\/coatza\/tlacoatza\/wp-json\/wp\/v2\/media\/383"}],"wp:attachment":[{"href":"https:\/\/www.uv.mx\/coatza\/tlacoatza\/wp-json\/wp\/v2\/media?parent=176"}],"wp:term":[{"taxonomy":"category","embeddable":true,"href":"https:\/\/www.uv.mx\/coatza\/tlacoatza\/wp-json\/wp\/v2\/categories?post=176"},{"taxonomy":"post_tag","embeddable":true,"href":"https:\/\/www.uv.mx\/coatza\/tlacoatza\/wp-json\/wp\/v2\/tags?post=176"}],"curies":[{"name":"wp","href":"https:\/\/api.w.org\/{rel}","templated":true}]}}