{"id":197,"date":"2020-01-24T14:02:23","date_gmt":"2020-01-24T20:02:23","guid":{"rendered":"https:\/\/www.uv.mx\/coatza\/tlacoatza\/?p=197"},"modified":"2020-01-27T13:00:51","modified_gmt":"2020-01-27T19:00:51","slug":"oferta-academica-periodo-febrero-julio-2020-202051","status":"publish","type":"post","link":"https:\/\/www.uv.mx\/coatza\/tlacoatza\/2020\/01\/24\/oferta-academica-periodo-febrero-julio-2020-202051\/","title":{"rendered":"Oferta Acad\u00e9mica Periodo Febrero &#8211; Julio 2020 (202051)"},"content":{"rendered":"<p>&nbsp;<\/p>\n<p><img loading=\"lazy\" decoding=\"async\" class=\"aligncenter wp-image-226 size-full\" src=\"https:\/\/www.uv.mx\/coatza\/tlacoatza\/files\/2020\/01\/Tarjeta-14.8x10.5-\u0441m-Dimensiones-personalizadas.jpeg\" alt=\"\" width=\"1600\" height=\"550\" srcset=\"https:\/\/www.uv.mx\/coatza\/tlacoatza\/files\/2020\/01\/Tarjeta-14.8x10.5-\u0441m-Dimensiones-personalizadas.jpeg 1600w, https:\/\/www.uv.mx\/coatza\/tlacoatza\/files\/2020\/01\/Tarjeta-14.8x10.5-\u0441m-Dimensiones-personalizadas-300x103.jpeg 300w, https:\/\/www.uv.mx\/coatza\/tlacoatza\/files\/2020\/01\/Tarjeta-14.8x10.5-\u0441m-Dimensiones-personalizadas-1024x352.jpeg 1024w, https:\/\/www.uv.mx\/coatza\/tlacoatza\/files\/2020\/01\/Tarjeta-14.8x10.5-\u0441m-Dimensiones-personalizadas-768x264.jpeg 768w, https:\/\/www.uv.mx\/coatza\/tlacoatza\/files\/2020\/01\/Tarjeta-14.8x10.5-\u0441m-Dimensiones-personalizadas-1536x528.jpeg 1536w\" sizes=\"auto, (max-width: 1600px) 100vw, 1600px\" \/><\/p>\n<p>&nbsp;<\/p>\n<p style=\"text-align: center\"><a href=\"https:\/\/www.uv.mx\/coatza\/tlacoatza\/files\/2020\/01\/apreciacion.png\"><span style=\"font-size: 14pt\">Apreciaci\u00f3n a la M\u00fasica\u00a0<\/span><\/a><\/p>\n<p style=\"text-align: center\"><a href=\"https:\/\/www.uv.mx\/coatza\/tlacoatza\/files\/2020\/01\/aprox.png\"><span style=\"font-size: 14pt\">Aproximaci\u00f3n al Teatro<\/span><\/a><\/p>\n<p style=\"text-align: center\"><a href=\"https:\/\/www.uv.mx\/coatza\/tlacoatza\/files\/2020\/01\/arte.png\"><span style=\"font-size: 14pt\">Arte Popular\u00a0<\/span><\/a><\/p>\n<p style=\"text-align: center\"><a href=\"https:\/\/www.uv.mx\/coatza\/tlacoatza\/files\/2020\/01\/bailes-de-salon.png\"><span style=\"font-size: 14pt\">Bailes de Sal\u00f3n<\/span><\/a><\/p>\n<p style=\"text-align: center\"><a href=\"https:\/\/www.uv.mx\/coatza\/tlacoatza\/files\/2020\/01\/canto-coral-l.png\"><span style=\"font-size: 14pt\">Canto Coral I<\/span><\/a><\/p>\n<p style=\"text-align: center\"><a href=\"https:\/\/www.uv.mx\/coatza\/tlacoatza\/files\/2020\/01\/canto-coral-2.png\"><span style=\"font-size: 14pt\">Canto Coral II<\/span><\/a><\/p>\n<p style=\"text-align: center\"><a href=\"https:\/\/www.uv.mx\/coatza\/tlacoatza\/files\/2020\/01\/cine1.png\"><span style=\"font-size: 14pt\">Apreciaci\u00f3n del Cine (Coatzacoalcos)<\/span><\/a><\/p>\n<p style=\"text-align: center\"><a href=\"https:\/\/www.uv.mx\/coatza\/tlacoatza\/files\/2020\/01\/cine2.png\"><span style=\"font-size: 14pt\">Apreciaci\u00f3n del Cine (Minatitl\u00e1n)\u00a0<\/span><\/a><\/p>\n<p style=\"text-align: center\"><a href=\"https:\/\/www.uv.mx\/coatza\/tlacoatza\/files\/2020\/01\/danza.png\"><span style=\"font-size: 14pt\">Danza para la Comunidad Universitaria<\/span><\/a><\/p>\n<p style=\"text-align: center\"><a href=\"https:\/\/www.uv.mx\/coatza\/tlacoatza\/files\/2020\/01\/expresion.png\"><span style=\"font-size: 14pt\">Expresi\u00f3n Corporal<\/span><\/a><\/p>\n<p style=\"text-align: center\"><a href=\"https:\/\/www.uv.mx\/coatza\/tlacoatza\/files\/2020\/01\/impro.png\"><span style=\"font-size: 14pt\">Jugando Enserio: Improvisaci\u00f3n Teatral<\/span><\/a><\/p>\n<p style=\"text-align: center\"><a href=\"https:\/\/www.uv.mx\/coatza\/tlacoatza\/files\/2020\/01\/intro.png\"><span style=\"font-size: 14pt\">Introducci\u00f3n al Teatro<\/span><\/a><\/p>\n<p style=\"text-align: center\"><a href=\"https:\/\/www.uv.mx\/coatza\/tlacoatza\/files\/2020\/01\/introduccionmusica.png\"><span style=\"font-size: 14pt\">Introducci\u00f3n a la M\u00fasica<\/span><\/a><\/p>\n<p style=\"text-align: center\"><a href=\"https:\/\/www.uv.mx\/coatza\/tlacoatza\/files\/2020\/01\/lectura.png\"><span style=\"font-size: 14pt\">Animaci\u00f3n a la Lectura<\/span><\/a><\/p>\n<p style=\"text-align: center\"><a href=\"https:\/\/www.uv.mx\/coatza\/tlacoatza\/files\/2020\/01\/musicoterapia.png\"><span style=\"font-size: 14pt\">Musicoterapia: Arte y Salud en tu Vida<\/span><\/a><\/p>\n<p style=\"text-align: center\"><a href=\"https:\/\/www.uv.mx\/coatza\/tlacoatza\/files\/2020\/01\/viva.png\"><span style=\"font-size: 14pt\">\u00a1Viva la M\u00fasica! Formaci\u00f3n de Grupos Musicales<\/span><\/a><\/p>\n<p style=\"text-align: center\"><a href=\"https:\/\/www.uv.mx\/coatza\/tlacoatza\/files\/2020\/01\/yoga.png\"><span style=\"font-size: 14pt\">Yoga<\/span><\/a><\/p>\n<p style=\"text-align: center\">\n","protected":false},"excerpt":{"rendered":"<p>&nbsp; &nbsp; Apreciaci\u00f3n a la M\u00fasica\u00a0 Aproximaci\u00f3n al Teatro Arte Popular\u00a0 Bailes de Sal\u00f3n Canto Coral I Canto Coral II Apreciaci\u00f3n del Cine (Coatzacoalcos) Apreciaci\u00f3n del Cine (Minatitl\u00e1n)\u00a0 Danza para la Comunidad Universitaria Expresi\u00f3n Corporal Jugando Enserio: Improvisaci\u00f3n Teatral Introducci\u00f3n al Teatro Introducci\u00f3n a la M\u00fasica Animaci\u00f3n a la Lectura Musicoterapia: Arte y Salud en [&hellip;]<\/p>\n","protected":false},"author":83,"featured_media":198,"comment_status":"closed","ping_status":"closed","sticky":false,"template":"","format":"standard","meta":{"ventana_nueva":"","tipo_url":"","url":"","extracto":"","imagen_halign":"","imagen_valign":"","bg_size":"","text_hide":"","media_url":"","tipo_media":"","video_url":"","video_pos":"","video_youtube":"","footnotes":""},"categories":[3],"tags":[],"class_list":["post-197","post","type-post","status-publish","format-standard","has-post-thumbnail","hentry","category-oferta-educativa"],"_links":{"self":[{"href":"https:\/\/www.uv.mx\/coatza\/tlacoatza\/wp-json\/wp\/v2\/posts\/197","targetHints":{"allow":["GET"]}}],"collection":[{"href":"https:\/\/www.uv.mx\/coatza\/tlacoatza\/wp-json\/wp\/v2\/posts"}],"about":[{"href":"https:\/\/www.uv.mx\/coatza\/tlacoatza\/wp-json\/wp\/v2\/types\/post"}],"author":[{"embeddable":true,"href":"https:\/\/www.uv.mx\/coatza\/tlacoatza\/wp-json\/wp\/v2\/users\/83"}],"replies":[{"embeddable":true,"href":"https:\/\/www.uv.mx\/coatza\/tlacoatza\/wp-json\/wp\/v2\/comments?post=197"}],"version-history":[{"count":0,"href":"https:\/\/www.uv.mx\/coatza\/tlacoatza\/wp-json\/wp\/v2\/posts\/197\/revisions"}],"wp:featuredmedia":[{"embeddable":true,"href":"https:\/\/www.uv.mx\/coatza\/tlacoatza\/wp-json\/wp\/v2\/media\/198"}],"wp:attachment":[{"href":"https:\/\/www.uv.mx\/coatza\/tlacoatza\/wp-json\/wp\/v2\/media?parent=197"}],"wp:term":[{"taxonomy":"category","embeddable":true,"href":"https:\/\/www.uv.mx\/coatza\/tlacoatza\/wp-json\/wp\/v2\/categories?post=197"},{"taxonomy":"post_tag","embeddable":true,"href":"https:\/\/www.uv.mx\/coatza\/tlacoatza\/wp-json\/wp\/v2\/tags?post=197"}],"curies":[{"name":"wp","href":"https:\/\/api.w.org\/{rel}","templated":true}]}}