{"id":241,"date":"2019-03-27T15:54:57","date_gmt":"2019-03-27T21:54:57","guid":{"rendered":"https:\/\/www.uv.mx\/coatza\/tlacoatza\/?p=241"},"modified":"2020-02-10T15:42:31","modified_gmt":"2020-02-10T21:42:31","slug":"edicion-2019","status":"publish","type":"post","link":"https:\/\/www.uv.mx\/coatza\/tlacoatza\/2019\/03\/27\/edicion-2019\/","title":{"rendered":"Edici\u00f3n 2019"},"content":{"rendered":"<p><img loading=\"lazy\" decoding=\"async\" class=\"aligncenter wp-image-271 size-large\" src=\"https:\/\/www.uv.mx\/coatza\/tlacoatza\/files\/2020\/01\/logo-dia-mundial-1024x478.jpg\" alt=\"\" width=\"1024\" height=\"478\" srcset=\"https:\/\/www.uv.mx\/coatza\/tlacoatza\/files\/2020\/01\/logo-dia-mundial-1024x478.jpg 1024w, https:\/\/www.uv.mx\/coatza\/tlacoatza\/files\/2020\/01\/logo-dia-mundial-300x140.jpg 300w, https:\/\/www.uv.mx\/coatza\/tlacoatza\/files\/2020\/01\/logo-dia-mundial-768x358.jpg 768w, https:\/\/www.uv.mx\/coatza\/tlacoatza\/files\/2020\/01\/logo-dia-mundial.jpg 1492w\" sizes=\"auto, (max-width: 1024px) 100vw, 1024px\" \/><\/p>\n<p>El Instituto Internacional del Teatro instaur\u00f3 el 27 de marzo como D\u00eda Mundial del Teatro en 1961.\u00a0Esta celebraci\u00f3n es lleva a cabo anualmente, en la que la comunidad teatral internacional organiza diversos eventos nacionales e internacionales, invitando a una personalidad del teatro a compartir una reflexi\u00f3n sobre el teatro (Mensaje Internacional del D\u00eda Mundial del\u00a0Teatro).<\/p>\n<p>Puede ser organizada y promovida por centros e instituciones de las artes esc\u00e9nicas, universidades, instituciones gubernamentales, ministerios de cultura, profesionales del teatro de todo el mundo.<\/p>\n<p><a href=\"https:\/\/www.uv.mx\/coatza\/tlacoatza\/files\/2020\/01\/CarteleraUV-scaled.jpg\"><img loading=\"lazy\" decoding=\"async\" class=\"alignright wp-image-242\" src=\"https:\/\/www.uv.mx\/coatza\/tlacoatza\/files\/2020\/01\/CarteleraUV-scaled.jpg\" alt=\"\" width=\"536\" height=\"804\" srcset=\"https:\/\/www.uv.mx\/coatza\/tlacoatza\/files\/2020\/01\/CarteleraUV-scaled.jpg 1707w, https:\/\/www.uv.mx\/coatza\/tlacoatza\/files\/2020\/01\/CarteleraUV-200x300.jpg 200w, https:\/\/www.uv.mx\/coatza\/tlacoatza\/files\/2020\/01\/CarteleraUV-683x1024.jpg 683w, https:\/\/www.uv.mx\/coatza\/tlacoatza\/files\/2020\/01\/CarteleraUV-768x1152.jpg 768w, https:\/\/www.uv.mx\/coatza\/tlacoatza\/files\/2020\/01\/CarteleraUV-1024x1536.jpg 1024w, https:\/\/www.uv.mx\/coatza\/tlacoatza\/files\/2020\/01\/CarteleraUV-1365x2048.jpg 1365w\" sizes=\"auto, (max-width: 536px) 100vw, 536px\" \/><\/a><\/p>\n<p>En el contexto local, la poblaci\u00f3n de Coatzacoalcos acostumbra a tener como prioridad de consumo cultural las actividades de festejo (feria local, fiestas patronales del municipio y carnavales) postergando las opciones que incluyen actividades art\u00edsticas propiamente dichas festivales art\u00edsticos.<\/p>\n<p>Es por eso por lo que reforzar la oferta de festivales culturales, para fomentar la creaci\u00f3n de p\u00fablico consumidor de propuestas art\u00edsticas de alto nivel de calidad, resulta una necesidad que debe ser atendida por nuestra universidad. La intensi\u00f3n sugiere que se formen estudiantes y ciudadanos cr\u00edticos, sensibles e instruidos en el gusto por las artes.<\/p>\n<p>La ciudad de Xalapa tiene diversos festivales art\u00edsticos al a\u00f1o y \u00e9ste es uno de los m\u00e1s importantes por su contenido cultural y gusto de la poblaci\u00f3n. Los resultados de cada edici\u00f3n reafirman la pertinencia de continuar a\u00f1os con a\u00f1o, debido a la asistencia de cientos de personas en las \u00faltimas ediciones.<\/p>\n<p>Es por ello la necesidad de crear un festival en la ciudad de Coatzacoalcos, con el fin promover el quehacer teatral de nuestra regi\u00f3n en vinculaci\u00f3n con grupos profesionales del teatro estatales y nacionales, con el fin de enriquecer las actividades realizadas en el Taller Libre de Artes\u00a0 de nuestra regi\u00f3n, logrando as\u00ed la descentralizaci\u00f3n de las artes en el estado de Veracruz.<\/p>\n<p>Las metas planteadas tienen un papel transformador de h\u00e1bitos de consumo cultural de las experiencias art\u00edsticas de nuestros campus. Asimismo, el beneficio, al ver fortalecida nuestra calidad en los proyectos art\u00edsticos que se crean en nuestro grupo representativo, gracias a las muestras de trabajos de otros artistas nacionales y que fortalecen a trav\u00e9s del aporte de din\u00e1micas recreativas, art\u00edsticas y culturales que promueven el intercambio, la formaci\u00f3n y el esparcimiento cultural de todos los involucrados.<\/p>\n<p>&nbsp;<\/p>\n<p>&nbsp;<\/p>\n<p>Para m\u00e1s informaci\u00f3n, visita nuestra pagina en Facebook <a href=\"https:\/\/www.facebook.com\/Festival-D%C3%ADa-Mundial-del-Teatro-Coatzacoalcos-1064307157290660\/\">Festival D\u00eda Mundial del Teatro UV Coatzacoalcos<\/a><\/p>\n<p>&nbsp;<\/p>\n\n\t\t<style type=\"text\/css\">\n\t\t\t#gallery-1 {\n\t\t\t\tmargin: auto;\n\t\t\t}\n\t\t\t#gallery-1 .gallery-item {\n\t\t\t\tfloat: left;\n\t\t\t\tmargin-top: 10px;\n\t\t\t\ttext-align: center;\n\t\t\t\twidth: 14%;\n\t\t\t}\n\t\t\t#gallery-1 img {\n\t\t\t\tborder: 2px solid #cfcfcf;\n\t\t\t}\n\t\t\t#gallery-1 .gallery-caption {\n\t\t\t\tmargin-left: 0;\n\t\t\t}\n\t\t\t\/* see gallery_shortcode() in wp-includes\/media.php *\/\n\t\t<\/style>\n\t\t<div id='gallery-1' class='gallery galleryid-241 gallery-columns-7 gallery-size-large'><dl class='gallery-item'>\n\t\t\t<dt class='gallery-icon landscape'>\n\t\t\t\t<a href='https:\/\/www.uv.mx\/coatza\/tlacoatza\/files\/2020\/01\/casqu8iito.jpg'><img loading=\"lazy\" decoding=\"async\" width=\"1024\" height=\"649\" src=\"https:\/\/www.uv.mx\/coatza\/tlacoatza\/files\/2020\/01\/casqu8iito-1024x649.jpg\" class=\"attachment-large size-large\" alt=\"\" srcset=\"https:\/\/www.uv.mx\/coatza\/tlacoatza\/files\/2020\/01\/casqu8iito-1024x649.jpg 1024w, https:\/\/www.uv.mx\/coatza\/tlacoatza\/files\/2020\/01\/casqu8iito-300x190.jpg 300w, https:\/\/www.uv.mx\/coatza\/tlacoatza\/files\/2020\/01\/casqu8iito-768x487.jpg 768w, https:\/\/www.uv.mx\/coatza\/tlacoatza\/files\/2020\/01\/casqu8iito-1536x974.jpg 1536w, https:\/\/www.uv.mx\/coatza\/tlacoatza\/files\/2020\/01\/casqu8iito.jpg 1596w\" sizes=\"auto, (max-width: 1024px) 100vw, 1024px\" \/><\/a>\n\t\t\t<\/dt><\/dl><dl class='gallery-item'>\n\t\t\t<dt class='gallery-icon landscape'>\n\t\t\t\t<a href='https:\/\/www.uv.mx\/coatza\/tlacoatza\/files\/2020\/01\/enf.jpg'><img loading=\"lazy\" decoding=\"async\" width=\"960\" height=\"587\" src=\"https:\/\/www.uv.mx\/coatza\/tlacoatza\/files\/2020\/01\/enf.jpg\" class=\"attachment-large size-large\" alt=\"\" srcset=\"https:\/\/www.uv.mx\/coatza\/tlacoatza\/files\/2020\/01\/enf.jpg 960w, https:\/\/www.uv.mx\/coatza\/tlacoatza\/files\/2020\/01\/enf-300x183.jpg 300w, https:\/\/www.uv.mx\/coatza\/tlacoatza\/files\/2020\/01\/enf-768x470.jpg 768w\" sizes=\"auto, (max-width: 960px) 100vw, 960px\" \/><\/a>\n\t\t\t<\/dt><\/dl><dl class='gallery-item'>\n\t\t\t<dt class='gallery-icon landscape'>\n\t\t\t\t<a href='https:\/\/www.uv.mx\/coatza\/tlacoatza\/files\/2020\/01\/pa.jpg'><img loading=\"lazy\" decoding=\"async\" width=\"960\" height=\"593\" src=\"https:\/\/www.uv.mx\/coatza\/tlacoatza\/files\/2020\/01\/pa.jpg\" class=\"attachment-large size-large\" alt=\"\" srcset=\"https:\/\/www.uv.mx\/coatza\/tlacoatza\/files\/2020\/01\/pa.jpg 960w, https:\/\/www.uv.mx\/coatza\/tlacoatza\/files\/2020\/01\/pa-300x185.jpg 300w, https:\/\/www.uv.mx\/coatza\/tlacoatza\/files\/2020\/01\/pa-768x474.jpg 768w\" sizes=\"auto, (max-width: 960px) 100vw, 960px\" \/><\/a>\n\t\t\t<\/dt><\/dl><dl class='gallery-item'>\n\t\t\t<dt class='gallery-icon landscape'>\n\t\t\t\t<a href='https:\/\/www.uv.mx\/coatza\/tlacoatza\/files\/2020\/01\/lecc.jpg'><img loading=\"lazy\" decoding=\"async\" width=\"960\" height=\"597\" src=\"https:\/\/www.uv.mx\/coatza\/tlacoatza\/files\/2020\/01\/lecc.jpg\" class=\"attachment-large size-large\" alt=\"\" srcset=\"https:\/\/www.uv.mx\/coatza\/tlacoatza\/files\/2020\/01\/lecc.jpg 960w, https:\/\/www.uv.mx\/coatza\/tlacoatza\/files\/2020\/01\/lecc-300x187.jpg 300w, https:\/\/www.uv.mx\/coatza\/tlacoatza\/files\/2020\/01\/lecc-768x478.jpg 768w\" sizes=\"auto, (max-width: 960px) 100vw, 960px\" \/><\/a>\n\t\t\t<\/dt><\/dl><dl class='gallery-item'>\n\t\t\t<dt class='gallery-icon landscape'>\n\t\t\t\t<a href='https:\/\/www.uv.mx\/coatza\/tlacoatza\/files\/2020\/01\/gug.jpg'><img loading=\"lazy\" decoding=\"async\" width=\"960\" height=\"581\" src=\"https:\/\/www.uv.mx\/coatza\/tlacoatza\/files\/2020\/01\/gug.jpg\" class=\"attachment-large size-large\" alt=\"\" srcset=\"https:\/\/www.uv.mx\/coatza\/tlacoatza\/files\/2020\/01\/gug.jpg 960w, https:\/\/www.uv.mx\/coatza\/tlacoatza\/files\/2020\/01\/gug-300x182.jpg 300w, https:\/\/www.uv.mx\/coatza\/tlacoatza\/files\/2020\/01\/gug-768x465.jpg 768w\" sizes=\"auto, (max-width: 960px) 100vw, 960px\" \/><\/a>\n\t\t\t<\/dt><\/dl><dl class='gallery-item'>\n\t\t\t<dt class='gallery-icon landscape'>\n\t\t\t\t<a href='https:\/\/www.uv.mx\/coatza\/tlacoatza\/files\/2020\/01\/gaz.jpg'><img loading=\"lazy\" decoding=\"async\" width=\"960\" height=\"624\" src=\"https:\/\/www.uv.mx\/coatza\/tlacoatza\/files\/2020\/01\/gaz.jpg\" class=\"attachment-large size-large\" alt=\"\" srcset=\"https:\/\/www.uv.mx\/coatza\/tlacoatza\/files\/2020\/01\/gaz.jpg 960w, https:\/\/www.uv.mx\/coatza\/tlacoatza\/files\/2020\/01\/gaz-300x195.jpg 300w, https:\/\/www.uv.mx\/coatza\/tlacoatza\/files\/2020\/01\/gaz-768x499.jpg 768w, https:\/\/www.uv.mx\/coatza\/tlacoatza\/files\/2020\/01\/gaz-83x55.jpg 83w\" sizes=\"auto, (max-width: 960px) 100vw, 960px\" \/><\/a>\n\t\t\t<\/dt><\/dl><dl class='gallery-item'>\n\t\t\t<dt class='gallery-icon landscape'>\n\t\t\t\t<a href='https:\/\/www.uv.mx\/coatza\/tlacoatza\/files\/2020\/01\/ped.jpg'><img loading=\"lazy\" decoding=\"async\" width=\"960\" height=\"540\" src=\"https:\/\/www.uv.mx\/coatza\/tlacoatza\/files\/2020\/01\/ped.jpg\" class=\"attachment-large size-large\" alt=\"\" srcset=\"https:\/\/www.uv.mx\/coatza\/tlacoatza\/files\/2020\/01\/ped.jpg 960w, https:\/\/www.uv.mx\/coatza\/tlacoatza\/files\/2020\/01\/ped-300x169.jpg 300w, https:\/\/www.uv.mx\/coatza\/tlacoatza\/files\/2020\/01\/ped-768x432.jpg 768w\" sizes=\"auto, (max-width: 960px) 100vw, 960px\" \/><\/a>\n\t\t\t<\/dt><\/dl><br style=\"clear: both\" \/><dl class='gallery-item'>\n\t\t\t<dt class='gallery-icon landscape'>\n\t\t\t\t<a href='https:\/\/www.uv.mx\/coatza\/tlacoatza\/files\/2020\/01\/pat.jpg'><img loading=\"lazy\" decoding=\"async\" width=\"960\" height=\"584\" src=\"https:\/\/www.uv.mx\/coatza\/tlacoatza\/files\/2020\/01\/pat.jpg\" class=\"attachment-large size-large\" alt=\"\" srcset=\"https:\/\/www.uv.mx\/coatza\/tlacoatza\/files\/2020\/01\/pat.jpg 960w, https:\/\/www.uv.mx\/coatza\/tlacoatza\/files\/2020\/01\/pat-300x183.jpg 300w, https:\/\/www.uv.mx\/coatza\/tlacoatza\/files\/2020\/01\/pat-768x467.jpg 768w\" sizes=\"auto, (max-width: 960px) 100vw, 960px\" \/><\/a>\n\t\t\t<\/dt><\/dl><dl class='gallery-item'>\n\t\t\t<dt class='gallery-icon landscape'>\n\t\t\t\t<a href='https:\/\/www.uv.mx\/coatza\/tlacoatza\/files\/2020\/01\/cru.jpg'><img loading=\"lazy\" decoding=\"async\" width=\"960\" height=\"544\" src=\"https:\/\/www.uv.mx\/coatza\/tlacoatza\/files\/2020\/01\/cru.jpg\" class=\"attachment-large size-large\" alt=\"\" srcset=\"https:\/\/www.uv.mx\/coatza\/tlacoatza\/files\/2020\/01\/cru.jpg 960w, https:\/\/www.uv.mx\/coatza\/tlacoatza\/files\/2020\/01\/cru-300x170.jpg 300w, https:\/\/www.uv.mx\/coatza\/tlacoatza\/files\/2020\/01\/cru-768x435.jpg 768w\" sizes=\"auto, (max-width: 960px) 100vw, 960px\" \/><\/a>\n\t\t\t<\/dt><\/dl><dl class='gallery-item'>\n\t\t\t<dt class='gallery-icon landscape'>\n\t\t\t\t<a href='https:\/\/www.uv.mx\/coatza\/tlacoatza\/files\/2020\/01\/dav.jpg'><img loading=\"lazy\" decoding=\"async\" width=\"1024\" height=\"791\" src=\"https:\/\/www.uv.mx\/coatza\/tlacoatza\/files\/2020\/01\/dav-1024x791.jpg\" class=\"attachment-large size-large\" alt=\"\" srcset=\"https:\/\/www.uv.mx\/coatza\/tlacoatza\/files\/2020\/01\/dav-1024x791.jpg 1024w, https:\/\/www.uv.mx\/coatza\/tlacoatza\/files\/2020\/01\/dav-300x232.jpg 300w, https:\/\/www.uv.mx\/coatza\/tlacoatza\/files\/2020\/01\/dav-768x593.jpg 768w, https:\/\/www.uv.mx\/coatza\/tlacoatza\/files\/2020\/01\/dav-1536x1187.jpg 1536w, https:\/\/www.uv.mx\/coatza\/tlacoatza\/files\/2020\/01\/dav.jpg 1650w\" sizes=\"auto, (max-width: 1024px) 100vw, 1024px\" \/><\/a>\n\t\t\t<\/dt><\/dl><dl class='gallery-item'>\n\t\t\t<dt class='gallery-icon landscape'>\n\t\t\t\t<a href='https:\/\/www.uv.mx\/coatza\/tlacoatza\/files\/2020\/01\/fer.jpg'><img loading=\"lazy\" decoding=\"async\" width=\"1024\" height=\"791\" src=\"https:\/\/www.uv.mx\/coatza\/tlacoatza\/files\/2020\/01\/fer-1024x791.jpg\" class=\"attachment-large size-large\" alt=\"\" srcset=\"https:\/\/www.uv.mx\/coatza\/tlacoatza\/files\/2020\/01\/fer-1024x791.jpg 1024w, https:\/\/www.uv.mx\/coatza\/tlacoatza\/files\/2020\/01\/fer-300x232.jpg 300w, https:\/\/www.uv.mx\/coatza\/tlacoatza\/files\/2020\/01\/fer-768x593.jpg 768w, https:\/\/www.uv.mx\/coatza\/tlacoatza\/files\/2020\/01\/fer-1536x1187.jpg 1536w, https:\/\/www.uv.mx\/coatza\/tlacoatza\/files\/2020\/01\/fer.jpg 1650w\" sizes=\"auto, (max-width: 1024px) 100vw, 1024px\" \/><\/a>\n\t\t\t<\/dt><\/dl><dl class='gallery-item'>\n\t\t\t<dt class='gallery-icon landscape'>\n\t\t\t\t<a href='https:\/\/www.uv.mx\/coatza\/tlacoatza\/files\/2020\/01\/fisico.jpg'><img loading=\"lazy\" decoding=\"async\" width=\"1024\" height=\"791\" src=\"https:\/\/www.uv.mx\/coatza\/tlacoatza\/files\/2020\/01\/fisico-1024x791.jpg\" class=\"attachment-large size-large\" alt=\"\" srcset=\"https:\/\/www.uv.mx\/coatza\/tlacoatza\/files\/2020\/01\/fisico-1024x791.jpg 1024w, https:\/\/www.uv.mx\/coatza\/tlacoatza\/files\/2020\/01\/fisico-300x232.jpg 300w, https:\/\/www.uv.mx\/coatza\/tlacoatza\/files\/2020\/01\/fisico-768x593.jpg 768w, https:\/\/www.uv.mx\/coatza\/tlacoatza\/files\/2020\/01\/fisico-1536x1187.jpg 1536w, https:\/\/www.uv.mx\/coatza\/tlacoatza\/files\/2020\/01\/fisico.jpg 1650w\" sizes=\"auto, (max-width: 1024px) 100vw, 1024px\" \/><\/a>\n\t\t\t<\/dt><\/dl><dl class='gallery-item'>\n\t\t\t<dt class='gallery-icon landscape'>\n\t\t\t\t<a href='https:\/\/www.uv.mx\/coatza\/tlacoatza\/files\/2020\/01\/san.jpg'><img loading=\"lazy\" decoding=\"async\" width=\"1024\" height=\"791\" src=\"https:\/\/www.uv.mx\/coatza\/tlacoatza\/files\/2020\/01\/san-1024x791.jpg\" class=\"attachment-large size-large\" alt=\"\" srcset=\"https:\/\/www.uv.mx\/coatza\/tlacoatza\/files\/2020\/01\/san-1024x791.jpg 1024w, https:\/\/www.uv.mx\/coatza\/tlacoatza\/files\/2020\/01\/san-300x232.jpg 300w, https:\/\/www.uv.mx\/coatza\/tlacoatza\/files\/2020\/01\/san-768x593.jpg 768w, https:\/\/www.uv.mx\/coatza\/tlacoatza\/files\/2020\/01\/san-1536x1187.jpg 1536w, https:\/\/www.uv.mx\/coatza\/tlacoatza\/files\/2020\/01\/san.jpg 1650w\" sizes=\"auto, (max-width: 1024px) 100vw, 1024px\" \/><\/a>\n\t\t\t<\/dt><\/dl><dl class='gallery-item'>\n\t\t\t<dt class='gallery-icon landscape'>\n\t\t\t\t<a href='https:\/\/www.uv.mx\/coatza\/tlacoatza\/files\/2020\/01\/IMG_5799-scaled.jpg'><img loading=\"lazy\" decoding=\"async\" width=\"1024\" height=\"683\" src=\"https:\/\/www.uv.mx\/coatza\/tlacoatza\/files\/2020\/01\/IMG_5799-1024x683.jpg\" class=\"attachment-large size-large\" alt=\"\" srcset=\"https:\/\/www.uv.mx\/coatza\/tlacoatza\/files\/2020\/01\/IMG_5799-1024x683.jpg 1024w, https:\/\/www.uv.mx\/coatza\/tlacoatza\/files\/2020\/01\/IMG_5799-300x200.jpg 300w, https:\/\/www.uv.mx\/coatza\/tlacoatza\/files\/2020\/01\/IMG_5799-768x512.jpg 768w, https:\/\/www.uv.mx\/coatza\/tlacoatza\/files\/2020\/01\/IMG_5799-83x55.jpg 83w, https:\/\/www.uv.mx\/coatza\/tlacoatza\/files\/2020\/01\/IMG_5799-1536x1024.jpg 1536w, https:\/\/www.uv.mx\/coatza\/tlacoatza\/files\/2020\/01\/IMG_5799-2048x1365.jpg 2048w\" sizes=\"auto, (max-width: 1024px) 100vw, 1024px\" \/><\/a>\n\t\t\t<\/dt><\/dl><br style=\"clear: both\" \/>\n\t\t<\/div>\n\n<p>&nbsp;<\/p>\n","protected":false},"excerpt":{"rendered":"<p>El Instituto Internacional del Teatro instaur\u00f3 el 27 de marzo como D\u00eda Mundial del Teatro en 1961.\u00a0Esta celebraci\u00f3n es lleva a cabo anualmente, en la que la comunidad teatral internacional organiza diversos eventos nacionales e internacionales, invitando a una personalidad del teatro a compartir una reflexi\u00f3n sobre el teatro (Mensaje Internacional del D\u00eda Mundial del\u00a0Teatro). [&hellip;]<\/p>\n","protected":false},"author":83,"featured_media":336,"comment_status":"closed","ping_status":"closed","sticky":false,"template":"","format":"standard","meta":{"ventana_nueva":"","tipo_url":"","url":"","extracto":"","imagen_halign":"","imagen_valign":"","bg_size":"","text_hide":"","media_url":"","tipo_media":"","video_url":"","video_pos":"","video_youtube":"","footnotes":""},"categories":[7,1],"tags":[],"class_list":["post-241","post","type-post","status-publish","format-standard","has-post-thumbnail","hentry","category-festival-dia-mundial-del-teatro-coatzacoalcos","category-sin-categoria"],"_links":{"self":[{"href":"https:\/\/www.uv.mx\/coatza\/tlacoatza\/wp-json\/wp\/v2\/posts\/241","targetHints":{"allow":["GET"]}}],"collection":[{"href":"https:\/\/www.uv.mx\/coatza\/tlacoatza\/wp-json\/wp\/v2\/posts"}],"about":[{"href":"https:\/\/www.uv.mx\/coatza\/tlacoatza\/wp-json\/wp\/v2\/types\/post"}],"author":[{"embeddable":true,"href":"https:\/\/www.uv.mx\/coatza\/tlacoatza\/wp-json\/wp\/v2\/users\/83"}],"replies":[{"embeddable":true,"href":"https:\/\/www.uv.mx\/coatza\/tlacoatza\/wp-json\/wp\/v2\/comments?post=241"}],"version-history":[{"count":0,"href":"https:\/\/www.uv.mx\/coatza\/tlacoatza\/wp-json\/wp\/v2\/posts\/241\/revisions"}],"wp:featuredmedia":[{"embeddable":true,"href":"https:\/\/www.uv.mx\/coatza\/tlacoatza\/wp-json\/wp\/v2\/media\/336"}],"wp:attachment":[{"href":"https:\/\/www.uv.mx\/coatza\/tlacoatza\/wp-json\/wp\/v2\/media?parent=241"}],"wp:term":[{"taxonomy":"category","embeddable":true,"href":"https:\/\/www.uv.mx\/coatza\/tlacoatza\/wp-json\/wp\/v2\/categories?post=241"},{"taxonomy":"post_tag","embeddable":true,"href":"https:\/\/www.uv.mx\/coatza\/tlacoatza\/wp-json\/wp\/v2\/tags?post=241"}],"curies":[{"name":"wp","href":"https:\/\/api.w.org\/{rel}","templated":true}]}}