
{"id":4363,"date":"2018-04-01T19:08:17","date_gmt":"2018-04-02T00:08:17","guid":{"rendered":"https:\/\/www.uv.mx\/filu\/?p=4363"},"modified":"2018-04-05T16:31:32","modified_gmt":"2018-04-05T21:31:32","slug":"autores-2018-patricia-castillo","status":"publish","type":"post","link":"https:\/\/www.uv.mx\/filu\/autores-2018\/autores-2018-patricia-castillo\/","title":{"rendered":"Autores 2018 &#8211; Patricia Castillo"},"content":{"rendered":"<p><strong>Nombre:<\/strong> Patricia Castillo<\/p>\n<p><strong>\u00a0<\/strong><\/p>\n<p>Graduada en el Conservatorio Nacional de M\u00fasica en M\u00e9xico, D. F. como Pianista Concertista con Menci\u00f3n Honor\u00edfica en 1979, concluye estudios equivalentes a Maestr\u00eda en piano con Edith Picht-Axenfeld (1981) y en clavec\u00edn con Robert Hill (1994), ambos en la Escuela Superior de M\u00fasica de Friburgo, Alemania.<\/p>\n<p>Ha tomado clases y cursos con: Guadalupe Sotres, N\u00e9stor Casta\u00f1eda, Stanislav Heller, Georg Demus, Susan Star, Miguel \u00c1ngel Estrella, Regina Smedzianka, Klaus Schielde, Marcel Heuclin, Jorge Bolet, Gyorgy Sandor, Marion Verbruggen, Reinhard Goebel, Gustav Leonhardt, entre otros.<\/p>\n<p>Participa frecuentemente como solista, invitada por las principales orquestas sinf\u00f3nicas y de c\u00e1mara del pa\u00eds, habiendo tenido como directores a Luis Herrera de la Fuente, Enrique Diemecke, Kurt Redel, Jos\u00e9 Guadalupe Flores, Entique B\u00e1tiz, Joel Levi, Enrique Garc\u00eda Asensio, Francisco Sav\u00edn, F\u00e9lix Carrasco, Benjam\u00edn Ju\u00e1rez Echenique, Armando Zayas, Haller Beno\u00eet, Olivier Cuendet, David Epstein, Julio de Windt, Alfred Savia, Eduardo Rahn, Carlos Miguel Prieto entre otros.<\/p>\n<p>Entre sus grabaciones se encuentran los discos compactos <em>Encuentro de dos Mundos Barrocos<\/em> (Celanese 1995), <em>Canciones italianas del precl\u00e1sico<\/em> (FONCA-UNAM-1996), <em>Recital de Clavec\u00edn<\/em> para la marca Urtext Digital-Classic UMA 2003 y <em>Saxof\u00f3n en Concierto<\/em> con m\u00fasica francesa del siglo XX para saxof\u00f3n y piano.<\/p>\n<p>Desde 1982 es profesora de piano en la Facultad de M\u00fasica de la Universidad Veracruzana y Directora de la misma de septiembre de 1999 a septiembre de 2003.<\/p>\n<p><strong>\u00a0<\/strong><\/p>\n<p><strong>Reconocimientos: <\/strong><\/p>\n<p>Primer Premio en Piano en el Concurso Latinoamericano \u201cManuel M. Ponce\u201d 1975.<\/p>\n<p>Primer Premio en el Concurso para Solistas de la Orquesta Filarm\u00f3nica de la Ciudad de M\u00e9xico 1979.<\/p>\n<p>Becaria FONCA 1995-1996.<\/p>\n","protected":false},"excerpt":{"rendered":"<p>Nombre: Patricia Castillo \u00a0 Graduada en el Conservatorio Nacional de M\u00fasica en M\u00e9xico, D. F. como Pianista Concertista con Menci\u00f3n Honor\u00edfica en 1979, concluye estudios equivalentes a Maestr\u00eda en piano con Edith Picht-Axenfeld (1981) y en clavec\u00edn con Robert Hill (1994), ambos en la Escuela Superior de M\u00fasica de Friburgo, Alemania. Ha tomado clases y [&hellip;]<\/p>\n","protected":false},"author":1795,"featured_media":0,"comment_status":"closed","ping_status":"closed","sticky":false,"template":"","format":"standard","meta":[],"categories":[14],"tags":[],"_links":{"self":[{"href":"https:\/\/www.uv.mx\/filu\/wp-json\/wp\/v2\/posts\/4363"}],"collection":[{"href":"https:\/\/www.uv.mx\/filu\/wp-json\/wp\/v2\/posts"}],"about":[{"href":"https:\/\/www.uv.mx\/filu\/wp-json\/wp\/v2\/types\/post"}],"author":[{"embeddable":true,"href":"https:\/\/www.uv.mx\/filu\/wp-json\/wp\/v2\/users\/1795"}],"replies":[{"embeddable":true,"href":"https:\/\/www.uv.mx\/filu\/wp-json\/wp\/v2\/comments?post=4363"}],"version-history":[{"count":0,"href":"https:\/\/www.uv.mx\/filu\/wp-json\/wp\/v2\/posts\/4363\/revisions"}],"wp:attachment":[{"href":"https:\/\/www.uv.mx\/filu\/wp-json\/wp\/v2\/media?parent=4363"}],"wp:term":[{"taxonomy":"category","embeddable":true,"href":"https:\/\/www.uv.mx\/filu\/wp-json\/wp\/v2\/categories?post=4363"},{"taxonomy":"post_tag","embeddable":true,"href":"https:\/\/www.uv.mx\/filu\/wp-json\/wp\/v2\/tags?post=4363"}],"curies":[{"name":"wp","href":"https:\/\/api.w.org\/{rel}","templated":true}]}}