
{"id":4921,"date":"2018-04-07T00:55:08","date_gmt":"2018-04-07T05:55:08","guid":{"rendered":"https:\/\/www.uv.mx\/filu\/?p=4921"},"modified":"2018-04-07T00:55:08","modified_gmt":"2018-04-07T05:55:08","slug":"autores-2018-christopher-dominguez-michael","status":"publish","type":"post","link":"https:\/\/www.uv.mx\/filu\/autores-2018\/autores-2018-christopher-dominguez-michael\/","title":{"rendered":"Autores 2018 &#8211; Christopher Dom\u00ednguez Michael"},"content":{"rendered":"<p><strong>Nombre:<\/strong> Christopher Dom\u00ednguez Michael<\/p>\n<p>Cr\u00edtico literario, ensayista, historiador de la cultura y novelista. Estudi\u00f3 Sociolog\u00eda en la\u00a0UAM-X inici\u00e1ndose en el periodismo cultural desde los 18 a\u00f1os, publicando rese\u00f1as bibliogr\u00e1ficas y art\u00edculos pol\u00edticos en las revistas mexicanas\u00a0<em>Territorios<\/em>, <em>El Machete<\/em>\u00a0y\u00a0<em>Nexos<\/em>, as\u00ed como en el diario\u00a0<em>Unom\u00e1suno<\/em>. Ha sido rese\u00f1ista titular del semanario\u00a0<em>Proceso<\/em>\u00a0(1983-1990); integrante del consejo de redacci\u00f3n de las revistas\u00a0<em>El Busc\u00f3n<\/em>\u00a0(1982-1986);\u00a0<em>La\u00a0Gaceta<\/em> <em>del\u00a0FCE<\/em>, (1987-2000) y\u00a0<em>Vuelta\u00a0<\/em>(1989-1998); subdirector de la revista\u00a0<em>Casa del Tiempo<\/em>\u00a0(1984-1986) y de\u00a0<em>La Orquesta<\/em>\u00a0(1986-1988).<\/p>\n<p>Es consejero editorial del suplemento\u00a0El \u00c1ngel\u00a0del peri\u00f3dico\u00a0Reforma; y forma parte del consejo editorial de\u00a0Letras Libres. Colaborador de\u00a0<em>Casa del Tiempo<\/em>, <em>Cultura y Pol\u00edtica<\/em>, <em>El Busc\u00f3n<\/em>, <em>El Machete<\/em>, <em>La Cultura en M\u00e9xico<\/em>,\u00a0<em>La Gaceta<\/em> del\u00a0FCE, <em>La Jornada<\/em>, <em>La Orquesta<\/em>, <em>Letras Libres<\/em>, <em>Nexos<\/em>, <em>Proceso<\/em>, <em>Territorios<\/em>, <em>Unom\u00e1suno<\/em>,\u00a0y\u00a0<em>Vuelta<\/em>.\u00a0 Sus publicaciones han aparecido tambi\u00e9n en diarios y revistas internacionales como:\u00a0<em>El Pa\u00eds<\/em>, <em>Cuadernos Hispanoamericanos<\/em>, <em>Letra internacional<\/em>,\u00a0y\u00a0<em>Letras Libres<\/em>\u00a0de Espa\u00f1a;\u00a0<em>La \u00e9poca<\/em>\u00a0y\u00a0<em>El Mercurio<\/em>, en Santiago de Chile;\u00a0<em>The Latinamerican Review<\/em>, Nueva York y\u00a0<em>El malpensante<\/em>, Bogot\u00e1.<\/p>\n<p>Becario del\u00a0INBA, en cr\u00edtica literaria, 1986; y del\u00a0FONCA, como creador art\u00edstico, 1991-1992; de la Fundaci\u00f3n Octavio Paz como ensayista, 2000-2001. Becario de ensayo del Programa Gram\u00e1tica de la Memoria de la Rockefeller\/Universidad Iberoamericana para historia cultural en 1998. Becario de la Fundaci\u00f3n Guggenheim, 2006. Miembro del\u00a0SNCA\u00a0entre 1993 y 2000.<\/p>\n<p><strong>Reconocimientos:<\/strong><\/p>\n<p>Premio Guillermo Rousset Banda 1998, por\u00a0<em>Tiros en el concierto<\/em>.<\/p>\n<p>Premio Xavier Villaurrutia 2004, \u00a0por\u00a0<em>Vida de Fray Servando<\/em>.<\/p>\n<p><strong>Editoriales: <\/strong>ERA, Fondo de Cultura Econ\u00f3mica, Biblioteca Ayacucho,\u00a0Ediciones UDP, Ai Trani Editores\/Direcci\u00f3n General de Publicaciones,\u00a0Nostra Ediciones, Ediciones sin nombre\/Consejo Nacional para la Cultura y las Artes, Lumen, Editorial Joaqu\u00edn Mortiz, Editorial Vuelta, \u00a0Universidad Aut\u00f3noma Metropolitana, Gallimard, Aguilar, \u00a0El Colegio de M\u00e9xico, Dalkey Archive Press.<\/p>\n<p>&nbsp;<\/p>\n","protected":false},"excerpt":{"rendered":"<p>Nombre: Christopher Dom\u00ednguez Michael Cr\u00edtico literario, ensayista, historiador de la cultura y novelista. Estudi\u00f3 Sociolog\u00eda en la\u00a0UAM-X inici\u00e1ndose en el periodismo cultural desde los 18 a\u00f1os, publicando rese\u00f1as bibliogr\u00e1ficas y art\u00edculos pol\u00edticos en las revistas mexicanas\u00a0Territorios, El Machete\u00a0y\u00a0Nexos, as\u00ed como en el diario\u00a0Unom\u00e1suno. Ha sido rese\u00f1ista titular del semanario\u00a0Proceso\u00a0(1983-1990); integrante del consejo de redacci\u00f3n de [&hellip;]<\/p>\n","protected":false},"author":1795,"featured_media":0,"comment_status":"closed","ping_status":"closed","sticky":false,"template":"","format":"standard","meta":[],"categories":[14],"tags":[],"_links":{"self":[{"href":"https:\/\/www.uv.mx\/filu\/wp-json\/wp\/v2\/posts\/4921"}],"collection":[{"href":"https:\/\/www.uv.mx\/filu\/wp-json\/wp\/v2\/posts"}],"about":[{"href":"https:\/\/www.uv.mx\/filu\/wp-json\/wp\/v2\/types\/post"}],"author":[{"embeddable":true,"href":"https:\/\/www.uv.mx\/filu\/wp-json\/wp\/v2\/users\/1795"}],"replies":[{"embeddable":true,"href":"https:\/\/www.uv.mx\/filu\/wp-json\/wp\/v2\/comments?post=4921"}],"version-history":[{"count":0,"href":"https:\/\/www.uv.mx\/filu\/wp-json\/wp\/v2\/posts\/4921\/revisions"}],"wp:attachment":[{"href":"https:\/\/www.uv.mx\/filu\/wp-json\/wp\/v2\/media?parent=4921"}],"wp:term":[{"taxonomy":"category","embeddable":true,"href":"https:\/\/www.uv.mx\/filu\/wp-json\/wp\/v2\/categories?post=4921"},{"taxonomy":"post_tag","embeddable":true,"href":"https:\/\/www.uv.mx\/filu\/wp-json\/wp\/v2\/tags?post=4921"}],"curies":[{"name":"wp","href":"https:\/\/api.w.org\/{rel}","templated":true}]}}