{"id":287,"date":"2018-04-30T13:34:32","date_gmt":"2018-04-30T18:34:32","guid":{"rendered":"https:\/\/www.uv.mx\/orizaba\/cuacc\/?p=287"},"modified":"2019-02-25T16:41:50","modified_gmt":"2019-02-25T22:41:50","slug":"cordoba","status":"publish","type":"post","link":"https:\/\/www.uv.mx\/orizaba\/cuacc\/museos\/cordoba\/","title":{"rendered":"Museos en C\u00f3rdoba"},"content":{"rendered":"<p><img decoding=\"async\" loading=\"lazy\" class=\"alignnone wp-image-310 size-large\" src=\"https:\/\/www.uv.mx\/orizaba\/cuacc\/files\/2018\/04\/franjaC-1024x176.jpg\" alt=\"\" width=\"1024\" height=\"176\" srcset=\"https:\/\/www.uv.mx\/orizaba\/cuacc\/files\/2018\/04\/franjaC-1024x176.jpg 1024w, https:\/\/www.uv.mx\/orizaba\/cuacc\/files\/2018\/04\/franjaC-300x52.jpg 300w, https:\/\/www.uv.mx\/orizaba\/cuacc\/files\/2018\/04\/franjaC-768x132.jpg 768w, https:\/\/www.uv.mx\/orizaba\/cuacc\/files\/2018\/04\/franjaC.jpg 1192w\" sizes=\"(max-width: 1024px) 100vw, 1024px\" \/><\/p>\n<p>&nbsp;<\/p>\n<p><strong><span style=\"font-size: 14pt\"><img decoding=\"async\" loading=\"lazy\" class=\"size-medium wp-image-291 alignleft\" src=\"https:\/\/www.uv.mx\/orizaba\/cuacc\/files\/2018\/05\/daadasxc-300x169.jpg\" alt=\"\" width=\"300\" height=\"169\" srcset=\"https:\/\/www.uv.mx\/orizaba\/cuacc\/files\/2018\/05\/daadasxc-300x169.jpg 300w, https:\/\/www.uv.mx\/orizaba\/cuacc\/files\/2018\/05\/daadasxc-768x432.jpg 768w, https:\/\/www.uv.mx\/orizaba\/cuacc\/files\/2018\/05\/daadasxc-1024x576.jpg 1024w, https:\/\/www.uv.mx\/orizaba\/cuacc\/files\/2018\/05\/daadasxc.jpg 2048w\" sizes=\"(max-width: 300px) 100vw, 300px\" \/>Museo de C\u00f3rdoba<\/span><\/strong><\/p>\n<p>\u29bf <a href=\"https:\/\/www.google.com.br\/maps\/place\/Museo+de+C%C3%B3rdoba\/@18.8933449,-96.9354846,19z\/data=!4m8!1m2!2m1!1sMuseo+de+C%C3%B3rdoba!3m4!1s0x0:0x54e40eb7cacdeaf7!8m2!3d18.893129!4d-96.9348551\"><em>Calle 3, Centro, C\u00f3rdoba, Ver<\/em>.<\/a><\/p>\n<p>Fundado en 1974, el museo de la ciudad de C\u00f3rdoba tiene como sede la antigua casa del destacado poeta cordob\u00e9s Jorge Cuesta. En cuatro de sus seis salas se pueden apreciar evidencias arqueol\u00f3gicas de culturas como la olmeca, maya, huasteca, teotihuacana y totonaca, una sala m\u00e1s est\u00e1 destinada a la Ludoteca \u201cElena Poniatowska\u201d y la sexta est\u00e1 destinada a alojar exposiciones temporales.<\/p>\n<p>&nbsp;<\/p>\n<p>__________________________________________________________________________________________________<\/p>\n<p>&nbsp;<\/p>\n<p><span style=\"font-size: 14pt\"><strong><img decoding=\"async\" loading=\"lazy\" class=\"size-medium wp-image-290 alignleft\" src=\"https:\/\/www.uv.mx\/orizaba\/cuacc\/files\/2018\/05\/kfe-300x189.jpg\" alt=\"\" width=\"300\" height=\"189\" srcset=\"https:\/\/www.uv.mx\/orizaba\/cuacc\/files\/2018\/05\/kfe-300x189.jpg 300w, https:\/\/www.uv.mx\/orizaba\/cuacc\/files\/2018\/05\/kfe-768x483.jpg 768w, https:\/\/www.uv.mx\/orizaba\/cuacc\/files\/2018\/05\/kfe-1024x644.jpg 1024w, https:\/\/www.uv.mx\/orizaba\/cuacc\/files\/2018\/05\/kfe.jpg 1831w\" sizes=\"(max-width: 300px) 100vw, 300px\" \/>Museo del Caf\u00e9<\/strong><\/span><\/p>\n<p>\u29bf <a href=\"https:\/\/www.google.com.br\/maps\/place\/Museo+del+Caf%C3%A9+C%C3%B3rdoba\/@18.8933449,-96.9354846,19z\/data=!4m8!1m2!2m1!1sMuseo+de+C%C3%B3rdoba!3m4!1s0x0:0x7c7a2273a7de034d!8m2!3d18.8935611!4d-96.9350201\"><em>112 Avenida 3 Centro, Centro, C\u00f3rdoba, Veracruz<\/em><\/a><\/p>\n<p>C\u00f3rdoba es reconocida a nivel nacional e internacional por su cultivo y producci\u00f3n de caf\u00e9, tanta es la importancia de este grano que ha formado parte de la identidad de esta ciudad. El Museo del Caf\u00e9 tiene como prop\u00f3sito exponer sus or\u00edgenes en la regi\u00f3n que datan de hace m\u00e1s de 220 a\u00f1os con el arribo\u00a0 de la primera planta a la Hacienda de Guadalupe en el siglo XVIII.<\/p>\n<p>&nbsp;<\/p>\n<p>&nbsp;<\/p>\n<p>__________________________________________________________________________________________________<\/p>\n<p>&nbsp;<\/p>\n<p><span style=\"font-size: 14pt\"><strong><img decoding=\"async\" loading=\"lazy\" class=\"size-medium wp-image-292 alignleft\" src=\"https:\/\/www.uv.mx\/orizaba\/cuacc\/files\/2018\/05\/catstox-300x169.jpg\" alt=\"\" width=\"300\" height=\"169\" srcset=\"https:\/\/www.uv.mx\/orizaba\/cuacc\/files\/2018\/05\/catstox-300x169.jpg 300w, https:\/\/www.uv.mx\/orizaba\/cuacc\/files\/2018\/05\/catstox-768x432.jpg 768w, https:\/\/www.uv.mx\/orizaba\/cuacc\/files\/2018\/05\/catstox-1024x576.jpg 1024w, https:\/\/www.uv.mx\/orizaba\/cuacc\/files\/2018\/05\/catstox.jpg 2048w\" sizes=\"(max-width: 300px) 100vw, 300px\" \/>Ex Hacienda San Francisco Toxpan<\/strong><\/span><\/p>\n<p>\u29bf <a href=\"https:\/\/www.google.com.br\/maps\/place\/Ex+Hacienda+de+Toxpan\/@18.9062479,-96.9280731,19.21z\/data=!4m8!1m2!2m1!1sToxpan+!3m4!1s0x0:0xe724c24cff6b0fe9!8m2!3d18.906611!4d-96.927912\"><em>Calle 6, San Francisco Toxpan, Nuevo San Francisco, C\u00f3rdoba, Ver.<\/em><\/a><\/p>\n<p>Debido a las condiciones que posee el suelo de la regi\u00f3n de las altas monta\u00f1as se propicia el cultivo de la ca\u00f1a de az\u00facar; por lo cual; las haciendas, fincas e ingenios azucareros han tenido un papel importante en la regi\u00f3n. Prueba de ello son los vestigios de la Ex Hacienda San Francisco Toxpan; a pesar de que en la actualidad parte de la estructura se ha convertido en un Centro Cultural a\u00fan conserva intactas algunas \u00e1reas de lo que fuese en un tiempo uno de los primero ingenios azucareros del pa\u00eds.<\/p>\n<p>&nbsp;<\/p>\n<p>_________________________________________________________________________________________________<\/p>\n<p>&nbsp;<\/p>\n<p><strong><span style=\"font-size: 14pt\"><img decoding=\"async\" loading=\"lazy\" class=\"size-medium wp-image-298 alignleft\" src=\"https:\/\/www.uv.mx\/orizaba\/cuacc\/files\/2018\/05\/cana-300x189.jpg\" alt=\"\" width=\"300\" height=\"189\" srcset=\"https:\/\/www.uv.mx\/orizaba\/cuacc\/files\/2018\/05\/cana-300x189.jpg 300w, https:\/\/www.uv.mx\/orizaba\/cuacc\/files\/2018\/05\/cana-768x484.jpg 768w, https:\/\/www.uv.mx\/orizaba\/cuacc\/files\/2018\/05\/cana-1024x645.jpg 1024w, https:\/\/www.uv.mx\/orizaba\/cuacc\/files\/2018\/05\/cana.jpg 1655w\" sizes=\"(max-width: 300px) 100vw, 300px\" \/>\u201c<em>La Zafra<\/em>\u201d Museo Nacional de la Ca\u00f1a<\/span><\/strong><\/p>\n<p>\u29bf <a href=\"https:\/\/www.google.com.br\/maps\/place\/Ex+Hacienda+de+Toxpan\/@18.9062479,-96.9280731,19.21z\/data=!4m8!1m2!2m1!1sToxpan+!3m4!1s0x0:0xe724c24cff6b0fe9!8m2!3d18.906611!4d-96.927912\"><em>Calle 6, San Francisco Toxpan, Nuevo San Francisco, C\u00f3rdoba, Ver.<\/em><\/a><\/p>\n<p>Dentro de la Ex hacienda San Francisco Toxpan se encuentra un espacio dedicado a exponer a la ca\u00f1a de az\u00facar, un producto agr\u00edcola de gran importancia en la regi\u00f3n. A trav\u00e9s de sus espacios interactivos se pretende que el visitante tenga un acercamiento con la historia, indumentaria, maquinaria y el proceso de elaboraci\u00f3n de az\u00facar y otros derivados.<\/p>\n<p>&nbsp;<\/p>\n<p>&nbsp;<\/p>\n<p>_________________________________________________________________________________________________<\/p>\n<p>&nbsp;<\/p>\n<p><strong><span style=\"font-size: 14pt\"><img decoding=\"async\" loading=\"lazy\" class=\"size-medium wp-image-306 alignleft\" src=\"https:\/\/www.uv.mx\/orizaba\/cuacc\/files\/2018\/05\/murales-300x177.jpg\" alt=\"\" width=\"300\" height=\"177\" srcset=\"https:\/\/www.uv.mx\/orizaba\/cuacc\/files\/2018\/05\/murales-300x177.jpg 300w, https:\/\/www.uv.mx\/orizaba\/cuacc\/files\/2018\/05\/murales-768x454.jpg 768w, https:\/\/www.uv.mx\/orizaba\/cuacc\/files\/2018\/05\/murales-1024x605.jpg 1024w, https:\/\/www.uv.mx\/orizaba\/cuacc\/files\/2018\/05\/murales.jpg 1846w\" sizes=\"(max-width: 300px) 100vw, 300px\" \/>Murales<\/span><\/strong><\/p>\n<p>\u29bf<em> Zona Centro<\/em><\/p>\n<p>Las calles y avenidas de la ciudad de C\u00f3rdoba son adornadas por varios murales de artistas locales. Esta muestra de arte ha convertido a la ciudad y en especial al centro de esta misma en un museo al aire libre.<\/p>\n","protected":false},"excerpt":{"rendered":"<p>&nbsp; Museo de C\u00f3rdoba \u29bf Calle 3, Centro, C\u00f3rdoba, Ver. Fundado en 1974, el museo de la ciudad de C\u00f3rdoba tiene como sede la antigua casa del destacado poeta cordob\u00e9s Jorge Cuesta. En cuatro de sus seis salas se pueden apreciar evidencias arqueol\u00f3gicas de culturas como la olmeca, maya, huasteca, teotihuacana y totonaca, una sala [&hellip;]<\/p>\n","protected":false},"author":59,"featured_media":316,"comment_status":"closed","ping_status":"closed","sticky":false,"template":"","format":"standard","meta":{"ventana_nueva":"","tipo_url":"","url":"","extracto":"","imagen_halign":"","imagen_valign":"","bg_size":"","text_hide":"","media_url":"","tipo_media":"","video_url":"","video_pos":"","video_youtube":""},"categories":[9],"tags":[],"_links":{"self":[{"href":"https:\/\/www.uv.mx\/orizaba\/cuacc\/wp-json\/wp\/v2\/posts\/287"}],"collection":[{"href":"https:\/\/www.uv.mx\/orizaba\/cuacc\/wp-json\/wp\/v2\/posts"}],"about":[{"href":"https:\/\/www.uv.mx\/orizaba\/cuacc\/wp-json\/wp\/v2\/types\/post"}],"author":[{"embeddable":true,"href":"https:\/\/www.uv.mx\/orizaba\/cuacc\/wp-json\/wp\/v2\/users\/59"}],"replies":[{"embeddable":true,"href":"https:\/\/www.uv.mx\/orizaba\/cuacc\/wp-json\/wp\/v2\/comments?post=287"}],"version-history":[{"count":0,"href":"https:\/\/www.uv.mx\/orizaba\/cuacc\/wp-json\/wp\/v2\/posts\/287\/revisions"}],"wp:featuredmedia":[{"embeddable":true,"href":"https:\/\/www.uv.mx\/orizaba\/cuacc\/wp-json\/wp\/v2\/media\/316"}],"wp:attachment":[{"href":"https:\/\/www.uv.mx\/orizaba\/cuacc\/wp-json\/wp\/v2\/media?parent=287"}],"wp:term":[{"taxonomy":"category","embeddable":true,"href":"https:\/\/www.uv.mx\/orizaba\/cuacc\/wp-json\/wp\/v2\/categories?post=287"},{"taxonomy":"post_tag","embeddable":true,"href":"https:\/\/www.uv.mx\/orizaba\/cuacc\/wp-json\/wp\/v2\/tags?post=287"}],"curies":[{"name":"wp","href":"https:\/\/api.w.org\/{rel}","templated":true}]}}