{"id":504,"date":"2017-11-06T12:01:31","date_gmt":"2017-11-06T18:01:31","guid":{"rendered":"http:\/\/www.uv.mx\/personal\/aguerra\/?p=504"},"modified":"2017-11-06T12:01:41","modified_gmt":"2017-11-06T18:01:41","slug":"nueva-conferencia-magistral","status":"publish","type":"post","link":"https:\/\/www.uv.mx\/personal\/aguerra\/2017\/11\/06\/nueva-conferencia-magistral\/","title":{"rendered":"Nueva Conferencia Magistral"},"content":{"rendered":"<p>He sido invitado muy amablemente a participar en el VI Foro de Divulgaci\u00f3n en Ciencias de la Computaci\u00f3n, celebrado en la Facultad de Estad\u00edstica e Inform\u00e1tica de la Universidad Veracruzana los d\u00edas 6&#8211;7 de noviembre 2017,, con una conferencia magistral. El tema de la misma fue, como no, el Aprendizaje en los Sistemas Multi-Agentes BDI. La presentaci\u00f3n de la conferencias la pueden consular aqu\u00ed:\u00a0<a href=\"http:\/\/www.uv.mx\/personal\/aguerra\/files\/2015\/11\/2017-uv-foro-fei.pdf\">2017-uv-foro-fei<\/a>.<\/p>\n<p>Agradezco mucho la invitaci\u00f3n de esta comunidad que ha aportado tantos buenos estudiantes a nuestros proyectos de investigaci\u00f3n.<\/p>\n<p>Xalapa, Ver., 6 de Noviembre de 2017<\/p>\n<p>A. Guerra-Hern\u00e1ndez<\/p>\n","protected":false},"excerpt":{"rendered":"<p>He sido invitado muy amablemente a participar en el VI Foro de Divulgaci\u00f3n en Ciencias de la Computaci\u00f3n, celebrado en la Facultad de Estad\u00edstica e Inform\u00e1tica de la Universidad Veracruzana los d\u00edas 6&#8211;7 de noviembre 2017,, con una conferencia magistral. El tema de la misma fue, como no, el Aprendizaje en los Sistemas Multi-Agentes BDI&#8230;.<\/p>\n","protected":false},"author":1701,"featured_media":0,"comment_status":"closed","ping_status":"closed","sticky":false,"template":"","format":"standard","meta":{"footnotes":""},"categories":[4],"tags":[],"class_list":["post-504","post","type-post","status-publish","format-standard","hentry","category-miblog"],"_links":{"self":[{"href":"https:\/\/www.uv.mx\/personal\/aguerra\/wp-json\/wp\/v2\/posts\/504","targetHints":{"allow":["GET"]}}],"collection":[{"href":"https:\/\/www.uv.mx\/personal\/aguerra\/wp-json\/wp\/v2\/posts"}],"about":[{"href":"https:\/\/www.uv.mx\/personal\/aguerra\/wp-json\/wp\/v2\/types\/post"}],"author":[{"embeddable":true,"href":"https:\/\/www.uv.mx\/personal\/aguerra\/wp-json\/wp\/v2\/users\/1701"}],"replies":[{"embeddable":true,"href":"https:\/\/www.uv.mx\/personal\/aguerra\/wp-json\/wp\/v2\/comments?post=504"}],"version-history":[{"count":0,"href":"https:\/\/www.uv.mx\/personal\/aguerra\/wp-json\/wp\/v2\/posts\/504\/revisions"}],"wp:attachment":[{"href":"https:\/\/www.uv.mx\/personal\/aguerra\/wp-json\/wp\/v2\/media?parent=504"}],"wp:term":[{"taxonomy":"category","embeddable":true,"href":"https:\/\/www.uv.mx\/personal\/aguerra\/wp-json\/wp\/v2\/categories?post=504"},{"taxonomy":"post_tag","embeddable":true,"href":"https:\/\/www.uv.mx\/personal\/aguerra\/wp-json\/wp\/v2\/tags?post=504"}],"curies":[{"name":"wp","href":"https:\/\/api.w.org\/{rel}","templated":true}]}}