{"id":2091,"date":"2015-01-07T23:40:54","date_gmt":"2015-01-08T05:40:54","guid":{"rendered":"https:\/\/www.uv.mx\/personal\/albramirez\/?p=2091"},"modified":"2015-12-23T07:43:25","modified_gmt":"2015-12-23T13:43:25","slug":"rtpd","status":"publish","type":"post","link":"https:\/\/www.uv.mx\/personal\/albramirez\/2015\/01\/07\/rtpd\/","title":{"rendered":"Manual de Operaciones de la RTPD"},"content":{"rendered":"<p>De 2007 a 2011 se concibi\u00f3, dise\u00f1\u00f3 y ejecut\u00f3 el proyecto de investigaci\u00f3n, educaci\u00f3n y acci\u00f3n llamado \u201cRed de Talleres de Producci\u00f3n Digital de Contenido Educativo y Cultural\u201d en el que con apoyo de la UV, la SEV, FOMIX (VER-2009-C03-128214 modalidad B1) y la Red Iberoamericana para el Desarrollo Sustentable se puso en marcha una etapa piloto de lo que podr\u00eda ser una red de centros de producci\u00f3n multimedia ubicados principalmente en instituciones educativas (ver <a href=\"http:\/\/www.igi-global.com\/chapter\/open-network-digital-production-centers\/54325\">descripci\u00f3n del proyecto<\/a> y <a href=\"https:\/\/www.uv.mx\/personal\/albramirez\/2012\/05\/17\/rea_capitulo\/\">de su filosof\u00eda<\/a>).<\/p>\n<p>&nbsp;<\/p>\n<p><img decoding=\"async\" loading=\"lazy\" class=\"aligncenter size-full wp-image-2094\" src=\"https:\/\/www.uv.mx\/personal\/albramirez\/files\/2015\/01\/rtpd_portada2015.png\" alt=\"rtpd_portada2015\" width=\"400\" height=\"473\" srcset=\"https:\/\/www.uv.mx\/personal\/albramirez\/files\/2015\/01\/rtpd_portada2015.png 400w, https:\/\/www.uv.mx\/personal\/albramirez\/files\/2015\/01\/rtpd_portada2015-253x300.png 253w\" sizes=\"(max-width: 400px) 100vw, 400px\" \/><\/p>\n<p>En 2010, las piezas principales del proyecto RTPD fueron puestas en operaci\u00f3n en\u00a0un n\u00famero peque\u00f1o de centros educativos\u00a0con la finalidad de identificar las oportunidades de mejora y en su caso realizarlas.<\/p>\n<p>Los tres principales objetivos del\u00a0proyecto RTPD\u00a0eran:<br \/>\n1. Poner la tecnolog\u00eda digital apropiada en manos de las maestras y maestros de M\u00e9xico, de tal forma que verdaderamente se apropien de ella, para que desarrollen los materiales educativos que necesitan para el enriquecimiento de sus clases.<br \/>\n2. Colocar los productos de calidad hechos por cualquier taller de la RTPD en un repositorio p\u00fablico (actualmente no disponible) facilitando la reutilizaci\u00f3n de los mismos, as\u00ed como de los elementos que los constituyen (textos, im\u00e1genes, audio y video), para el desarrollo de nuevas obras derivadas de la original por otros talleres de la RTPD.<br \/>\n3. Permitirle a cualquier maestro o estudiante de habla hispana y de lenguas ind\u00edgenas, que haga uso libre, gratuito y abierto de los productos educativos multimedia desarrollados en todos los talleres de la RTPD.<\/p>\n<p>Para la ejecuci\u00f3n del proyecto, se desarroll\u00f3 un Manual de operaciones en el que se describ\u00edan los objetivos, tareas, caracter\u00edsticas del equipamiento y gu\u00edas para la producci\u00f3n multimedia. Dicho manual de operaciones, que podr\u00e1 ser descargado de este blog, fue producido y liberado con una licencia creative commons.<\/p>\n<p>Descargas<\/p>\n<ul>\n<li>Manual \u00a0| \u00a0<a href=\"https:\/\/www.uv.mx\/personal\/albramirez\/files\/2015\/01\/MOTPDFOMIX.pdf\">liga<\/a> \u00a0|<\/li>\n<li>Portada | \u00a0<a href=\"https:\/\/www.uv.mx\/personal\/albramirez\/files\/2015\/01\/Portada-manual-FOMIX2.pdf\">liga<\/a> |<\/li>\n<li>Cat\u00e1logo de servicios | \u00a0<a href=\"https:\/\/www.uv.mx\/personal\/albramirez\/files\/2015\/01\/reddes_catalogo.pdf\">liga<\/a> \u00a0|<\/li>\n<li>Entrega del equipo asignado al IIE 23.08.2011-23.09.2015 | <a href=\"https:\/\/www.uv.mx\/personal\/albramirez\/files\/2015\/01\/entrega-de-equipo-de-reddes.pdf\">liga<\/a><\/li>\n<\/ul>\n","protected":false},"excerpt":{"rendered":"<p>De 2007 a 2011 se concibi\u00f3, dise\u00f1\u00f3 y ejecut\u00f3 el proyecto de investigaci\u00f3n, educaci\u00f3n y acci\u00f3n llamado \u201cRed de Talleres de Producci\u00f3n Digital de Contenido Educativo y Cultural\u201d en el que con apoyo de la UV, la SEV, FOMIX (VER-2009-C03-128214 modalidad B1) y la Red Iberoamericana para el Desarrollo Sustentable se puso en marcha una&#8230;<\/p>\n","protected":false},"author":501,"featured_media":0,"comment_status":"open","ping_status":"closed","sticky":false,"template":"","format":"standard","meta":[],"categories":[4,57,64,65,7],"tags":[],"_links":{"self":[{"href":"https:\/\/www.uv.mx\/personal\/albramirez\/wp-json\/wp\/v2\/posts\/2091"}],"collection":[{"href":"https:\/\/www.uv.mx\/personal\/albramirez\/wp-json\/wp\/v2\/posts"}],"about":[{"href":"https:\/\/www.uv.mx\/personal\/albramirez\/wp-json\/wp\/v2\/types\/post"}],"author":[{"embeddable":true,"href":"https:\/\/www.uv.mx\/personal\/albramirez\/wp-json\/wp\/v2\/users\/501"}],"replies":[{"embeddable":true,"href":"https:\/\/www.uv.mx\/personal\/albramirez\/wp-json\/wp\/v2\/comments?post=2091"}],"version-history":[{"count":0,"href":"https:\/\/www.uv.mx\/personal\/albramirez\/wp-json\/wp\/v2\/posts\/2091\/revisions"}],"wp:attachment":[{"href":"https:\/\/www.uv.mx\/personal\/albramirez\/wp-json\/wp\/v2\/media?parent=2091"}],"wp:term":[{"taxonomy":"category","embeddable":true,"href":"https:\/\/www.uv.mx\/personal\/albramirez\/wp-json\/wp\/v2\/categories?post=2091"},{"taxonomy":"post_tag","embeddable":true,"href":"https:\/\/www.uv.mx\/personal\/albramirez\/wp-json\/wp\/v2\/tags?post=2091"}],"curies":[{"name":"wp","href":"https:\/\/api.w.org\/{rel}","templated":true}]}}