{"id":3554,"date":"2018-06-20T14:07:33","date_gmt":"2018-06-20T19:07:33","guid":{"rendered":"https:\/\/www.uv.mx\/personal\/albramirez\/?p=3554"},"modified":"2019-04-21T00:27:59","modified_gmt":"2019-04-21T05:27:59","slug":"talleres_sd","status":"publish","type":"post","link":"https:\/\/www.uv.mx\/personal\/albramirez\/2018\/06\/20\/talleres_sd\/","title":{"rendered":"Talleres de Incorporaci\u00f3n de las TIC a la Universidad"},"content":{"rendered":"<h1>Talleres de Incorporaci\u00f3n de las TIC a la Universidad<\/h1>\n<p style=\"text-align: right\">Alberto Ram\u00edrez Martinell y Miguel Casillas<\/p>\n<p>El Taller de Incorporaci\u00f3n de las Tecnolog\u00edas de la Informaci\u00f3n y de la Comunicaci\u00f3n (TIC) a Planes y Programas de la Universidad Veracruzana es la primera acci\u00f3n de lo que en el Centro de Investigaci\u00f3n e Innovaci\u00f3n en Educaci\u00f3n Superior (CIIES) llamamos \u201cPlan institucional de Desarrollo Tecnol\u00f3gico con Base Acad\u00e9mica\u201d, que est\u00e1 compuesto por cuatro niveles de incidencia, a saber:<\/p>\n<ol>\n<li>Proyecto Educativo<\/li>\n<li>Proyecto Organizacional<\/li>\n<li>Recursos Tecnol\u00f3gicos y Servicios de C\u00f3mputo<\/li>\n<li>Capacitaci\u00f3n y Formaci\u00f3n Continua<\/li>\n<\/ol>\n<p>El taller es un ejercicio de auscultaci\u00f3n de los saberes digitales de una comunidad acad\u00e9mica dada, que le permitir\u00e1 a la instituci\u00f3n articular las voces de los profesores y comunidades acad\u00e9micas para definir los rasgos digitales de sus egresados, considerando el campo acad\u00e9mico al cual se afilian y su cultura digital.<\/p>\n<p><a href=\"https:\/\/www.uv.mx\/personal\/albramirez\/files\/2015\/03\/HdT3_taller.pdf\">Aunque ya hemos hablado de esta metodolog\u00eda de trabajo<\/a>, aprovecharemos este espacio para decir que un taller es, entonces, una reuni\u00f3n de trabajo con profesores universitarios compuesto por una conferencia inicial, dos mesas de trabajo y una sesi\u00f3n plenaria orientadas hacia la definici\u00f3n de los saberes digitales gen\u00e9ricos del \u00e1rea acad\u00e9mica y de los saberes digitales espec\u00edficos del o los programas educativos.<\/p>\n<p>El di\u00e1logo directo con las comunidades acad\u00e9micas es fundamental para la legitimidad de la actividad y del producto derivado del taller, que consiste principalmente en la descripci\u00f3n de los rasgos digitales del perfil del egresado en relaci\u00f3n con el manejo de archivos, texto, datos, multimedia, comunicaci\u00f3n, colaboraci\u00f3n, ciudadan\u00eda digital, literacidad digital, dispositivos digitales especializados, fuentes de informaci\u00f3n y software especializado.<\/p>\n<p>Con los talleres se sistematizan las voces de los profesores universitarios, y a trav\u00e9s del consenso, se propone un perfil ideal del egresado en materia digital que servir\u00e1 de insumo para las reformas de planes y programas; para la dosificaci\u00f3n del gasto en licencias de uso de software, equipamiento tecnol\u00f3gico y conectividad; as\u00ed como para definir de manera informada un plan de actualizaci\u00f3n digital del claustro de profesores de la Instituci\u00f3n.<\/p>\n<p>Esta auscultaci\u00f3n ha tenido dos momentos. El primero, que ten\u00eda fines de investigaci\u00f3n, y un segundo, que nos fue encomendado por la rector\u00eda, que tiene como objetivo la definici\u00f3n de los saberes digitales en todas las \u00e1reas acad\u00e9micas.<\/p>\n<h3>Etapa de Investigaci\u00f3n<\/h3>\n<p>En la etapa de investigaci\u00f3n, realizamos seis talleres en la Universidad Veracruzana; uno m\u00e1s con 200 docentes de preescolar, primaria y telesecundaria de la Secretar\u00eda de Educaci\u00f3n del Estado de Veracruz; y doce en la Universidad Nacional de Costa Rica. Los reportes que realizamos y publicamos para su consulta abierta son:<\/p>\n<p>Programas Educativos con los que trabajamos en la UV<\/p>\n<ol>\n<li><a href=\"https:\/\/www.uv.mx\/personal\/albramirez\/files\/2015\/02\/sd_idiomas2017-1.pdf\">Idiomas, UV<\/a><\/li>\n<li><a href=\"https:\/\/www.uv.mx\/personal\/albramirez\/files\/2015\/02\/sd_filosofi%CC%81a2017-1.pdf\">Filosof\u00eda, UV<\/a><\/li>\n<li><a href=\"https:\/\/www.uv.mx\/personal\/albramirez\/files\/2015\/02\/Biologia-Saberes-Digitales.pdf\">Biolog\u00eda, UV<\/a><\/li>\n<li><a href=\"https:\/\/www.uv.mx\/personal\/albramirez\/files\/2015\/02\/FISPA-Saberes-Digitales.pdf\">Ingenier\u00eda y Sistemas de Producci\u00f3n Agropecuaria, UV\u00a0<\/a><\/li>\n<li><a href=\"https:\/\/www.uv.mx\/personal\/albramirez\/files\/2015\/02\/Medicina-Saberes-Digitales.pdf\">Medicina, UV\u00a0<\/a><\/li>\n<li><a href=\"https:\/\/www.uv.mx\/personal\/albramirez\/files\/2015\/02\/sd_derechoshumanos.pdf\">Derechos Humanos y Justicia Constitucional, UV\u00a0<\/a><\/li>\n<\/ol>\n<p>Programas Educativos con los que trabajamos en la UNA<\/p>\n<ol>\n<li>Centro de Investigaciones Ap\u00edcolas Tropicales, CINAT-UNA<\/li>\n<li>Centro Internacional en Pol\u00edtica Econ\u00f3mica, CINPE-UNA<\/li>\n<li>Centro de Investigaci\u00f3n y Docencia en Educaci\u00f3n, CIDEUNA<\/li>\n<li>Escuela de Ciencias Agrarias, UNA<\/li>\n<li>Escuela de Ciencias Ambientales, UNA<\/li>\n<li>Escuela de Ciencias Geogr\u00e1ficas, UNA<\/li>\n<li>Escuela de Secretariado Profesional, UNA<\/li>\n<li>Instituto de Investigaci\u00f3n y Servicios Forestales, INISEFOR-UNA<\/li>\n<li>Instituto Internacional en Conservaci\u00f3n y Manejo de Vida Silvestre, ICOMVIS-UNA<\/li>\n<li>Maestr\u00eda en Agricultura Alternativa, UNA<\/li>\n<li>Maestr\u00eda en Ciencias Veterinarias Tropicales, UNA<\/li>\n<li>Maestr\u00eda en Salud Ocupacional, UNA<\/li>\n<\/ol>\n<p>Libro de Saberes Digitales de los Docentes de Educaci\u00f3n B\u00e1sica<\/p>\n<ul>\n<li><a href=\"https:\/\/www.uv.mx\/blogs\/brechadigital\/files\/2017\/04\/Saberes-Digitales-SEV-libro-final.pdf\">https:\/\/www.uv.mx\/blogs\/brechadigital\/files\/2017\/04\/Saberes-Digitales-SEV-libro-final.pdf<\/a><\/li>\n<\/ul>\n<p>Adem\u00e1s de los reportes anteriormente descritos, con esa informaci\u00f3n realizamos art\u00edculos de investigaci\u00f3n, cap\u00edtulos de libros, tesis de maestr\u00eda y doctorado con orientaci\u00f3n hacia la investigaci\u00f3n, tesis de licenciatura y conferencias que por ser de acceso abierto, pueden ser consultadas en la siguiente liga:<\/p>\n<ul>\n<li><a href=\"https:\/\/www.uv.mx\/blogs\/brechadigital\/publicaciones\/\">https:\/\/www.uv.mx\/blogs\/brechadigital\/publicaciones\/<\/a><\/li>\n<\/ul>\n<h3>Etapa de Intervenci\u00f3n institucional<\/h3>\n<p>En la segunda etapa de estas intervenciones ha sido la visi\u00f3n institucional la que ha orientado nuestro operar, por lo que el acercamiento a los profesores fue a trav\u00e9s de los directores generales de las \u00e1reas acad\u00e9micas de la UV, empero persiguiendo el mismo objetivo: definir los saberes digitales que los universitarios deben haber desarrollado durante sus estudios universitarios.<\/p>\n<p>En el siguiente cuadro mostramos los programas educativos con los que hemos trabajado<\/p>\n<p>&nbsp;<\/p>\n<table>\n<tbody>\n<tr>\n<td width=\"146\"><strong>\u00c1rea T\u00e9cnica<\/strong><\/td>\n<td width=\"146\"><strong>\u00c1rea Econ\u00f3mico Administrativa<\/strong><\/td>\n<td width=\"146\"><strong>\u00c1rea de Ciencias de la Salud<\/strong><\/td>\n<\/tr>\n<tr>\n<td width=\"146\">1.\u00a0\u00a0\u00a0\u00a0 Arquitectura<\/p>\n<p>2.\u00a0\u00a0\u00a0\u00a0 Ciencias Atmosf\u00e9ricas<\/p>\n<p>3.\u00a0\u00a0\u00a0\u00a0 F\u00edsica<\/p>\n<p>4.\u00a0\u00a0\u00a0\u00a0 Ingenier\u00eda Ambiental<\/p>\n<p>5.\u00a0\u00a0\u00a0\u00a0 Ingenier\u00eda Civil<\/p>\n<p>6.\u00a0\u00a0\u00a0\u00a0 Ingenier\u00eda El\u00e9ctrica<\/p>\n<p>7.\u00a0\u00a0\u00a0\u00a0 Ingenier\u00eda en Alimentos<\/p>\n<p>8.\u00a0\u00a0\u00a0\u00a0 Ingenier\u00eda en instrumentaci\u00f3n electr\u00f3nica<\/p>\n<p>9.\u00a0\u00a0\u00a0\u00a0 Ingenier\u00eda Qu\u00edmica<\/p>\n<p>10.\u00a0 Matem\u00e1ticas<\/p>\n<p>11.\u00a0 Qu\u00edmico Farmac\u00e9utico Bi\u00f3logo<\/td>\n<td width=\"146\">12.\u00a0 Estad\u00edstica<\/p>\n<p>13.\u00a0 Ingenier\u00eda de software<\/p>\n<p>14.\u00a0 Relaciones industriales<\/p>\n<p>15.\u00a0 Tecnolog\u00edas computacionales<\/p>\n<p>16.\u00a0 Administraci\u00f3n de negocios internacionales<\/p>\n<p>17.\u00a0 Geograf\u00eda<\/p>\n<p>18.\u00a0 Econom\u00eda<\/p>\n<p>19.\u00a0 Publicidad y relaciones<\/p>\n<p>20.\u00a0 Redes<\/p>\n<p>&nbsp;<\/td>\n<td width=\"146\">21.\u00a0 Psicolog\u00eda<\/p>\n<p>22.\u00a0 Bioan\u00e1lisis<\/p>\n<p>23.\u00a0 Nutrici\u00f3n<\/p>\n<p>24.\u00a0 Medicina<\/p>\n<p>25.\u00a0 Enfermer\u00eda<\/p>\n<p>26.\u00a0 TSU Enfermer\u00eda<\/p>\n<p>27.\u00a0 Odontolog\u00eda<\/td>\n<\/tr>\n<\/tbody>\n<\/table>\n<p>&nbsp;<\/p>\n<h2>Comentario Final<\/h2>\n<p>Con esta serie de intervenciones, la Universidad Veracruzana se convertir\u00e1 en pionera en el tratamiento disciplinario de las TIC; podr\u00e1 asimismo incorporar los saberes digitales de manera reflexiva, leg\u00edtima e inclusiva a los planes y programas por reformar; dosificar el gasto relativo al licenciamiento de software, compra de hardware y atenci\u00f3n a la conectividad institucional; y para la habilitaci\u00f3n tecnol\u00f3gica de sus acad\u00e9micos.<\/p>\n","protected":false},"excerpt":{"rendered":"<p>Talleres de Incorporaci\u00f3n de las TIC a la Universidad Alberto Ram\u00edrez Martinell y Miguel Casillas El Taller de Incorporaci\u00f3n de las Tecnolog\u00edas de la Informaci\u00f3n y de la Comunicaci\u00f3n (TIC) a Planes y Programas de la Universidad Veracruzana es la primera acci\u00f3n de lo que en el Centro de Investigaci\u00f3n e Innovaci\u00f3n en Educaci\u00f3n Superior&#8230;<\/p>\n","protected":false},"author":501,"featured_media":0,"comment_status":"open","ping_status":"open","sticky":false,"template":"","format":"standard","meta":[],"categories":[4,3,63,81,59],"tags":[],"_links":{"self":[{"href":"https:\/\/www.uv.mx\/personal\/albramirez\/wp-json\/wp\/v2\/posts\/3554"}],"collection":[{"href":"https:\/\/www.uv.mx\/personal\/albramirez\/wp-json\/wp\/v2\/posts"}],"about":[{"href":"https:\/\/www.uv.mx\/personal\/albramirez\/wp-json\/wp\/v2\/types\/post"}],"author":[{"embeddable":true,"href":"https:\/\/www.uv.mx\/personal\/albramirez\/wp-json\/wp\/v2\/users\/501"}],"replies":[{"embeddable":true,"href":"https:\/\/www.uv.mx\/personal\/albramirez\/wp-json\/wp\/v2\/comments?post=3554"}],"version-history":[{"count":0,"href":"https:\/\/www.uv.mx\/personal\/albramirez\/wp-json\/wp\/v2\/posts\/3554\/revisions"}],"wp:attachment":[{"href":"https:\/\/www.uv.mx\/personal\/albramirez\/wp-json\/wp\/v2\/media?parent=3554"}],"wp:term":[{"taxonomy":"category","embeddable":true,"href":"https:\/\/www.uv.mx\/personal\/albramirez\/wp-json\/wp\/v2\/categories?post=3554"},{"taxonomy":"post_tag","embeddable":true,"href":"https:\/\/www.uv.mx\/personal\/albramirez\/wp-json\/wp\/v2\/tags?post=3554"}],"curies":[{"name":"wp","href":"https:\/\/api.w.org\/{rel}","templated":true}]}}