{"id":371,"date":"2012-06-25T18:24:25","date_gmt":"2012-06-25T23:24:25","guid":{"rendered":"https:\/\/www.uv.mx\/personal\/albramirez\/?p=371"},"modified":"2012-06-25T18:24:25","modified_gmt":"2012-06-25T23:24:25","slug":"ivan-rosendo-gutierrez-guevara","status":"publish","type":"post","link":"https:\/\/www.uv.mx\/personal\/albramirez\/2012\/06\/25\/ivan-rosendo-gutierrez-guevara\/","title":{"rendered":"Iv\u00e1n Rosendo Guti\u00e9rrez Guevara"},"content":{"rendered":"<h3><a href=\"https:\/\/www.uv.mx\/personal\/albramirez\/files\/2011\/11\/ivan.jpg\"><img decoding=\"async\" loading=\"lazy\" class=\"alignleft size-medium wp-image-204\" src=\"https:\/\/www.uv.mx\/personal\/albramirez\/files\/2011\/11\/ivan-300x300.jpg\" alt=\"\" width=\"250\" height=\"250\" srcset=\"https:\/\/www.uv.mx\/personal\/albramirez\/files\/2011\/11\/ivan-300x300.jpg 300w, https:\/\/www.uv.mx\/personal\/albramirez\/files\/2011\/11\/ivan-150x150.jpg 150w, https:\/\/www.uv.mx\/personal\/albramirez\/files\/2011\/11\/ivan.jpg 476w\" sizes=\"(max-width: 250px) 100vw, 250px\" \/><\/a>\u00bfQui\u00e9n es Iv\u00e1n?<\/h3>\n<p>Iv\u00e1n es licenciado en Inform\u00e1tica por la Universidad Veracruzana. Tiene amplia experiencia en el desarrollo de sistemas inform\u00e1ticos, bases de datos, repositorios multimedia, Tecnolog\u00edas de la Informaci\u00f3n y soporte t\u00e9cnico. Actualmente labora de tiempo completo en la Secretar\u00eda de Educaci\u00f3n de Veracruz en el proyecto de Red de Talleres de Producci\u00f3n Digital de Contenido Educativo y Cultural.<\/p>\n<p>Es diestro en manejo de CMS como PLONE, Joomla, Drupal; Implementando en funcionalidad en lenguajes de programaci\u00f3n (Phyton, Java, php), scripting y el uso de metodolog\u00edas \u00e1giles de desarrollo (eXtreme programming)<\/p>\n<p>Su filosof\u00eda de trabajo simpatiza con software libre, cultura abierta, redes de colaboraci\u00f3n y socializaci\u00f3n del conocimiento.<\/p>\n<p>&nbsp;<\/p>\n<h3>Proyectos de colaboraci\u00f3n<\/h3>\n<p>En marzo de 2011 se involucr\u00f3 con el desarrollo de El Esp\u00eda 2.0: Herramienta computacional para la exploraci\u00f3n de los procesos psicoling\u00fc\u00edsticos de producci\u00f3n de textos, como programador senior. El proyecto lo desarroll\u00f3 con &#8211; lo que llamamos tecnolog\u00eda accesible &#8211; HTML, CSS y javascript.<\/p>\n<h3>Periodo de colaboraci\u00f3n<\/h3>\n<ul>\n<li>Marzo de 2011 &#8211; a la fecha<\/li>\n<\/ul>\n<h3>Productos<\/h3>\n<ul>\n<li>Implementaci\u00f3n de El Esp\u00eda 2.0 en sus diferentes versiones. <a href=\"https:\/\/www.uv.mx\/blogs\/elespia\/\">Ver<\/a><\/li>\n<li>Asesor\u00eda a sevicios sociales, voluntarios y otros colaboradores.<\/li>\n<\/ul>\n<h3>Contacto<\/h3>\n<ul>\n<li>ivanrgtzg AT gmail.com<\/li>\n<\/ul>\n<p>&nbsp;<\/p>\n","protected":false},"excerpt":{"rendered":"<p>\u00bfQui\u00e9n es Iv\u00e1n? Iv\u00e1n es licenciado en Inform\u00e1tica por la Universidad Veracruzana. Tiene amplia experiencia en el desarrollo de sistemas inform\u00e1ticos, bases de datos, repositorios multimedia, Tecnolog\u00edas de la Informaci\u00f3n y soporte t\u00e9cnico. Actualmente labora de tiempo completo en la Secretar\u00eda de Educaci\u00f3n de Veracruz en el proyecto de Red de Talleres de Producci\u00f3n Digital&#8230;<\/p>\n","protected":false},"author":501,"featured_media":0,"comment_status":"closed","ping_status":"closed","sticky":false,"template":"","format":"standard","meta":[],"categories":[4],"tags":[],"_links":{"self":[{"href":"https:\/\/www.uv.mx\/personal\/albramirez\/wp-json\/wp\/v2\/posts\/371"}],"collection":[{"href":"https:\/\/www.uv.mx\/personal\/albramirez\/wp-json\/wp\/v2\/posts"}],"about":[{"href":"https:\/\/www.uv.mx\/personal\/albramirez\/wp-json\/wp\/v2\/types\/post"}],"author":[{"embeddable":true,"href":"https:\/\/www.uv.mx\/personal\/albramirez\/wp-json\/wp\/v2\/users\/501"}],"replies":[{"embeddable":true,"href":"https:\/\/www.uv.mx\/personal\/albramirez\/wp-json\/wp\/v2\/comments?post=371"}],"version-history":[{"count":0,"href":"https:\/\/www.uv.mx\/personal\/albramirez\/wp-json\/wp\/v2\/posts\/371\/revisions"}],"wp:attachment":[{"href":"https:\/\/www.uv.mx\/personal\/albramirez\/wp-json\/wp\/v2\/media?parent=371"}],"wp:term":[{"taxonomy":"category","embeddable":true,"href":"https:\/\/www.uv.mx\/personal\/albramirez\/wp-json\/wp\/v2\/categories?post=371"},{"taxonomy":"post_tag","embeddable":true,"href":"https:\/\/www.uv.mx\/personal\/albramirez\/wp-json\/wp\/v2\/tags?post=371"}],"curies":[{"name":"wp","href":"https:\/\/api.w.org\/{rel}","templated":true}]}}