{"id":4571,"date":"2022-02-24T18:28:44","date_gmt":"2022-02-25T00:28:44","guid":{"rendered":"https:\/\/www.uv.mx\/personal\/albramirez\/?p=4571"},"modified":"2022-02-24T18:28:44","modified_gmt":"2022-02-25T00:28:44","slug":"oferta-de-mooc-del-ciies-uv-para-2022","status":"publish","type":"post","link":"https:\/\/www.uv.mx\/personal\/albramirez\/2022\/02\/24\/oferta-de-mooc-del-ciies-uv-para-2022\/","title":{"rendered":"Oferta de MOOC del CIIES UV para 2022"},"content":{"rendered":"<p><img decoding=\"async\" loading=\"lazy\" class=\"aligncenter size-full wp-image-4152\" src=\"https:\/\/www.uv.mx\/personal\/albramirez\/files\/2020\/08\/mooc_logo.png\" alt=\"\" width=\"600\" height=\"176\" srcset=\"https:\/\/www.uv.mx\/personal\/albramirez\/files\/2020\/08\/mooc_logo.png 600w, https:\/\/www.uv.mx\/personal\/albramirez\/files\/2020\/08\/mooc_logo-300x88.png 300w\" sizes=\"(max-width: 600px) 100vw, 600px\" \/><\/p>\n<p>Con inscripciones abiertas a partir del 21 de febrero hasta el 14 de noviembre de 2022, el CIIES de la Universidad Veracruzana, lanza la oferta de capacitaci\u00f3n de docentes en dos l\u00edneas: Habilitaci\u00f3n Tecnol\u00f3gica de Profesores y Educaci\u00f3n Virtual.<\/p>\n<p>Los cursos son autogestivos, masivos, abiertos, en l\u00ednea y van al ritmo de cada participante.\u00a0<\/p>\n<p><img decoding=\"async\" class=\"aligncenter size-full wp-image-4123\" src=\"https:\/\/www.uv.mx\/personal\/albramirez\/files\/2020\/08\/mooc_uv_2020-1.png\" width=\"600\" srcset=\"https:\/\/www.uv.mx\/personal\/albramirez\/files\/2020\/08\/mooc_uv_2020-1.png 1000w, https:\/\/www.uv.mx\/personal\/albramirez\/files\/2020\/08\/mooc_uv_2020-1-300x77.png 300w, https:\/\/www.uv.mx\/personal\/albramirez\/files\/2020\/08\/mooc_uv_2020-1-768x197.png 768w\" sizes=\"(max-width: 1000px) 100vw, 1000px\" \/><\/p>\n<p><strong>Habilitaci\u00f3n Tecnol\u00f3gica de Profesores<\/strong><\/p>\n<ul>\n<li>Saberes Digitales para Docentes nivel 1\u00a0 (40 horas) <a href=\"https:\/\/mexicox.gob.mx\/courses\/course-v1:UV+SDPD22021X+2022_02\/about\">https:\/\/mexicox.gob.mx\/courses\/course-v1:UV+SDPD22021X+2022_02\/about<\/a><\/li>\n<li>Saberes Digitales para Docentes nivel 2 (40 horas) <a href=\"https:\/\/mexicox.gob.mx\/courses\/course-v1:UV+SDPD22024X+2022_02\/about\">https:\/\/mexicox.gob.mx\/courses\/course-v1:UV+SDPD22024X+2022_02\/about<\/a><\/li>\n<\/ul>\n<p><strong>Educaci\u00f3n Virtual<\/strong><\/p>\n<ul>\n<li>Dise\u00f1o de Experiencias Educativas Virtuales (24 horas) &#8211; Segundo trimestre<\/li>\n<\/ul>\n<p><strong>Presentaciones en video\u00a0<\/strong><\/p>\n<ul>\n<li><a href=\"https:\/\/www.youtube.com\/watch?v=LrXmon3tOys\">Saberes Digitales para Docentes 1<\/a><\/li>\n<li><a href=\"https:\/\/youtu.be\/jCjNvmM_rUE\">Saberes Digitales para Docentes 2\u00a0<\/a><\/li>\n<li><a href=\"https:\/\/youtu.be\/n2kgNfxTEvE\">Dise\u00f1o de Experiencias Educativas Virtuales<\/a><\/li>\n<\/ul>\n\n\n<blockquote class=\"wp-block-quote is-style-large\" id=\"color:orange\"><p><em>Agradecemos a las 110 mil personas que han participado en estos cursos.<\/em><\/p><\/blockquote>\n\n\n\n<p><\/p>\n","protected":false},"excerpt":{"rendered":"<p>Con inscripciones abiertas a partir del 21 de febrero hasta el 14 de noviembre de 2022, el CIIES de la Universidad Veracruzana, lanza la oferta de capacitaci\u00f3n de docentes en dos l\u00edneas: Habilitaci\u00f3n Tecnol\u00f3gica de Profesores y Educaci\u00f3n Virtual. Los cursos son autogestivos, masivos, abiertos, en l\u00ednea y van al ritmo de cada participante.\u00a0 Habilitaci\u00f3n&#8230;<\/p>\n","protected":false},"author":501,"featured_media":0,"comment_status":"open","ping_status":"closed","sticky":false,"template":"","format":"standard","meta":[],"categories":[4],"tags":[],"_links":{"self":[{"href":"https:\/\/www.uv.mx\/personal\/albramirez\/wp-json\/wp\/v2\/posts\/4571"}],"collection":[{"href":"https:\/\/www.uv.mx\/personal\/albramirez\/wp-json\/wp\/v2\/posts"}],"about":[{"href":"https:\/\/www.uv.mx\/personal\/albramirez\/wp-json\/wp\/v2\/types\/post"}],"author":[{"embeddable":true,"href":"https:\/\/www.uv.mx\/personal\/albramirez\/wp-json\/wp\/v2\/users\/501"}],"replies":[{"embeddable":true,"href":"https:\/\/www.uv.mx\/personal\/albramirez\/wp-json\/wp\/v2\/comments?post=4571"}],"version-history":[{"count":1,"href":"https:\/\/www.uv.mx\/personal\/albramirez\/wp-json\/wp\/v2\/posts\/4571\/revisions"}],"predecessor-version":[{"id":4572,"href":"https:\/\/www.uv.mx\/personal\/albramirez\/wp-json\/wp\/v2\/posts\/4571\/revisions\/4572"}],"wp:attachment":[{"href":"https:\/\/www.uv.mx\/personal\/albramirez\/wp-json\/wp\/v2\/media?parent=4571"}],"wp:term":[{"taxonomy":"category","embeddable":true,"href":"https:\/\/www.uv.mx\/personal\/albramirez\/wp-json\/wp\/v2\/categories?post=4571"},{"taxonomy":"post_tag","embeddable":true,"href":"https:\/\/www.uv.mx\/personal\/albramirez\/wp-json\/wp\/v2\/tags?post=4571"}],"curies":[{"name":"wp","href":"https:\/\/api.w.org\/{rel}","templated":true}]}}