{"id":468,"date":"2012-07-03T14:16:49","date_gmt":"2012-07-03T19:16:49","guid":{"rendered":"https:\/\/www.uv.mx\/personal\/albramirez\/?p=468"},"modified":"2013-06-23T21:55:13","modified_gmt":"2013-06-24T02:55:13","slug":"eeintrotec2012","status":"publish","type":"post","link":"https:\/\/www.uv.mx\/personal\/albramirez\/2012\/07\/03\/eeintrotec2012\/","title":{"rendered":"EE: Introducci\u00f3n a la Tecnolog\u00eda Educativa (periodo intersemestral 2012)"},"content":{"rendered":"<div id='gallery-1' class='gallery galleryid-468 gallery-columns-4 gallery-size-thumbnail'><figure class='gallery-item'>\n\t\t\t<div class='gallery-icon landscape'>\n\t\t\t\t<a href='https:\/\/www.uv.mx\/personal\/albramirez\/files\/2012\/07\/10saberesminimos600.jpg'><img width=\"150\" height=\"150\" src=\"https:\/\/www.uv.mx\/personal\/albramirez\/files\/2012\/07\/10saberesminimos600-150x150.jpg\" class=\"attachment-thumbnail size-thumbnail\" alt=\"\" decoding=\"async\" loading=\"lazy\" \/><\/a>\n\t\t\t<\/div><\/figure><figure class='gallery-item'>\n\t\t\t<div class='gallery-icon portrait'>\n\t\t\t\t<a href='https:\/\/www.uv.mx\/personal\/albramirez\/files\/2012\/07\/DSCN3160.jpg'><img width=\"150\" height=\"150\" src=\"https:\/\/www.uv.mx\/personal\/albramirez\/files\/2012\/07\/DSCN3160-150x150.jpg\" class=\"attachment-thumbnail size-thumbnail\" alt=\"\" decoding=\"async\" loading=\"lazy\" \/><\/a>\n\t\t\t<\/div><\/figure><figure class='gallery-item'>\n\t\t\t<div class='gallery-icon landscape'>\n\t\t\t\t<a href='https:\/\/www.uv.mx\/personal\/albramirez\/files\/2012\/07\/DSCN3161.jpg'><img width=\"150\" height=\"150\" src=\"https:\/\/www.uv.mx\/personal\/albramirez\/files\/2012\/07\/DSCN3161-150x150.jpg\" class=\"attachment-thumbnail size-thumbnail\" alt=\"\" decoding=\"async\" loading=\"lazy\" \/><\/a>\n\t\t\t<\/div><\/figure><figure class='gallery-item'>\n\t\t\t<div class='gallery-icon landscape'>\n\t\t\t\t<a href='https:\/\/www.uv.mx\/personal\/albramirez\/files\/2012\/07\/DSCN3163.jpg'><img width=\"150\" height=\"150\" src=\"https:\/\/www.uv.mx\/personal\/albramirez\/files\/2012\/07\/DSCN3163-150x150.jpg\" class=\"attachment-thumbnail size-thumbnail\" alt=\"\" decoding=\"async\" loading=\"lazy\" \/><\/a>\n\t\t\t<\/div><\/figure><figure class='gallery-item'>\n\t\t\t<div class='gallery-icon landscape'>\n\t\t\t\t<a href='https:\/\/www.uv.mx\/personal\/albramirez\/files\/2012\/07\/DSCN3164.jpg'><img width=\"150\" height=\"150\" src=\"https:\/\/www.uv.mx\/personal\/albramirez\/files\/2012\/07\/DSCN3164-150x150.jpg\" class=\"attachment-thumbnail size-thumbnail\" alt=\"\" decoding=\"async\" loading=\"lazy\" \/><\/a>\n\t\t\t<\/div><\/figure><figure class='gallery-item'>\n\t\t\t<div class='gallery-icon landscape'>\n\t\t\t\t<a href='https:\/\/www.uv.mx\/personal\/albramirez\/files\/2012\/07\/pizarron-brecha-digital-copia.jpg'><img width=\"150\" height=\"150\" src=\"https:\/\/www.uv.mx\/personal\/albramirez\/files\/2012\/07\/pizarron-brecha-digital-copia-150x150.jpg\" class=\"attachment-thumbnail size-thumbnail\" alt=\"\" decoding=\"async\" loading=\"lazy\" \/><\/a>\n\t\t\t<\/div><\/figure>\n\t\t<\/div>\n\n<p>En el periodo intersemestral de verano de 2012, se ofreci\u00f3 por primera vez la experiencia educativa (EE) Introducci\u00f3n a la Tecnolog\u00eda Educativa, dise\u00f1ada para su inclusi\u00f3n en el \u00c1rea Flexible de Elecci\u00f3n Libre de los programas de licenciatura de la Universidad Veracruzana.<\/p>\n<p>El prop\u00f3sito de esta EE durante este periodo intersemestral fue brindarle a los estudiantes una serie de lecturas, materiales visuales (infogramas, videos), perspectivas y experiencias propias del \u00e1rea de Tecnolog\u00eda Educativa.<\/p>\n<p>Algunas ideas plasmadas en el <strong>pizarr\u00f3n<\/strong> (si, todav\u00eda usamos pizarr\u00f3n):<\/p>\n<p><a href=\"https:\/\/www.uv.mx\/personal\/albramirez\/files\/2012\/07\/pizarron-brecha-digital-copia.jpg\"><img decoding=\"async\" loading=\"lazy\" class=\"aligncenter size-full wp-image-479\" title=\"pizarron brecha digital copia\" src=\"https:\/\/www.uv.mx\/personal\/albramirez\/files\/2012\/07\/pizarron-brecha-digital-copia.jpg\" alt=\"\" width=\"600\" height=\"500\" srcset=\"https:\/\/www.uv.mx\/personal\/albramirez\/files\/2012\/07\/pizarron-brecha-digital-copia.jpg 600w, https:\/\/www.uv.mx\/personal\/albramirez\/files\/2012\/07\/pizarron-brecha-digital-copia-300x250.jpg 300w\" sizes=\"(max-width: 600px) 100vw, 600px\" \/><\/a><\/p>\n<p><a href=\"https:\/\/www.uv.mx\/personal\/albramirez\/files\/2012\/07\/10saberesminimos600.jpg\"><img decoding=\"async\" loading=\"lazy\" class=\"aligncenter size-full wp-image-478\" title=\"10saberesminimos600\" src=\"https:\/\/www.uv.mx\/personal\/albramirez\/files\/2012\/07\/10saberesminimos600.jpg\" alt=\"\" width=\"600\" height=\"478\" srcset=\"https:\/\/www.uv.mx\/personal\/albramirez\/files\/2012\/07\/10saberesminimos600.jpg 600w, https:\/\/www.uv.mx\/personal\/albramirez\/files\/2012\/07\/10saberesminimos600-300x239.jpg 300w\" sizes=\"(max-width: 600px) 100vw, 600px\" \/><\/a><\/p>\n<p>Sobre las <strong>experiencias<\/strong> en este curso hablamos sobre los proyectos internacionales (OLPC, Moodle) nacionales (mexicanos) (Enciclomedia, HDT) sobre el uso de TIC en la educaci\u00f3n, principalmente en educaci\u00f3n b\u00e1sica; y sobre los proyectos e iniciativas veracruzanas recientes (Autobuses Vasconcelos, Canal Educativo Red de talleres de producci\u00f3n digital de contenido educativo y cultural, Consorcio Clavijero, Proyecto Aula, Eminus, iTunes University).<\/p>\n<p>La selecci\u00f3n de <strong>lecturas<\/strong> y los temas de esta versi\u00f3n de la EE se muestran a continuaci\u00f3n:<\/p>\n<p><strong>Cultura abierta<\/strong><\/p>\n<ul>\n<li>Ram\u00edrez Martinell, A., Careaga. A. (2012). Recursos educativos estrictamente abiertos: El movimiento de cultura libre y acceso abierto a la informaci\u00f3n como marco de referencia para la definici\u00f3n de un REA.<\/li>\n<\/ul>\n<p><strong>Contexto hist\u00f3rico<\/strong> (ochentas y noventas)<\/p>\n<ul>\n<li>Bartolom\u00e9, A. (1988). Concepci\u00f3n de la Tecnolog\u00eda Educativa a finales de los ochenta<\/li>\n<li>Liguori L.M. (1995) Las Nuevas Tecnolog\u00edas de la Informaci\u00f3n y la comunicaci\u00f3n en el marco de los viejos problemas y desaf\u00edos educativos. Paid\u00f3s<\/li>\n<\/ul>\n<p><strong>Impacto de las TIC en la educaci\u00f3n<\/strong><\/p>\n<ul>\n<li>Clark, R. E. (1994). Media will never influence learning. ETR&amp;D 2(42). Pp. 21-29<\/li>\n<\/ul>\n<p><strong>Educaci\u00f3n y Tecnolog\u00eda<\/strong><\/p>\n<ul>\n<li>Conole, G., Dyke, M., Oliver, M., y Seale, J. (2004). Mapping pedagogy and tools for effective learning design. Computers and Education 43. PP. 17-33.<\/li>\n<\/ul>\n<p><strong>Alfabetizaci\u00f3n Digital<\/strong><\/p>\n<ul>\n<li>Moreno Rodr\u00edguez, M. D. (2007). Alfabetizaci\u00f3n Digital: El Pleno Domino del L\u00e1piz y el Rat\u00f3n. Comunicar No. 30(XV). Revista Cient\u00edfica de Comunicaci\u00f3n y Educaci\u00f3n.<\/li>\n<li>Prensky, M. (2001) Digital Natives Digital Immigrants. Part I. On the Horizon. NCB University Press, Vol. 9 No. 5.<\/li>\n<\/ul>\n<p>Algunos de los <strong>videos<\/strong> que vimos en clase son:<\/p>\n<ul>\n<li>We all want to be young (<a href=\"http:\/\/www.youtube.com\/watch?v=fAn-Qm1aMxU\">http:\/\/www.youtube.com\/watch?v=fAn-Qm1aMxU<\/a>)<\/li>\n<li>The sixth sence project <a href=\"http:\/\/youtu.be\/mUdDhWfpqxg\">(http:\/\/youtu.be\/mUdDhWfpqxg)<\/a><\/li>\n<li>A vision of Students Today (<a href=\"http:\/\/www.youtube.com\/watch?v=dGCJ46vyR9o\">http:\/\/www.youtube.com\/watch?v=dGCJ46vyR9o<\/a>)<\/li>\n<li>A day made of glass (<a href=\"http:\/\/www.youtube.com\/watch?v=6Cf7IL_eZ38\">http:\/\/www.youtube.com\/watch?v=6Cf7IL_eZ38<\/a>)<\/li>\n<\/ul>\n<p>Algunos de los <strong>infogramas<\/strong> que vimos son:<\/p>\n<ul>\n<li><a href=\"http:\/\/www.domo.com\/blog\/wp-content\/uploads\/2012\/06\/DatainOneMinute-430x683.jpg\">Data Never Sleeps<\/a><\/li>\n<li><a href=\"http:\/\/www.mediabistro.com\/alltwitter\/files\/2012\/06\/social-web.gif\">How social is the web<\/a><\/li>\n<li><a href=\"http:\/\/www.upsidelearning.com\/blog\/index.php\/2010\/03\/10\/elements-for-constructing-social-learning-environments\/\">Elements for constructing Social Learning Environments<\/a><\/li>\n<\/ul>\n<p>Programa de la asignatura<\/p>\n<ul>\n<li><a href=\"https:\/\/www.uv.mx\/personal\/albramirez\/files\/2012\/07\/ite_programa.pdf\">Programa (pdf)<\/a><\/li>\n<\/ul>\n<p><strong>Estudiantes inscritos en el intersemestre (junio &#8211; julio 2012)<\/strong><\/p>\n<ul>\n<li>Karean Arellano Aguilar<\/li>\n<li>Juan Carlos Gomez Castillo<\/li>\n<li>V\u00edctor Gonz\u00e1lez Robles<\/li>\n<li>Carlos Alfonos Hern\u00e1ndez Cuevas<\/li>\n<li>Manuel Ju\u00e1rez Ramos<\/li>\n<li>Brenda Le\u00f1ero Aguilar<\/li>\n<li>Mariana Morales Gonz\u00e1lez<\/li>\n<li>Ledia Morales J\u00e1come<\/li>\n<li>Mar\u00eda Fernanda Osorioa V\u00e1squez<\/li>\n<li>Mercedes Alejandra Pay\u00e1n Ram\u00edrez<\/li>\n<li>Juana Posada Contreras<\/li>\n<\/ul>\n<p><strong>Asistentes invitados<\/strong><\/p>\n<ul>\n<li>Maestra Denise Hern\u00e1ndez y Hern\u00e1ndez<\/li>\n<li>Maestra Ana Teresa Morales Rodr\u00edguez<\/li>\n<li>Lic Pablo Alejandro Olgu\u00edn Aguilar<\/li>\n<\/ul>\n","protected":false},"excerpt":{"rendered":"<p>En el periodo intersemestral de verano de 2012, se ofreci\u00f3 por primera vez la experiencia educativa (EE) Introducci\u00f3n a la Tecnolog\u00eda Educativa, dise\u00f1ada para su inclusi\u00f3n en el \u00c1rea Flexible de Elecci\u00f3n Libre de los programas de licenciatura de la Universidad Veracruzana. El prop\u00f3sito de esta EE durante este periodo intersemestral fue brindarle a los&#8230;<\/p>\n","protected":false},"author":501,"featured_media":0,"comment_status":"open","ping_status":"closed","sticky":false,"template":"","format":"standard","meta":[],"categories":[59],"tags":[76],"_links":{"self":[{"href":"https:\/\/www.uv.mx\/personal\/albramirez\/wp-json\/wp\/v2\/posts\/468"}],"collection":[{"href":"https:\/\/www.uv.mx\/personal\/albramirez\/wp-json\/wp\/v2\/posts"}],"about":[{"href":"https:\/\/www.uv.mx\/personal\/albramirez\/wp-json\/wp\/v2\/types\/post"}],"author":[{"embeddable":true,"href":"https:\/\/www.uv.mx\/personal\/albramirez\/wp-json\/wp\/v2\/users\/501"}],"replies":[{"embeddable":true,"href":"https:\/\/www.uv.mx\/personal\/albramirez\/wp-json\/wp\/v2\/comments?post=468"}],"version-history":[{"count":0,"href":"https:\/\/www.uv.mx\/personal\/albramirez\/wp-json\/wp\/v2\/posts\/468\/revisions"}],"wp:attachment":[{"href":"https:\/\/www.uv.mx\/personal\/albramirez\/wp-json\/wp\/v2\/media?parent=468"}],"wp:term":[{"taxonomy":"category","embeddable":true,"href":"https:\/\/www.uv.mx\/personal\/albramirez\/wp-json\/wp\/v2\/categories?post=468"},{"taxonomy":"post_tag","embeddable":true,"href":"https:\/\/www.uv.mx\/personal\/albramirez\/wp-json\/wp\/v2\/tags?post=468"}],"curies":[{"name":"wp","href":"https:\/\/api.w.org\/{rel}","templated":true}]}}