{"id":555,"date":"2012-08-21T19:23:03","date_gmt":"2012-08-22T00:23:03","guid":{"rendered":"https:\/\/www.uv.mx\/personal\/albramirez\/?p=555"},"modified":"2013-06-23T21:54:34","modified_gmt":"2013-06-24T02:54:34","slug":"libros","status":"publish","type":"post","link":"https:\/\/www.uv.mx\/personal\/albramirez\/2012\/08\/21\/libros\/","title":{"rendered":"Nuevas adquisiciones de la Biblioteca del IIE (septiembre)"},"content":{"rendered":"<p>Vienen llegando a la biblioteca del Instituto de Investigaci\u00f3n en Educaci\u00f3n algunos de los libros solicitados recientemente.<\/p>\n<p>Entre esta selecci\u00f3n realizada por los colegas de la l\u00ednea de investigaci\u00f3n de pol\u00edticas en educaci\u00f3n superior, hay al menos doce libros (ver galer\u00eda) que nos servir\u00e1n en el proyecto de brecha digital.<div id='gallery-1' class='gallery galleryid-555 gallery-columns-4 gallery-size-thumbnail'><figure class='gallery-item'>\n\t\t\t<div class='gallery-icon portrait'>\n\t\t\t\t<a href='https:\/\/www.uv.mx\/personal\/albramirez\/files\/2012\/08\/IMG_0287.jpg'><img width=\"150\" height=\"150\" src=\"https:\/\/www.uv.mx\/personal\/albramirez\/files\/2012\/08\/IMG_0287-150x150.jpg\" class=\"attachment-thumbnail size-thumbnail\" alt=\"\" decoding=\"async\" loading=\"lazy\" \/><\/a>\n\t\t\t<\/div><\/figure><figure class='gallery-item'>\n\t\t\t<div class='gallery-icon portrait'>\n\t\t\t\t<a href='https:\/\/www.uv.mx\/personal\/albramirez\/files\/2012\/08\/IMG_0289.jpg'><img width=\"150\" height=\"150\" src=\"https:\/\/www.uv.mx\/personal\/albramirez\/files\/2012\/08\/IMG_0289-150x150.jpg\" class=\"attachment-thumbnail size-thumbnail\" alt=\"\" decoding=\"async\" loading=\"lazy\" \/><\/a>\n\t\t\t<\/div><\/figure><figure class='gallery-item'>\n\t\t\t<div class='gallery-icon portrait'>\n\t\t\t\t<a href='https:\/\/www.uv.mx\/personal\/albramirez\/files\/2012\/08\/IMG_0290.jpg'><img width=\"150\" height=\"150\" src=\"https:\/\/www.uv.mx\/personal\/albramirez\/files\/2012\/08\/IMG_0290-150x150.jpg\" class=\"attachment-thumbnail size-thumbnail\" alt=\"\" decoding=\"async\" loading=\"lazy\" \/><\/a>\n\t\t\t<\/div><\/figure><figure class='gallery-item'>\n\t\t\t<div class='gallery-icon portrait'>\n\t\t\t\t<a href='https:\/\/www.uv.mx\/personal\/albramirez\/files\/2012\/08\/IMG_0291.jpg'><img width=\"150\" height=\"150\" src=\"https:\/\/www.uv.mx\/personal\/albramirez\/files\/2012\/08\/IMG_0291-150x150.jpg\" class=\"attachment-thumbnail size-thumbnail\" alt=\"\" decoding=\"async\" loading=\"lazy\" \/><\/a>\n\t\t\t<\/div><\/figure><figure class='gallery-item'>\n\t\t\t<div class='gallery-icon portrait'>\n\t\t\t\t<a href='https:\/\/www.uv.mx\/personal\/albramirez\/files\/2012\/08\/IMG_0292.jpg'><img width=\"150\" height=\"150\" src=\"https:\/\/www.uv.mx\/personal\/albramirez\/files\/2012\/08\/IMG_0292-150x150.jpg\" class=\"attachment-thumbnail size-thumbnail\" alt=\"\" decoding=\"async\" loading=\"lazy\" \/><\/a>\n\t\t\t<\/div><\/figure><figure class='gallery-item'>\n\t\t\t<div class='gallery-icon portrait'>\n\t\t\t\t<a href='https:\/\/www.uv.mx\/personal\/albramirez\/files\/2012\/08\/IMG_0293.jpg'><img width=\"150\" height=\"150\" src=\"https:\/\/www.uv.mx\/personal\/albramirez\/files\/2012\/08\/IMG_0293-150x150.jpg\" class=\"attachment-thumbnail size-thumbnail\" alt=\"\" decoding=\"async\" loading=\"lazy\" \/><\/a>\n\t\t\t<\/div><\/figure><figure class='gallery-item'>\n\t\t\t<div class='gallery-icon portrait'>\n\t\t\t\t<a href='https:\/\/www.uv.mx\/personal\/albramirez\/files\/2012\/08\/IMG_0294.jpg'><img width=\"150\" height=\"150\" src=\"https:\/\/www.uv.mx\/personal\/albramirez\/files\/2012\/08\/IMG_0294-150x150.jpg\" class=\"attachment-thumbnail size-thumbnail\" alt=\"\" decoding=\"async\" loading=\"lazy\" \/><\/a>\n\t\t\t<\/div><\/figure><figure class='gallery-item'>\n\t\t\t<div class='gallery-icon portrait'>\n\t\t\t\t<a href='https:\/\/www.uv.mx\/personal\/albramirez\/files\/2012\/08\/IMG_0295.jpg'><img width=\"150\" height=\"150\" src=\"https:\/\/www.uv.mx\/personal\/albramirez\/files\/2012\/08\/IMG_0295-150x150.jpg\" class=\"attachment-thumbnail size-thumbnail\" alt=\"\" decoding=\"async\" loading=\"lazy\" \/><\/a>\n\t\t\t<\/div><\/figure><figure class='gallery-item'>\n\t\t\t<div class='gallery-icon portrait'>\n\t\t\t\t<a href='https:\/\/www.uv.mx\/personal\/albramirez\/files\/2012\/08\/IMG_0296.jpg'><img width=\"150\" height=\"150\" src=\"https:\/\/www.uv.mx\/personal\/albramirez\/files\/2012\/08\/IMG_0296-150x150.jpg\" class=\"attachment-thumbnail size-thumbnail\" alt=\"\" decoding=\"async\" loading=\"lazy\" \/><\/a>\n\t\t\t<\/div><\/figure><figure class='gallery-item'>\n\t\t\t<div class='gallery-icon portrait'>\n\t\t\t\t<a href='https:\/\/www.uv.mx\/personal\/albramirez\/files\/2012\/08\/IMG_0297.jpg'><img width=\"150\" height=\"150\" src=\"https:\/\/www.uv.mx\/personal\/albramirez\/files\/2012\/08\/IMG_0297-150x150.jpg\" class=\"attachment-thumbnail size-thumbnail\" alt=\"\" decoding=\"async\" loading=\"lazy\" \/><\/a>\n\t\t\t<\/div><\/figure><figure class='gallery-item'>\n\t\t\t<div class='gallery-icon portrait'>\n\t\t\t\t<a href='https:\/\/www.uv.mx\/personal\/albramirez\/files\/2012\/08\/IMG_0298.jpg'><img width=\"150\" height=\"150\" src=\"https:\/\/www.uv.mx\/personal\/albramirez\/files\/2012\/08\/IMG_0298-150x150.jpg\" class=\"attachment-thumbnail size-thumbnail\" alt=\"\" decoding=\"async\" loading=\"lazy\" \/><\/a>\n\t\t\t<\/div><\/figure><figure class='gallery-item'>\n\t\t\t<div class='gallery-icon portrait'>\n\t\t\t\t<a href='https:\/\/www.uv.mx\/personal\/albramirez\/files\/2012\/08\/IMG_0299.jpg'><img width=\"150\" height=\"150\" src=\"https:\/\/www.uv.mx\/personal\/albramirez\/files\/2012\/08\/IMG_0299-150x150.jpg\" class=\"attachment-thumbnail size-thumbnail\" alt=\"\" decoding=\"async\" loading=\"lazy\" \/><\/a>\n\t\t\t<\/div><\/figure>\n\t\t<\/div>\n<\/p>\n<p>Los t\u00edtulos son:<\/p>\n<ul>\n<li>Lectores, espectadores e Internautas \/ Nestor Garc\u00eda Canclini. Barcelona: Gedisa, 2007<\/li>\n<li>Pol\u00edticas de comunicaci\u00f3n y educaci\u00f3n: cr\u00edticas y desarrollo de la sociedad del conocimiento \/ Francisco Sierra Caballero: Barcelona: Gedisa, 2006<\/li>\n<li>Los retos de la educaci\u00f3n en la modernidad l\u00edquieda \/ Zygmunt Bauman. Barcelona: Gedisa, 2007<\/li>\n<li>Diferentes, desiguales y desconectados: mapas de la interculturalidad \/ Nestor Garc\u00eda. Barcelona: Gedisa, 2004<\/li>\n<li>Educaci\u00f3n interactiva: ense\u00f1anza y aprendizaje presencial y on-line \/ Marco Silva. Barcelona Gedisa, 2005<\/li>\n<li>Las nuevas tecnolog\u00edas en la ense\u00f1anza: temas para el usuario \/ Antonio Bautista Garc\u00eda Vera (Coord). Madrid. Akal, 2004<\/li>\n<li>Robinson Crusoe ya tiene celular: la conexi\u00f3n como espacio de control de la incertidumbre \/ Rosal\u00eda Winocour. M\u00e9xico: UAM, 2009<\/li>\n<li>Tecnolog\u00edas para transformar la educaci\u00f3n \/Juana Ma. Sancho Gil (coord). Madrid: Akal, 2006<\/li>\n<li>Alfabetizaci\u00f3n digital: algo m\u00e1s que ratones y teclas \/ Alfonos Guti\u00e9rrez Mart\u00edn. Barcelona: Gedisa, 2003<\/li>\n<li>Educomunicaci\u00f3n: m\u00e1s all\u00e1 del 2.0 \/ Roberto Aparici (coord.,) Barcelona: Gedisa, 2010<\/li>\n<li>Hibridismo cultural \/ Peter Burke. Madrid: Akal, 2004<\/li>\n<li>La educaci\u00f3n superior en M\u00e9xico: planeaci\u00f3n, evaluaci\u00f3n y entorno \/ Gonzalo Varela Petito. Madrid: Mino y D\u00e1vila, 2008<\/li>\n<\/ul>\n<p>&nbsp;<\/p>\n","protected":false},"excerpt":{"rendered":"<p>Vienen llegando a la biblioteca del Instituto de Investigaci\u00f3n en Educaci\u00f3n algunos de los libros solicitados recientemente. Entre esta selecci\u00f3n realizada por los colegas de la l\u00ednea de investigaci\u00f3n de pol\u00edticas en educaci\u00f3n superior, hay al menos doce libros (ver galer\u00eda) que nos servir\u00e1n en el proyecto de brecha digital. Los t\u00edtulos son: Lectores, espectadores&#8230;<\/p>\n","protected":false},"author":501,"featured_media":0,"comment_status":"open","ping_status":"closed","sticky":false,"template":"","format":"standard","meta":[],"categories":[4,59,58,65,8,41],"tags":[],"_links":{"self":[{"href":"https:\/\/www.uv.mx\/personal\/albramirez\/wp-json\/wp\/v2\/posts\/555"}],"collection":[{"href":"https:\/\/www.uv.mx\/personal\/albramirez\/wp-json\/wp\/v2\/posts"}],"about":[{"href":"https:\/\/www.uv.mx\/personal\/albramirez\/wp-json\/wp\/v2\/types\/post"}],"author":[{"embeddable":true,"href":"https:\/\/www.uv.mx\/personal\/albramirez\/wp-json\/wp\/v2\/users\/501"}],"replies":[{"embeddable":true,"href":"https:\/\/www.uv.mx\/personal\/albramirez\/wp-json\/wp\/v2\/comments?post=555"}],"version-history":[{"count":0,"href":"https:\/\/www.uv.mx\/personal\/albramirez\/wp-json\/wp\/v2\/posts\/555\/revisions"}],"wp:attachment":[{"href":"https:\/\/www.uv.mx\/personal\/albramirez\/wp-json\/wp\/v2\/media?parent=555"}],"wp:term":[{"taxonomy":"category","embeddable":true,"href":"https:\/\/www.uv.mx\/personal\/albramirez\/wp-json\/wp\/v2\/categories?post=555"},{"taxonomy":"post_tag","embeddable":true,"href":"https:\/\/www.uv.mx\/personal\/albramirez\/wp-json\/wp\/v2\/tags?post=555"}],"curies":[{"name":"wp","href":"https:\/\/api.w.org\/{rel}","templated":true}]}}