{"id":876,"date":"2013-02-26T13:40:04","date_gmt":"2013-02-26T19:40:04","guid":{"rendered":"https:\/\/www.uv.mx\/personal\/albramirez\/?p=876"},"modified":"2013-06-23T21:52:20","modified_gmt":"2013-06-24T02:52:20","slug":"sit","status":"publish","type":"post","link":"https:\/\/www.uv.mx\/personal\/albramirez\/2013\/02\/26\/sit\/","title":{"rendered":"Registro de reporte de tutor\u00edas en el SIT"},"content":{"rendered":"<p>Para registrar las tutor\u00edas en el Sistema Institucional de Tutor\u00edas se debe &#8211; siempre y cuando est\u00e9 abierto el periodo de captura de tutor\u00edas &#8211; hacer lo mostrado en la siguiente imagen.<img decoding=\"async\" loading=\"lazy\" class=\"alignleft size-full wp-image-877\" alt=\"SIT_pasos\" src=\"https:\/\/www.uv.mx\/personal\/albramirez\/files\/2013\/02\/SIT_pasos.jpg\" width=\"800\" height=\"1188\" srcset=\"https:\/\/www.uv.mx\/personal\/albramirez\/files\/2013\/02\/SIT_pasos.jpg 800w, https:\/\/www.uv.mx\/personal\/albramirez\/files\/2013\/02\/SIT_pasos-202x300.jpg 202w, https:\/\/www.uv.mx\/personal\/albramirez\/files\/2013\/02\/SIT_pasos-689x1024.jpg 689w\" sizes=\"(max-width: 800px) 100vw, 800px\" \/><\/p>\n","protected":false},"excerpt":{"rendered":"<p>Para registrar las tutor\u00edas en el Sistema Institucional de Tutor\u00edas se debe &#8211; siempre y cuando est\u00e9 abierto el periodo de captura de tutor\u00edas &#8211; hacer lo mostrado en la siguiente imagen.<\/p>\n","protected":false},"author":501,"featured_media":0,"comment_status":"open","ping_status":"closed","sticky":false,"template":"","format":"standard","meta":[],"categories":[59,8],"tags":[],"_links":{"self":[{"href":"https:\/\/www.uv.mx\/personal\/albramirez\/wp-json\/wp\/v2\/posts\/876"}],"collection":[{"href":"https:\/\/www.uv.mx\/personal\/albramirez\/wp-json\/wp\/v2\/posts"}],"about":[{"href":"https:\/\/www.uv.mx\/personal\/albramirez\/wp-json\/wp\/v2\/types\/post"}],"author":[{"embeddable":true,"href":"https:\/\/www.uv.mx\/personal\/albramirez\/wp-json\/wp\/v2\/users\/501"}],"replies":[{"embeddable":true,"href":"https:\/\/www.uv.mx\/personal\/albramirez\/wp-json\/wp\/v2\/comments?post=876"}],"version-history":[{"count":0,"href":"https:\/\/www.uv.mx\/personal\/albramirez\/wp-json\/wp\/v2\/posts\/876\/revisions"}],"wp:attachment":[{"href":"https:\/\/www.uv.mx\/personal\/albramirez\/wp-json\/wp\/v2\/media?parent=876"}],"wp:term":[{"taxonomy":"category","embeddable":true,"href":"https:\/\/www.uv.mx\/personal\/albramirez\/wp-json\/wp\/v2\/categories?post=876"},{"taxonomy":"post_tag","embeddable":true,"href":"https:\/\/www.uv.mx\/personal\/albramirez\/wp-json\/wp\/v2\/tags?post=876"}],"curies":[{"name":"wp","href":"https:\/\/api.w.org\/{rel}","templated":true}]}}