{"id":88,"date":"2014-06-30T19:17:24","date_gmt":"2014-07-01T00:17:24","guid":{"rendered":"http:\/\/www.uv.mx\/personal\/alejvargas\/?p=88"},"modified":"2026-08-28T16:41:22","modified_gmt":"2026-08-28T22:41:22","slug":"curso-de-analisis-estructural","status":"publish","type":"post","link":"https:\/\/www.uv.mx\/personal\/alejvargas\/2014\/06\/30\/curso-de-analisis-estructural\/","title":{"rendered":"Curso de An\u00e1lisis Estructural"},"content":{"rendered":"<p style=\"text-align: center\"><strong><em><u>AN\u00c1LISIS ESTRUCTURAL<\/u><\/em><\/strong><\/p>\n<ol>\n<li>\u00a0 \u00a0 \u00a0 \u00a0\u00a0<strong> Introducci\u00f3n: Conceptos b\u00e1sicos de an\u00e1lisis estructural.<\/strong><\/li>\n<\/ol>\n<p>1.1 \u00a0 \u00a0 \u00a0 \u00a0El an\u00e1lisis dentro del proceso de dise\u00f1o estructural.<\/p>\n<p>1.2 \u00a0 \u00a0 \u00a0 \u00a0Tipos de an\u00e1lisis estructural y sus caracter\u00edsticas.<\/p>\n<p>1.3 \u00a0 \u00a0 \u00a0 \u00a0Identificaci\u00f3n de estructuras hiperest\u00e1ticas.<\/p>\n<p>1.4 \u00a0 \u00a0 \u00a0 \u00a0Diagramas de elementos mec\u00e1nicos, carga axial, fuerza cortante y momento flexionante.<\/p>\n<ol start=\"2\">\n<li>\u00a0 \u00a0 \u00a0 \u00a0 \u00a0<strong>C\u00e1lculo de deformaciones<\/strong><\/li>\n<\/ol>\n<p>2.1 \u00a0 \u00a0 \u00a0 \u00a0Descripci\u00f3n de la deformaci\u00f3n de elementos al aplic\u00e1rseles carga seg\u00fan sus condiciones de apoyo.<\/p>\n<p>2.2 \u00a0 \u00a0 \u00a0 \u00a0Teor\u00eda de la viga el\u00e1stica o m\u00e9todo de doble integraci\u00f3n.<\/p>\n<p>2.3 \u00a0 \u00a0 \u00a0 \u00a0Teoremas de \u00e1rea-momento o teoremas de Mohr.<\/p>\n<p>2.4 \u00a0 \u00a0 \u00a0 \u00a0Teorema de la viga conjugada.<\/p>\n<p>2.5 \u00a0 \u00a0 \u00a0 \u00a0Principio de la conservaci\u00f3n de Energ\u00eda.<\/p>\n<p>2.6 \u00a0 \u00a0 \u00a0 \u00a0Trabajo y Energ\u00eda.<\/p>\n<p>2.7 \u00a0 \u00a0 \u00a0 \u00a0Energ\u00eda de deformaci\u00f3n y Energ\u00eda Complementaria.<\/p>\n<p>2.8 \u00a0 \u00a0 \u00a0 \u00a0M\u00e9todo del trabajo Virtual.<\/p>\n<p>2.9 \u00a0 \u00a0 \u00a0 \u00a0Teorema de Maxwell.<\/p>\n<p>2.10 \u00a0 \u00a0 Teoremas de Castigliano.<\/p>\n<ol start=\"3\">\n<li>\u00a0 \u00a0 \u00a0 \u00a0 \u00a0<strong>M\u00e9todo de las fuerzas (Flexibilidades)<\/strong><\/li>\n<\/ol>\n<p>3.1 \u00a0 \u00a0 \u00a0 \u00a0Vigas planas.<\/p>\n<p>3.2 \u00a0 \u00a0 \u00a0 \u00a0Armaduras planas.<\/p>\n<p>3.3 \u00a0 \u00a0 \u00a0 \u00a0Marcos planos.\u00a0<strong>\u00a0<\/strong><\/p>\n<ol start=\"4\">\n<li>\u00a0 \u00a0 \u00a0 \u00a0 \u00a0<strong>M\u00e9todo de los desplazamientos <\/strong><\/li>\n<\/ol>\n<p>4.1 \u00a0 \u00a0 \u00a0 \u00a0Vigas planas.<\/p>\n<p>4.2 \u00a0 \u00a0 \u00a0 \u00a0Armaduras planas.<\/p>\n<p>4.3 \u00a0 \u00a0 \u00a0 \u00a0Marcos planos.<\/p>\n<ol start=\"5\">\n<li>\u00a0 \u00a0 \u00a0 \u00a0\u00a0<strong> M\u00e9todo pendiente desviaci\u00f3n<\/strong><\/li>\n<\/ol>\n<p>5.1 \u00a0 \u00a0 \u00a0 \u00a0Vigas planas.<\/p>\n<p>5.2 \u00a0 \u00a0 \u00a0 \u00a0Marcos planos.<\/p>\n<ol start=\"6\">\n<li>\u00a0 \u00a0 \u00a0 \u00a0 \u00a0<strong>M\u00e9todo de Cross<\/strong><\/li>\n<\/ol>\n<p>6.1 \u00a0 \u00a0 \u00a0 \u00a0Vigas.<\/p>\n<p>6.2 \u00a0 \u00a0 \u00a0 \u00a0Marcos sin desplazamientos laterales.<\/p>\n<p>6.3 \u00a0 \u00a0 \u00a0 \u00a0Marcos con desplazamientos laterales.<\/p>\n<p>&nbsp;<\/p>\n<p>Sitio en Youtube con videos de problemas vistos en clase<\/p>\n<p><a href=\"https:\/\/www.youtube.com\/@AlejandroVargas-tm4wh\">https:\/\/www.youtube.com\/@AlejandroVargas-tm4wh<\/a><\/p>\n","protected":false},"excerpt":{"rendered":"<p>AN\u00c1LISIS ESTRUCTURAL \u00a0 \u00a0 \u00a0 \u00a0\u00a0 Introducci\u00f3n: Conceptos b\u00e1sicos de an\u00e1lisis estructural. 1.1 \u00a0 \u00a0 \u00a0 \u00a0El an\u00e1lisis dentro del proceso de dise\u00f1o estructural. 1.2 \u00a0 \u00a0 \u00a0 \u00a0Tipos de an\u00e1lisis estructural y sus caracter\u00edsticas. 1.3 \u00a0 \u00a0 \u00a0 \u00a0Identificaci\u00f3n de estructuras hiperest\u00e1ticas. 1.4 \u00a0 \u00a0 \u00a0 \u00a0Diagramas de elementos mec\u00e1nicos, carga axial, fuerza cortante&#8230;<\/p>\n","protected":false},"author":1222,"featured_media":0,"comment_status":"closed","ping_status":"closed","sticky":false,"template":"","format":"standard","meta":{"footnotes":""},"categories":[7],"tags":[],"class_list":["post-88","post","type-post","status-publish","format-standard","hentry","category-actividades-academicas"],"_links":{"self":[{"href":"https:\/\/www.uv.mx\/personal\/alejvargas\/wp-json\/wp\/v2\/posts\/88","targetHints":{"allow":["GET"]}}],"collection":[{"href":"https:\/\/www.uv.mx\/personal\/alejvargas\/wp-json\/wp\/v2\/posts"}],"about":[{"href":"https:\/\/www.uv.mx\/personal\/alejvargas\/wp-json\/wp\/v2\/types\/post"}],"author":[{"embeddable":true,"href":"https:\/\/www.uv.mx\/personal\/alejvargas\/wp-json\/wp\/v2\/users\/1222"}],"replies":[{"embeddable":true,"href":"https:\/\/www.uv.mx\/personal\/alejvargas\/wp-json\/wp\/v2\/comments?post=88"}],"version-history":[{"count":2,"href":"https:\/\/www.uv.mx\/personal\/alejvargas\/wp-json\/wp\/v2\/posts\/88\/revisions"}],"predecessor-version":[{"id":106,"href":"https:\/\/www.uv.mx\/personal\/alejvargas\/wp-json\/wp\/v2\/posts\/88\/revisions\/106"}],"wp:attachment":[{"href":"https:\/\/www.uv.mx\/personal\/alejvargas\/wp-json\/wp\/v2\/media?parent=88"}],"wp:term":[{"taxonomy":"category","embeddable":true,"href":"https:\/\/www.uv.mx\/personal\/alejvargas\/wp-json\/wp\/v2\/categories?post=88"},{"taxonomy":"post_tag","embeddable":true,"href":"https:\/\/www.uv.mx\/personal\/alejvargas\/wp-json\/wp\/v2\/tags?post=88"}],"curies":[{"name":"wp","href":"https:\/\/api.w.org\/{rel}","templated":true}]}}