{"id":190,"date":"2020-06-06T16:44:38","date_gmt":"2020-06-06T21:44:38","guid":{"rendered":"http:\/\/www.uv.mx\/personal\/aleleon\/?p=190"},"modified":"2020-06-06T16:53:25","modified_gmt":"2020-06-06T21:53:25","slug":"cierre-de-participacion-en-acta-comportamentalia","status":"publish","type":"post","link":"https:\/\/www.uv.mx\/personal\/aleleon\/2020\/06\/06\/cierre-de-participacion-en-acta-comportamentalia\/","title":{"rendered":"Cierre de participaci\u00f3n en Acta Comportamentalia&#8230;"},"content":{"rendered":"<p>Comparto el \u00faltimo n\u00famero de Acta Comportamentalia en el que particip\u00e9 como Editor Asociado.<\/p>\n<p><a href=\"http:\/\/www.revistas.unam.mx\/index.php\/acom\/issue\/view\/5737\/showToc\"><img decoding=\"async\" loading=\"lazy\" class=\"alignnone size-medium wp-image-195\" src=\"http:\/\/www.uv.mx\/personal\/aleleon\/files\/2020\/06\/cover_issue_5737_es_ES-230x300.jpg\" alt=\"\" width=\"230\" height=\"300\" srcset=\"https:\/\/www.uv.mx\/personal\/aleleon\/files\/2020\/06\/cover_issue_5737_es_ES-230x300.jpg 230w, https:\/\/www.uv.mx\/personal\/aleleon\/files\/2020\/06\/cover_issue_5737_es_ES.jpg 417w\" sizes=\"(max-width: 230px) 100vw, 230px\" \/><\/a><\/p>\n<p><a href=\"http:\/\/www.revistas.unam.mx\/index.php\/acom\/issue\/view\/5737\/showToc\">http:\/\/www.revistas.unam.mx\/index.php\/acom\/issue\/view\/5737\/showToc<\/a><\/p>\n<p>&nbsp;<\/p>\n","protected":false},"excerpt":{"rendered":"<p>Comparto el \u00faltimo n\u00famero de Acta Comportamentalia en el que particip\u00e9 como Editor Asociado. http:\/\/www.revistas.unam.mx\/index.php\/acom\/issue\/view\/5737\/showToc &nbsp;<\/p>\n","protected":false},"author":2114,"featured_media":0,"comment_status":"closed","ping_status":"closed","sticky":false,"template":"","format":"standard","meta":[],"categories":[4],"tags":[],"_links":{"self":[{"href":"https:\/\/www.uv.mx\/personal\/aleleon\/wp-json\/wp\/v2\/posts\/190"}],"collection":[{"href":"https:\/\/www.uv.mx\/personal\/aleleon\/wp-json\/wp\/v2\/posts"}],"about":[{"href":"https:\/\/www.uv.mx\/personal\/aleleon\/wp-json\/wp\/v2\/types\/post"}],"author":[{"embeddable":true,"href":"https:\/\/www.uv.mx\/personal\/aleleon\/wp-json\/wp\/v2\/users\/2114"}],"replies":[{"embeddable":true,"href":"https:\/\/www.uv.mx\/personal\/aleleon\/wp-json\/wp\/v2\/comments?post=190"}],"version-history":[{"count":0,"href":"https:\/\/www.uv.mx\/personal\/aleleon\/wp-json\/wp\/v2\/posts\/190\/revisions"}],"wp:attachment":[{"href":"https:\/\/www.uv.mx\/personal\/aleleon\/wp-json\/wp\/v2\/media?parent=190"}],"wp:term":[{"taxonomy":"category","embeddable":true,"href":"https:\/\/www.uv.mx\/personal\/aleleon\/wp-json\/wp\/v2\/categories?post=190"},{"taxonomy":"post_tag","embeddable":true,"href":"https:\/\/www.uv.mx\/personal\/aleleon\/wp-json\/wp\/v2\/tags?post=190"}],"curies":[{"name":"wp","href":"https:\/\/api.w.org\/{rel}","templated":true}]}}