{"id":212,"date":"2020-08-30T09:30:44","date_gmt":"2020-08-30T14:30:44","guid":{"rendered":"http:\/\/www.uv.mx\/personal\/aleleon\/?p=212"},"modified":"2020-08-30T09:33:07","modified_gmt":"2020-08-30T14:33:07","slug":"presentacion-de-libro","status":"publish","type":"post","link":"https:\/\/www.uv.mx\/personal\/aleleon\/2020\/08\/30\/presentacion-de-libro\/","title":{"rendered":"Filosof\u00eda Pol\u00edtica. Nota sobre la presentaci\u00f3n del libro."},"content":{"rendered":"<blockquote class=\"wp-embedded-content\" data-secret=\"HCSYHmemNT\"><p><a href=\"https:\/\/www.gobernados.com\/alejandro-tomasini-universo-sistema-de-noticias-de-la-uv\/\">Alejandro Tomasini \u2013 Universo \u2013 Sistema de noticias de la UV<\/a><\/p><\/blockquote>\n<p><iframe class=\"wp-embedded-content\" sandbox=\"allow-scripts\" security=\"restricted\" style=\"position: absolute; clip: rect(1px, 1px, 1px, 1px);\" title=\"&#8220;Alejandro Tomasini \u2013 Universo \u2013 Sistema de noticias de la UV&#8221; &#8212; Los Gobernados\" src=\"https:\/\/www.gobernados.com\/alejandro-tomasini-universo-sistema-de-noticias-de-la-uv\/embed\/#?secret=HCSYHmemNT\" data-secret=\"HCSYHmemNT\" width=\"500\" height=\"282\" frameborder=\"0\" marginwidth=\"0\" marginheight=\"0\" scrolling=\"no\"><\/iframe><\/p>\n","protected":false},"excerpt":{"rendered":"<p>Alejandro Tomasini \u2013 Universo \u2013 Sistema de noticias de la UV<\/p>\n","protected":false},"author":2114,"featured_media":0,"comment_status":"closed","ping_status":"closed","sticky":false,"template":"","format":"standard","meta":[],"categories":[4],"tags":[],"_links":{"self":[{"href":"https:\/\/www.uv.mx\/personal\/aleleon\/wp-json\/wp\/v2\/posts\/212"}],"collection":[{"href":"https:\/\/www.uv.mx\/personal\/aleleon\/wp-json\/wp\/v2\/posts"}],"about":[{"href":"https:\/\/www.uv.mx\/personal\/aleleon\/wp-json\/wp\/v2\/types\/post"}],"author":[{"embeddable":true,"href":"https:\/\/www.uv.mx\/personal\/aleleon\/wp-json\/wp\/v2\/users\/2114"}],"replies":[{"embeddable":true,"href":"https:\/\/www.uv.mx\/personal\/aleleon\/wp-json\/wp\/v2\/comments?post=212"}],"version-history":[{"count":0,"href":"https:\/\/www.uv.mx\/personal\/aleleon\/wp-json\/wp\/v2\/posts\/212\/revisions"}],"wp:attachment":[{"href":"https:\/\/www.uv.mx\/personal\/aleleon\/wp-json\/wp\/v2\/media?parent=212"}],"wp:term":[{"taxonomy":"category","embeddable":true,"href":"https:\/\/www.uv.mx\/personal\/aleleon\/wp-json\/wp\/v2\/categories?post=212"},{"taxonomy":"post_tag","embeddable":true,"href":"https:\/\/www.uv.mx\/personal\/aleleon\/wp-json\/wp\/v2\/tags?post=212"}],"curies":[{"name":"wp","href":"https:\/\/api.w.org\/{rel}","templated":true}]}}