{"id":219,"date":"2020-09-01T22:03:24","date_gmt":"2020-09-02T03:03:24","guid":{"rendered":"http:\/\/www.uv.mx\/personal\/aleleon\/?p=219"},"modified":"2020-09-01T22:04:06","modified_gmt":"2020-09-02T03:04:06","slug":"conversatorio-invitado-con-la-fac-de-poza-rica-tuxpan-uv","status":"publish","type":"post","link":"https:\/\/www.uv.mx\/personal\/aleleon\/2020\/09\/01\/conversatorio-invitado-con-la-fac-de-poza-rica-tuxpan-uv\/","title":{"rendered":"Conversatorio invitado con la Fac. de Poza Rica-Tuxpan, UV."},"content":{"rendered":"<p><iframe loading=\"lazy\" title=\"Reflexiones de enfoques te\u00f3ricos actuales de la Psicolog\u00eda: apuntes para estudiosos de la profesi\u00f3n\" width=\"500\" height=\"281\" src=\"https:\/\/www.youtube.com\/embed\/xDxq6v_e2FM?feature=oembed\" frameborder=\"0\" allow=\"accelerometer; autoplay; encrypted-media; gyroscope; picture-in-picture\" allowfullscreen><\/iframe><\/p>\n","protected":false},"excerpt":{"rendered":"","protected":false},"author":2114,"featured_media":0,"comment_status":"closed","ping_status":"closed","sticky":false,"template":"","format":"standard","meta":[],"categories":[4],"tags":[],"_links":{"self":[{"href":"https:\/\/www.uv.mx\/personal\/aleleon\/wp-json\/wp\/v2\/posts\/219"}],"collection":[{"href":"https:\/\/www.uv.mx\/personal\/aleleon\/wp-json\/wp\/v2\/posts"}],"about":[{"href":"https:\/\/www.uv.mx\/personal\/aleleon\/wp-json\/wp\/v2\/types\/post"}],"author":[{"embeddable":true,"href":"https:\/\/www.uv.mx\/personal\/aleleon\/wp-json\/wp\/v2\/users\/2114"}],"replies":[{"embeddable":true,"href":"https:\/\/www.uv.mx\/personal\/aleleon\/wp-json\/wp\/v2\/comments?post=219"}],"version-history":[{"count":0,"href":"https:\/\/www.uv.mx\/personal\/aleleon\/wp-json\/wp\/v2\/posts\/219\/revisions"}],"wp:attachment":[{"href":"https:\/\/www.uv.mx\/personal\/aleleon\/wp-json\/wp\/v2\/media?parent=219"}],"wp:term":[{"taxonomy":"category","embeddable":true,"href":"https:\/\/www.uv.mx\/personal\/aleleon\/wp-json\/wp\/v2\/categories?post=219"},{"taxonomy":"post_tag","embeddable":true,"href":"https:\/\/www.uv.mx\/personal\/aleleon\/wp-json\/wp\/v2\/tags?post=219"}],"curies":[{"name":"wp","href":"https:\/\/api.w.org\/{rel}","templated":true}]}}