{"id":140,"date":"2017-05-11T19:07:45","date_gmt":"2017-05-12T00:07:45","guid":{"rendered":"http:\/\/www.uv.mx\/personal\/bcerda\/?p=140"},"modified":"2017-05-12T11:10:00","modified_gmt":"2017-05-12T16:10:00","slug":"felices-muy-felices-40-anos","status":"publish","type":"post","link":"https:\/\/www.uv.mx\/personal\/bcerda\/2017\/05\/11\/felices-muy-felices-40-anos\/","title":{"rendered":"Felices, muy felices 40 a\u00f1os."},"content":{"rendered":"<p><span style=\"font-size: 12pt\">La Facultad de Odontolog\u00eda (FO) de la Universidad Veracruzana, en la regi\u00f3n Orizaba-C\u00f3rdoba naci\u00f3 el 1 de abril de 1977 en Ciudad Mendoza, compartiendo las instalaciones con la escuela de medicina. Fue fundada por dentistas sin experiencia docente, algunos migrantes con enormes ganas de entregarse a una comunidad ajena, como el caso del Dr. Guillermo Meraz Z\u00fa\u00f1iga, primer director de la FO y oriundo del norte\u00f1o estado de San Luis Potos\u00ed. Fueron entonces miradas externas, objetivas y cr\u00edticas las que identificaron las carencias de la salud bucal en la regi\u00f3n y encontraron un \u00e1rea de oportunidad en la ense\u00f1anza de la odontolog\u00eda.<\/span><\/p>\n<p><span style=\"font-size: 12pt\">La facultad creci\u00f3 y tuvo un espacio propio, as\u00ed el 5 de diciembre de 1994 inici\u00f3 con una segunda etapa al mudarse de Ciudad Mendoza a la congregaci\u00f3n de Tenango, en R\u00edo Blanco. Puede decirse que la facultad ha tenido dos inicios geogr\u00e1ficos bajo una misma l\u00ednea hist\u00f3rica, su segundo arranque fue en lo alto, en un sitio donado sobre el cerro de Tenango. Con el cambio conserv\u00f3 su identidad intelectual al mismo tiempo que las nuevas instalaciones impactaron positivamente en el desarrollo acad\u00e9mico de los alumnos y profesores. A partir de la etapa en Tenango, el proyecto de los primeros fundadores logr\u00f3 consolidarse con la labor de los directores, alumnos y profesores siguientes. De esa manera llegaron las acreditaciones por el Consejo Nacional de Educaci\u00f3n Odontol\u00f3gica (CONAEDO) y el Consejo para Acreditaci\u00f3n de la Educaci\u00f3n Superior (COPAES), las cuales dieron a la FO reconocimiento estatal y nacional. En el a\u00f1o 2002, bajo el respaldo de los logros, se celebr\u00f3 el 25 aniversario con un magno congreso. En los a\u00f1os que siguieron la facultad continu\u00f3 su andar siempre hacia el frente. Quiz\u00e1 a paso m\u00e1s lento, quiz\u00e1 luchando contra la costumbre, contra la conformidad por haber ganado una posici\u00f3n y espacio propios. Quiz\u00e1 en un letargo originado del aislamiento sicol\u00f3gico auto impuesto por la influencia de estar situada en una zona \u201calejada de todo\u201d. Sin intenci\u00f3n de criticar bajo un argumento ignorante, podr\u00eda decirse que el empuje din\u00e1mico de la FO termin\u00f3 por agotarse poco a poco luego de subir a la cuesta de Tenango.<\/span><\/p>\n<p><span style=\"font-size: 12pt\">Dicen que \u201clos cuarenta son los nuevos veinte\u201d. La frase tiene sentido en el contexto de la vida de un ser humano, tambi\u00e9n suena adecuada como una buena analog\u00eda para la FO: sus 40 a\u00f1os son sus nuevos 20. No porque est\u00e9 viviendo una vuelta al pasado, sino porque ha retomado el paso din\u00e1mico en el presente. Hay momentos en la vida de una instituci\u00f3n en los cuales se conjugan una serie de aciertos para dar un excelente resultado. Y no son ciclos c\u00f3smicos, apareciendo cada tantos a\u00f1os por el influjo de las estrellas, son procesos humanos resultantes de la vocaci\u00f3n por la ense\u00f1anza, el amor por el lugar de trabajo y por el trabajo en equipo. La FO posee actualmente muchos aciertos. Primero, tiene en su direcci\u00f3n un liderazgo institucional, confiable y abierto al di\u00e1logo, que se mueve al paso de las exigencias de la Universidad Veracruzana. Y sobre todo, es una direcci\u00f3n sensible a las necesidades de la comunidad de la FO y de la regi\u00f3n. Se fortalece por una secretar\u00eda acad\u00e9mica experimentada y una administraci\u00f3n financiera pulcra y activa. Tiene un cuerpo acad\u00e9mico conformado por los profesores que han impartido clase a lo largo de los a\u00f1os, con valiosa experiencia y formadores de la identidad de la facultad;\u00a0a ellos se suman los profesores j\u00f3venes que inyectan dinamismo e innovaci\u00f3n al equipo.\u00a0Por consecuencia existe una refrescante mezcla generacional con opiniones diversas para ganancia de los alumnos. Adem\u00e1s la FO incluye un grupo de trabajadores comprometidos que mantienen la marcha de la facultad durante 24 horas. Y por supuesto, m\u00e1s de 400 alumnos pertenecientes a la generaci\u00f3n <em>millennial, <\/em>conocedores de la exigencia de una vida acad\u00e9mica y profesional que evoluciona a la velocidad del internet y las nuevas tecnolog\u00edas.\u00a0En sus 40 a\u00f1os, todos los elementos humanos han entendido que lograr la excelencia es una responsabilidad compartida.<\/span><\/p>\n<p><span style=\"font-size: 12pt\">El mayor logro en el 40 aniversario es indudablemente la recuperaci\u00f3n de la acreditaci\u00f3n del programa por los Comit\u00e9s Interinstitucionales para la Evaluaci\u00f3n de la Educaci\u00f3n Superior A.C. (CIEES). La acreditaci\u00f3n por CIEES es un respaldo a la calidad de la FO, coloc\u00e1ndola donde por inter\u00e9s propio debe estar siempre, en el mayor nivel de calidad de ense\u00f1anza y aprendizaje. Es por otro lado, un triunfo comunitario obtenido no \u00fanicamente como una medalla para presumir, sino como una oportunidad para la autocr\u00edtica, para mirarse al espejo y reconocer que la escuela no es ni de lejos perfecta pero con disposici\u00f3n es posible llevarla a la excelencia. En tiempos en los cuales la educaci\u00f3n a nivel superior padece de cuestionables modelos acad\u00e9micos de \u201custed pague y yo le hago creer que usted aprende\u201d, la acreditaci\u00f3n por CIEES tiene por igual un valor \u00e9tico: la FO cumple con sus alumnos y la sociedad al ofrecer una educaci\u00f3n de calidad respaldada por la Universidad Veracruzana.<\/span><\/p>\n<p><span style=\"font-size: 12pt\">Aunque hay diversos logros a mencionar, conviene destacar la realizaci\u00f3n del Congreso Internacional por el 40 aniversario, otro triunfo de equipo. El congreso fue mucho m\u00e1s que una serie de conferencias, fue la muestra de la habilidad organizativa, colaborativa y la capacidad de ser centro de transmisi\u00f3n y producci\u00f3n de conocimiento de la facultad. La presencia de conferencistas del m\u00e1s alto nivel nacional e internacional \u00adpara disfrute de la poblaci\u00f3n universitaria y de la comunidad odontol\u00f3gica posicion\u00f3 de nuevo a la FO como el punto de referencia en la regi\u00f3n. <\/span><\/p>\n<p><span style=\"font-size: 12pt\">Nuestra<\/span><span style=\"font-size: 12pt\">\u00a0escuela celebra sus 40 a\u00f1os m\u00e1s fuerte que nunca. Si hubo en el pasado algunos momentos inciertos, conviene terminar de enterrarlos para ahora mirar claramente el presente. La Facultad de Odontolog\u00eda en Tenango ha dejado de ser imagen de la cuesta agotadora a subir, para transformarse en la cumbre del conocimiento odontol\u00f3gico en la regi\u00f3n Orizaba-C\u00f3rdoba.\u00a0<\/span><\/p>\n","protected":false},"excerpt":{"rendered":"<p>La Facultad de Odontolog\u00eda (FO) de la Universidad Veracruzana, en la regi\u00f3n Orizaba-C\u00f3rdoba naci\u00f3 el 1 de abril de 1977 en Ciudad Mendoza, compartiendo las instalaciones con la escuela de medicina. Fue fundada por dentistas sin experiencia docente, algunos migrantes con enormes ganas de entregarse a una comunidad ajena, como el caso del Dr. Guillermo&#8230;<\/p>\n","protected":false},"author":1989,"featured_media":0,"comment_status":"closed","ping_status":"closed","sticky":false,"template":"","format":"standard","meta":[],"categories":[4],"tags":[],"_links":{"self":[{"href":"https:\/\/www.uv.mx\/personal\/bcerda\/wp-json\/wp\/v2\/posts\/140"}],"collection":[{"href":"https:\/\/www.uv.mx\/personal\/bcerda\/wp-json\/wp\/v2\/posts"}],"about":[{"href":"https:\/\/www.uv.mx\/personal\/bcerda\/wp-json\/wp\/v2\/types\/post"}],"author":[{"embeddable":true,"href":"https:\/\/www.uv.mx\/personal\/bcerda\/wp-json\/wp\/v2\/users\/1989"}],"replies":[{"embeddable":true,"href":"https:\/\/www.uv.mx\/personal\/bcerda\/wp-json\/wp\/v2\/comments?post=140"}],"version-history":[{"count":0,"href":"https:\/\/www.uv.mx\/personal\/bcerda\/wp-json\/wp\/v2\/posts\/140\/revisions"}],"wp:attachment":[{"href":"https:\/\/www.uv.mx\/personal\/bcerda\/wp-json\/wp\/v2\/media?parent=140"}],"wp:term":[{"taxonomy":"category","embeddable":true,"href":"https:\/\/www.uv.mx\/personal\/bcerda\/wp-json\/wp\/v2\/categories?post=140"},{"taxonomy":"post_tag","embeddable":true,"href":"https:\/\/www.uv.mx\/personal\/bcerda\/wp-json\/wp\/v2\/tags?post=140"}],"curies":[{"name":"wp","href":"https:\/\/api.w.org\/{rel}","templated":true}]}}