{"id":323,"date":"2021-01-17T21:29:27","date_gmt":"2021-01-18T03:29:27","guid":{"rendered":"https:\/\/www.uv.mx\/personal\/bcerda\/?p=323"},"modified":"2021-01-17T22:05:24","modified_gmt":"2021-01-18T04:05:24","slug":"a-mi-maestro-don-daniel-silva-herzog-flores","status":"publish","type":"post","link":"https:\/\/www.uv.mx\/personal\/bcerda\/2021\/01\/17\/a-mi-maestro-don-daniel-silva-herzog-flores\/","title":{"rendered":"A mi maestro, Don Daniel Silva-Herzog Flores."},"content":{"rendered":"<p><strong><a href=\"https:\/\/www.uv.mx\/personal\/bcerda\/files\/2021\/01\/4ed17c0b-f386-4d40-a19f-bf44b2c1c20d.jpg\"><img decoding=\"async\" loading=\"lazy\" class=\"alignnone size-medium wp-image-329\" src=\"https:\/\/www.uv.mx\/personal\/bcerda\/files\/2021\/01\/4ed17c0b-f386-4d40-a19f-bf44b2c1c20d-225x300.jpg\" alt=\"\" width=\"225\" height=\"300\" srcset=\"https:\/\/www.uv.mx\/personal\/bcerda\/files\/2021\/01\/4ed17c0b-f386-4d40-a19f-bf44b2c1c20d-225x300.jpg 225w, https:\/\/www.uv.mx\/personal\/bcerda\/files\/2021\/01\/4ed17c0b-f386-4d40-a19f-bf44b2c1c20d-768x1024.jpg 768w, https:\/\/www.uv.mx\/personal\/bcerda\/files\/2021\/01\/4ed17c0b-f386-4d40-a19f-bf44b2c1c20d.jpg 960w\" sizes=\"(max-width: 225px) 100vw, 225px\" \/><\/a><\/strong><\/p>\n<p><strong>El Dr. Silva y su legado<\/strong><\/p>\n<p>Daniel Silva-Herzog Flores fue el padre de la Endodoncia Moderna Mexicana. Su adi\u00f3s a la vida es un retiro f\u00edsico y espiritual; deja el legado hist\u00f3rico del desarrollo de la odontolog\u00eda cient\u00edfica en M\u00e9xico, en particular del \u00e1rea de la endodoncia. El Dr. Silva fue pionero en la investigaci\u00f3n en endodoncia, como estudiante y como profesionista tuvo el inter\u00e9s de hacer endodoncia basada en evidencia en una \u00e9poca en la cual la odontolog\u00eda mexicana estaba muy lejos de parecerse a la odontolog\u00eda cient\u00edfica que se practica actualmente. El Dr. Silva fue dentista cient\u00edfico en la \u00e9poca en la que las universidades no ofrec\u00edan opciones en posgrados en odontolog\u00eda y mucho menos ofrec\u00edan programas de doctorado para dentistas. \u00a0El Dr. Daniel se inici\u00f3 en la actividad de la investigaci\u00f3n cuando las facultades de odontolog\u00eda no ten\u00edan los laboratorios ni los equipos que tienen actualmente. En ese contexto debe valorarse y reconocerse el legado que el Dr. Silva aport\u00f3 a la endodoncia, legado que abarca el tiempo desde el inicio de la carrera del doctor como endodoncista hasta la consolidaci\u00f3n de su proyecto con el programa de Maestr\u00eda en Endodoncia de la Universidad Aut\u00f3noma de San Luis Potos\u00ed. El Dr. Silva fue un endodoncista visionario e innovador, fue un dentista rebelde con la causa por la endodoncia y por la docencia. Su escuela de la pr\u00e1ctica y docencia de la endodoncia est\u00e1 presente a lo largo y ancho de M\u00e9xico e incluso allende las fronteras.<\/p>\n<p><strong>El Dr. Silva y el pensamiento cr\u00edtico<\/strong><\/p>\n<p>El Dr. Silva, como lo llaman muchos, fue promotor de \u201cla endodoncia en una cita\u201d. \u00a0Por el a\u00f1o 2005 o 2006 cuando yo cursaba la maestr\u00eda, recuerdo haber estado en una conferencia en la cual el ponente explicaba por qu\u00e9 no era recomendable hacer en una cita el tratamiento de endodoncia para piezas con infecci\u00f3n y lesi\u00f3n periapical. El Dr. Silva pidi\u00f3 la palabra al final de la charla y dijo que \u00e9l ten\u00eda toda la vida haciendo endodoncia en una cita y que \u00e9l sab\u00eda que esos tratamientos ten\u00edan \u00e9xito. El conferencista replic\u00f3, el Dr. Silva discrep\u00f3 de la r\u00e9plica haciendo un gesto con la mano, luego se levant\u00f3 de la silla y sali\u00f3 del auditorio refunfu\u00f1ando. Pocos meses despu\u00e9s, cuando la ciencia comenzaba a ofrecer m\u00e1s evidencia sobre aquel tema candente en ese entonces, el Dr. Silva tuvo un gesto autocr\u00edtico y expres\u00f3 una opini\u00f3n diferente a la que ten\u00eda anteriormente sobre hacer endodoncia en una cita. En ese momento comenzaba a aparecer el<em> boom<\/em> por la problem\u00e1tica de la biopel\u00edcula y su asociaci\u00f3n con el fracaso del tratamiento de endodoncia. En las clases en la maestr\u00eda cada vez se hablaba m\u00e1s del tema y se discut\u00eda sobre la sugerencia de hacer endodoncias en dos citas. Un d\u00eda en esas clases el Dr. Silva dijo, palabras m\u00e1s palabras menos: \u201cYa sabemos que la biopel\u00edcula se queda en el conducto y en el peri\u00e1pice incluso luego de hacer la instrumentaci\u00f3n, por eso ahora en piezas con infecci\u00f3n lo conveniente es colocar medicaci\u00f3n intraconducto y no hacer la endodoncia en una cita\u201d. Luego agreg\u00f3 \u201cQuisiera ir a cada ciudad y a cada pa\u00eds en el que di una conferencia y les dije que hicieran endodoncia en una cita, para decirles que no es as\u00ed, que yo estaba equivocado\u201d. El Dr. Silva, siendo quien era y sabiendo que a lo largo de su carrera hab\u00eda defendido el concepto de endodoncia en una cita, cambi\u00f3 su opini\u00f3n frente a la evidencia.<\/p>\n<p>Cuando siento que estoy perdiendo el pensamiento cr\u00edtico e ignoro la evidencia recuerdo esa an\u00e9cdota, recuerdo c\u00f3mo el Dr. Silva tuvo la honestidad de compartir que el pensamiento cr\u00edtico obliga a considerar la evidencia incluso si la evidencia contradice lo que uno supone.<\/p>\n<p><strong>El Dr. Silva y sus alumnas y sus alumnos<\/strong><\/p>\n<p>El Dr. Silva sol\u00eda decir que la Maestr\u00eda en Endodoncia hab\u00eda llegado a ser un programa de excelencia gracias al trabajo hecho por sus alumnos y sus alumnas, dec\u00eda que el alumnado siempre pon\u00eda en alto el nombre de la maestr\u00eda. Para el Dr. Silva los alumnos y las alumnas eran los participantes principales en la maestr\u00eda, eran el motivo de ser de la maestr\u00eda. La idea choca frontalmente contra el muro del estilo obsoleto que reconoce al profesor como actor principal del modelo de la ense\u00f1anza-aprendizaje y que pone al alumnado en segundo plano. El estilo de entender las necesidades del alumnado como prioridad en un programa educativo es una idea muy propia de la escuela que deja el Dr. Silva en quienes fueron sus alumnos y sus alumnas y hoy d\u00eda son profesores y profesoras. Creo yo que de ninguna manera la idea significaba que \u00e9l no valoraba el trabajo de las y los acad\u00e9micos de la maestr\u00eda pues \u00e9l tambi\u00e9n expresaba lo valioso del profesorado \u201ces un freg\u00f3n, es una fregona\u201d, dec\u00eda seguido de las y los profesores. Ahora como profesor entiendo que el modelo conveniente busca claro, el equilibrio.<\/p>\n<p><strong>El Dr. Silva y su sentido del humor<\/strong><\/p>\n<p>En el a\u00f1o 2016 viaj\u00e9 a San Luis Potos\u00ed con un grupo de estudiantes para asistir al Encuentro Nacional e Iberoamericano de Investigaci\u00f3n en Odontolog\u00eda. En esos d\u00edas aprovech\u00e9 el viaje para llevar al grupo a conocer la Maestr\u00eda en Endodoncia de la UASLP. El Dr. Silva nos recibi\u00f3 y nos invit\u00f3 a ver las instalaciones. En la pl\u00e1tica hizo un par de chistes de esos que s\u00f3lo \u00e9l pod\u00eda hacer, con ese humor tan caracter\u00edstico a veces algo negro, a veces algo ir\u00f3nico, a veces tan incorrecto para este tiempo. El d\u00eda siguiente de la visita una alumna del grupo me dijo \u201cya entendimos de donde le viene a usted ese humor.\u201d Puede ser, pens\u00e9, que tambi\u00e9n el humor haya estado incluido en el aprendizaje que obtuve del Dr. Silva.<\/p>\n<p>Otra caracter\u00edstica del gran sentido del humor del Dr. Silva era una extensa lista de frases graciosas y ocurrentes que sal\u00edan a relucir en el momento menos esperado. Con esos dotes en \u00e9l se cumpl\u00eda cabalmente eso que dicen que el buen sentido del humor va de la mano con la inteligencia.<\/p>\n<p><strong>El Dr. Silva y su impacto en la Facultad de Odontolog\u00eda de la UV<\/strong><\/p>\n<p>En el a\u00f1o de 1997 la Facultad de Odontolog\u00eda de la Universidad Veracruzana, en la Regi\u00f3n Orizaba-C\u00f3rdoba (FOROC), celebr\u00f3 su XX aniversario. Para el festejo de aniversario se organiz\u00f3 un congreso en el que los conferencistas eran profesores de la Facultad de Odontolog\u00eda de la UASLP, el Dr. Silva estaba entre los conferencistas. No es casualidad que el grupo de la UASLP haya sido invitado al festejo, el director fundador de la FORB, el Dr. Guillermo Meraz Z\u00fa\u00f1iga, egres\u00f3 de la Facultad de Estomatolog\u00eda de la UASLP (FEUASLP) y mantuvo un lazo de uni\u00f3n entre la FOROC y la FEUASLP. En el a\u00f1o 2015, cuando llegu\u00e9 a trabajar en la FOROC , varios colegas me platicaron sobre aquel congreso y sobre el buen recuerdo del gran evento. En mi opini\u00f3n, la visita del Dr. Silva y los dem\u00e1s conferencistas fue un parteaguas en la historia de la FOROC, pues influy\u00f3 para que alumnos y alumnas de aquel entonces se motivaran a estudiar un posgrado en la UASLP y en otras universidades. Hoy d\u00eda somos dos las personas que fuimos alumnos del Dr. Silva y que damos clase en la FOROC. Hoy d\u00eda sigue la relaci\u00f3n entre la FOROC y la FEUASLP pues alumnas, alumnos y profesores han participado en visitas cient\u00edficas entre ambas escuelas. Eso en una parte se debe a la visita del Dr. Silva.<\/p>\n<p><strong>Don Daniel<\/strong><\/p>\n<p>Don Daniel era una persona amistosa, c\u00e1lido con sus alumnos y alumnas. Lograba ese equilibrio que logran s\u00f3lo los grandes profesores al compartir ratos de alegor\u00eda con sus estudiantes sin perder nunca la autoridad. Uno pod\u00eda estar de fiesta al \u00a0lado de Don Daniel, pero uno sab\u00eda que al otro d\u00eda hab\u00eda que estar a la primera hora en clase o en la primera conferencia del congreso porque \u00e9l ah\u00ed estar\u00eda.<\/p>\n<p>Conmigo, como con todos, Don Daniel era una persona abierta para conversar temas ajenos a la endodoncia. Aunque claro, al reencontrarlo hac\u00eda la pregunta obligatoria \u201c\u00bfY c\u00f3mo le va en el consultorio, sigue usted haciendo endodoncia? Por cierto que siempre lo escuch\u00e9 dirigirse de usted a sus alumnos y exalumnos, a m\u00ed siempre me habl\u00f3 de usted y por eso nunca me atrev\u00ed a hablarle de t\u00fa.<\/p>\n<p>Vi a Don Daniel en marzo del 2020, apenas unos d\u00edas antes de que comenzara la contingencia. Estuve unos d\u00edas en SLP y pas\u00e9 una tarde a visitarlo, estuvimos platicando en su casa y me pidi\u00f3 lo acompa\u00f1ara a una tienda departamental para recoger un reloj que hab\u00eda dejado en reparaci\u00f3n. Mientras camin\u00e1bamos por la tienda varias personas lo saludaron. Le dije \u201cDoctor, usted siempre tan famoso\u201d, a lo que respondi\u00f3 en un plan de broma \u201cNino, usted sabe que luego de tantos a\u00f1os dando clases y trabajando en la universidad uno va conociendo mucha gente, por eso usted en su trabajo siempre sea amable con sus colegas y sus alumnos, qui\u00e9n sabe a lo mejor un d\u00eda llega a ser un poquito famoso como yo\u201d. Solt\u00f3 una risa de esas muy de Don Daniel. Luego me llev\u00f3 en su carro a mi hotel y nos despedimos con un abrazo.<\/p>\n<p>La noche del 16 de enero del 2021 cuando ya sab\u00eda yo la noticia de la partida de Don Daniel, mi esposa estaba sentada a mi lado y le dijo a nuestro hijo de casi 8 meses de edad \u201cVamos a pedir para que Don Daniel est\u00e9 bien all\u00e1 a donde vaya, pues mira que de alguna forma tu est\u00e1s aqu\u00ed tambi\u00e9n gracias a \u00e9l\u201d. Mi esposa tambi\u00e9n fue alumna de Don Daniel. En la maestr\u00eda hubo amistades que se volvieron noviazgos y noviazgos que se volvieron matrimonios. Yo conoc\u00ed a mi esposa no en mi tiempo en la maestr\u00eda, la conoc\u00ed en la boda de una pareja de amigos que tenemos en com\u00fan, cuando tanto ella como yo hab\u00edamos ya salido de la maestr\u00eda desde hace varios a\u00f1os. Curioso encuentro, curioso el tiempo. Pero cierto, fue un hecho que ocurri\u00f3 a partir de los lazos en com\u00fan con Don Daniel y su maestr\u00eda.<\/p>\n<p>Suele separarse en l\u00edneas paralelas la vida laboral, o la vida acad\u00e9mica, o la vida escolar de la vida personal como si eso fuera posible, pero bien se sabe que la vida es una sola l\u00ednea de tiempo. En mi l\u00ednea de tiempo, como en la de much\u00edsimas personas, Don Daniel se quedar\u00e1 generaci\u00f3n tras generaci\u00f3n de personas, de endodoncistas, de amigos, de esposos, de hijos.<\/p>\n<p><strong>Don Daniel y su legado<\/strong><\/p>\n<p>En quienes fueron alumnos de Don Daniel y que ahora son maestros frente a un grupo, queda la labor de abrir cada curso de endodoncia presentando al Dr. Daniel Silva-Herzog Flores como el padre de la Endodoncia Moderna Mexicana. Queda contar las aportaciones que hizo a la endodoncia en M\u00e9xico, contar sus an\u00e9cdotas, contar qui\u00e9n fue y quien ser\u00e1 siempre para quienes lo conocimos.<\/p>\n<p>Gracias Don Daniel.<\/p>\n<p>Mi abrazo a sus familiares.<\/p>\n<p>Mi abrazo a mis colegas, amigos y amigas endodoncistas.<\/p>\n","protected":false},"excerpt":{"rendered":"<p>El Dr. Silva y su legado Daniel Silva-Herzog Flores fue el padre de la Endodoncia Moderna Mexicana. Su adi\u00f3s a la vida es un retiro f\u00edsico y espiritual; deja el legado hist\u00f3rico del desarrollo de la odontolog\u00eda cient\u00edfica en M\u00e9xico, en particular del \u00e1rea de la endodoncia. El Dr. Silva fue pionero en la investigaci\u00f3n&#8230;<\/p>\n","protected":false},"author":1989,"featured_media":0,"comment_status":"closed","ping_status":"closed","sticky":false,"template":"","format":"standard","meta":[],"categories":[4],"tags":[],"_links":{"self":[{"href":"https:\/\/www.uv.mx\/personal\/bcerda\/wp-json\/wp\/v2\/posts\/323"}],"collection":[{"href":"https:\/\/www.uv.mx\/personal\/bcerda\/wp-json\/wp\/v2\/posts"}],"about":[{"href":"https:\/\/www.uv.mx\/personal\/bcerda\/wp-json\/wp\/v2\/types\/post"}],"author":[{"embeddable":true,"href":"https:\/\/www.uv.mx\/personal\/bcerda\/wp-json\/wp\/v2\/users\/1989"}],"replies":[{"embeddable":true,"href":"https:\/\/www.uv.mx\/personal\/bcerda\/wp-json\/wp\/v2\/comments?post=323"}],"version-history":[{"count":2,"href":"https:\/\/www.uv.mx\/personal\/bcerda\/wp-json\/wp\/v2\/posts\/323\/revisions"}],"predecessor-version":[{"id":332,"href":"https:\/\/www.uv.mx\/personal\/bcerda\/wp-json\/wp\/v2\/posts\/323\/revisions\/332"}],"wp:attachment":[{"href":"https:\/\/www.uv.mx\/personal\/bcerda\/wp-json\/wp\/v2\/media?parent=323"}],"wp:term":[{"taxonomy":"category","embeddable":true,"href":"https:\/\/www.uv.mx\/personal\/bcerda\/wp-json\/wp\/v2\/categories?post=323"},{"taxonomy":"post_tag","embeddable":true,"href":"https:\/\/www.uv.mx\/personal\/bcerda\/wp-json\/wp\/v2\/tags?post=323"}],"curies":[{"name":"wp","href":"https:\/\/api.w.org\/{rel}","templated":true}]}}