{"id":104,"date":"2023-02-01T12:00:25","date_gmt":"2023-02-01T18:00:25","guid":{"rendered":"https:\/\/www.uv.mx\/personal\/efonseca\/?p=104"},"modified":"2023-02-01T12:54:25","modified_gmt":"2023-02-01T18:54:25","slug":"libro","status":"publish","type":"post","link":"https:\/\/www.uv.mx\/personal\/efonseca\/2023\/02\/01\/libro\/","title":{"rendered":"Libro"},"content":{"rendered":"<p>Autora del libro: <strong>La Nutriolog\u00eda en el contexto del proyecto del microbioma humano<\/strong>. Perea Mart\u00ednez A, R\u00edos Gallardo PT, Fonseca Le\u00f3n E, Lara Campos AG1ra ed. Perea-Mart\u00ednez A, editor. M\u00e9xico Mex: Intersistemas, S.A de C.V.; 2019. 47.<\/p>\n<p><strong>Libro 2: La Nutriolog\u00eda en el contexto del proyecto del microbioma humano<\/strong>. Edici\u00f3n: diciembre 2019, M\u00e9xico. Editorial Intersistemas, S.A. de C.V. ISBN 978-607-443 Edici\u00f3n completa: Temas selectos en Nutriolog\u00eda Pedi\u00e1trica<\/p>\n","protected":false},"excerpt":{"rendered":"<p>Autora del libro: La Nutriolog\u00eda en el contexto del proyecto del microbioma humano. Perea Mart\u00ednez A, R\u00edos Gallardo PT, Fonseca Le\u00f3n E, Lara Campos AG1ra ed. Perea-Mart\u00ednez A, editor. M\u00e9xico Mex: Intersistemas, S.A de C.V.; 2019. 47. Libro 2: La Nutriolog\u00eda en el contexto del proyecto del microbioma humano. Edici\u00f3n: diciembre 2019, M\u00e9xico. Editorial Intersistemas,&#8230;<\/p>\n","protected":false},"author":2200,"featured_media":0,"comment_status":"closed","ping_status":"closed","sticky":false,"template":"","format":"standard","meta":[],"categories":[4],"tags":[],"_links":{"self":[{"href":"https:\/\/www.uv.mx\/personal\/efonseca\/wp-json\/wp\/v2\/posts\/104"}],"collection":[{"href":"https:\/\/www.uv.mx\/personal\/efonseca\/wp-json\/wp\/v2\/posts"}],"about":[{"href":"https:\/\/www.uv.mx\/personal\/efonseca\/wp-json\/wp\/v2\/types\/post"}],"author":[{"embeddable":true,"href":"https:\/\/www.uv.mx\/personal\/efonseca\/wp-json\/wp\/v2\/users\/2200"}],"replies":[{"embeddable":true,"href":"https:\/\/www.uv.mx\/personal\/efonseca\/wp-json\/wp\/v2\/comments?post=104"}],"version-history":[{"count":1,"href":"https:\/\/www.uv.mx\/personal\/efonseca\/wp-json\/wp\/v2\/posts\/104\/revisions"}],"predecessor-version":[{"id":169,"href":"https:\/\/www.uv.mx\/personal\/efonseca\/wp-json\/wp\/v2\/posts\/104\/revisions\/169"}],"wp:attachment":[{"href":"https:\/\/www.uv.mx\/personal\/efonseca\/wp-json\/wp\/v2\/media?parent=104"}],"wp:term":[{"taxonomy":"category","embeddable":true,"href":"https:\/\/www.uv.mx\/personal\/efonseca\/wp-json\/wp\/v2\/categories?post=104"},{"taxonomy":"post_tag","embeddable":true,"href":"https:\/\/www.uv.mx\/personal\/efonseca\/wp-json\/wp\/v2\/tags?post=104"}],"curies":[{"name":"wp","href":"https:\/\/api.w.org\/{rel}","templated":true}]}}