{"id":159,"date":"2023-02-01T12:47:14","date_gmt":"2023-02-01T18:47:14","guid":{"rendered":"https:\/\/www.uv.mx\/personal\/efonseca\/?p=159"},"modified":"2023-02-14T13:24:05","modified_gmt":"2023-02-14T19:24:05","slug":"otros","status":"publish","type":"post","link":"https:\/\/www.uv.mx\/personal\/efonseca\/2023\/02\/01\/otros\/","title":{"rendered":"Otros"},"content":{"rendered":"<p><strong>Nutrition F\u00f3rum 2022<\/strong>. Instituto Danone, (Julio 2022).<\/p>\n<p><strong>Webinar: B\u00e1sicos del monitoreo para el control de la Diabetes<\/strong>, organizado por BD Ultra-Fine.\u00a0 (junio de 2022).<\/p>\n<p><strong>Webinar\u00a0para Latinoam\u00e9rica:\u00a0Actualizaciones de las gu\u00edas ADA 2022<\/strong>. Organizado por BD Diabetes Care. (mayo\u00a02022).<\/p>\n<p><strong>\u201cAMPAC: Temas selectos relacionados con la Ateroesclerosis presentados por expertos\u201d.<\/strong> (abril 2022). Boca del R\u00edo, Veracruz.<\/p>\n<p><strong>Webinar, New Hope for Closing the Dietary Fibre Gap, will explore the growing need for dietary fibre around the world.<\/strong> Tate &amp; Lyle, (Abril 2022)<\/p>\n<p><strong>Prediabetes en el Paciente con Obesidad. Evento online, <\/strong>organizado por la Federaci\u00f3n Mexicana de Diabetes, A.C. y Laboratorios Silanes. (marzo 2022).<\/p>\n<p><strong>Simposio \u00abComunicando en salud y nutrici\u00f3n: aspectos que el nutri\u00f3logo debe conocer\u201d, <\/strong>organizado por AMENAC (Asociaci\u00f3n Mexicana de Nutriolog\u00eda A.C) y el Centro de Investigaci\u00f3n y Desarrollo en Ciencias de la Salud de la Universidad Aut\u00f3noma de Nuevo Le\u00f3n.\u00a0 Modalidad en l\u00ednea, v\u00eda zoom, (febrero 2022).<\/p>\n<p><strong>Webinar virtual: Nutrici\u00f3n y Neurodesarrollo. <\/strong>Departamento de la Salud IBERO. (febrero 2022).<\/p>\n<p><strong>\u00abD\u00eda Internacional de los Derechos Humanos\u00bb<\/strong>. Organizado por la Facultad de Nutrici\u00f3n, el Centro de Estudios y Servicios en Salud y la Coordinaci\u00f3n de Interculturalidad y G\u00e9nero. (diciembre 2021).<\/p>\n<p><strong>\u201c2\u00b0 Foro Internacional de Inclusi\u00f3n en Educaci\u00f3n Superior\u201d<\/strong> de manera virtual, con una duraci\u00f3n de 20 hrs., organizado por el Programa Universitario de Educaci\u00f3n Inclusiva de la Universidad Veracruzana. (diciembre de 2021).<\/p>\n<p><strong>D\u00eda Internacional de la Eliminaci\u00f3n de la Violencia contra la mujer.<\/strong> Organizado por la Unidad de Equidad de G\u00e9nero y el Departamento de Psicopedagog\u00eda de la Facultad de Nutrici\u00f3n.\u00a0 (noviembre 2021).<\/p>\n<p><strong>Best of META, Metabolic Syndrome<\/strong>. (noviembre 2021). Organizado por medicinematters.<\/p>\n<p>Conferencia: <strong>\u00abTour online, aprovechando al m\u00e1ximo la Biblioteca virtual<\/strong>\u201d. Facultad de Nutrici\u00f3n U.V. Dentro de las Jornadas Regionales de Tutor\u00edas.\u00a0 (octubre 2021).<\/p>\n<p><strong>Ingesta H\u00eddrica en Prevenci\u00f3n y Tratamiento de Enfermedad Renal Cr\u00f3nica<\/strong>. (octubre 2021).<\/p>\n<p>\u201c<strong>Factores de riesgo para el desarrollo de c\u00e1ncer de mama\u201d.<\/strong> Organizado por el Instituto Nacional de Salud P\u00fablica a trav\u00e9s de la Escuela de Salud P\u00fablica M\u00e9xico. (octubre 2021).<\/p>\n<p><strong>\u201cJornadas del D\u00eda Mundial de la Alimentaci\u00f3n 2021\u201d:<\/strong> Sistemas Alimentarios sostenibles compromiso desde la nutrici\u00f3n. Duraci\u00f3n 12 horas. Evento Virtual. (octubre 2021). Organizado por las Licenciaturas en Nutrici\u00f3n y Ciencia de los Alimentos del Sistema Universitario Jesuita. IBERO.<\/p>\n<p>Webinar: <strong>\u201cDieta Paleo\u201d<\/strong>. (octubre 2021).<\/p>\n<p><strong>Semana de la concientizaci\u00f3n de la Desnutrici\u00f3n.<\/strong> Centenario Hospital Miguel Hidalgo, Instituto Nacional de Investigaci\u00f3n y educaci\u00f3n en salud y Nutrici\u00f3n y la Asociaci\u00f3n Mexicana de Nutriolog\u00eda AC, (octubre del 2021). 20 hrs.<\/p>\n<ul>\n<li><strong>&#8211; \u201cForo Internacional de Tutor\u00edas\u201d,<\/strong> \u201cEl modelo de la tutor\u00eda en el contexto internacional\u201d, Universidad Veracruzana. (abril de 2021). Modalidad virtual.<\/li>\n<li><strong>&#8211;<\/strong> <strong>\u201c1er Foro Internacional Virtual de Inclusi\u00f3n en Educaci\u00f3n Superior\u201d (diciembre 2020.) Valor curricular de 20 horas cr\u00e9dito.<\/strong> <strong>Universidad Veracruzana.<\/strong><\/li>\n<li>&#8211; Coloquio \u201c<strong>Retos Globalizados de la Academia en la Educaci\u00f3n Superior ante las Contingencias\u201d<\/strong> en la regi\u00f3n Veracruz, (mayo de 2020.)<\/li>\n<\/ul>\n<p><strong>52nd ESPGHAN Annual Meeting. Glasgow, Scottland, (Junio 2019). Accredited by the European Accreditation Council for Continuing Medical Education (EACCME) for a m\u00e1ximum of 18 European CME credits (ECMEC\u00b0s)<\/strong><\/p>\n","protected":false},"excerpt":{"rendered":"<p>Nutrition F\u00f3rum 2022. Instituto Danone, (Julio 2022). Webinar: B\u00e1sicos del monitoreo para el control de la Diabetes, organizado por BD Ultra-Fine.\u00a0 (junio de 2022). Webinar\u00a0para Latinoam\u00e9rica:\u00a0Actualizaciones de las gu\u00edas ADA 2022. Organizado por BD Diabetes Care. (mayo\u00a02022). \u201cAMPAC: Temas selectos relacionados con la Ateroesclerosis presentados por expertos\u201d. (abril 2022). Boca del R\u00edo, Veracruz. Webinar, New&#8230;<\/p>\n","protected":false},"author":2200,"featured_media":0,"comment_status":"closed","ping_status":"closed","sticky":false,"template":"","format":"standard","meta":[],"categories":[4],"tags":[],"_links":{"self":[{"href":"https:\/\/www.uv.mx\/personal\/efonseca\/wp-json\/wp\/v2\/posts\/159"}],"collection":[{"href":"https:\/\/www.uv.mx\/personal\/efonseca\/wp-json\/wp\/v2\/posts"}],"about":[{"href":"https:\/\/www.uv.mx\/personal\/efonseca\/wp-json\/wp\/v2\/types\/post"}],"author":[{"embeddable":true,"href":"https:\/\/www.uv.mx\/personal\/efonseca\/wp-json\/wp\/v2\/users\/2200"}],"replies":[{"embeddable":true,"href":"https:\/\/www.uv.mx\/personal\/efonseca\/wp-json\/wp\/v2\/comments?post=159"}],"version-history":[{"count":1,"href":"https:\/\/www.uv.mx\/personal\/efonseca\/wp-json\/wp\/v2\/posts\/159\/revisions"}],"predecessor-version":[{"id":187,"href":"https:\/\/www.uv.mx\/personal\/efonseca\/wp-json\/wp\/v2\/posts\/159\/revisions\/187"}],"wp:attachment":[{"href":"https:\/\/www.uv.mx\/personal\/efonseca\/wp-json\/wp\/v2\/media?parent=159"}],"wp:term":[{"taxonomy":"category","embeddable":true,"href":"https:\/\/www.uv.mx\/personal\/efonseca\/wp-json\/wp\/v2\/categories?post=159"},{"taxonomy":"post_tag","embeddable":true,"href":"https:\/\/www.uv.mx\/personal\/efonseca\/wp-json\/wp\/v2\/tags?post=159"}],"curies":[{"name":"wp","href":"https:\/\/api.w.org\/{rel}","templated":true}]}}