{"id":918,"date":"2019-08-19T19:02:38","date_gmt":"2019-08-20T00:02:38","guid":{"rendered":"http:\/\/www.uv.mx\/personal\/ermeneses\/?p=918"},"modified":"2019-10-18T14:40:38","modified_gmt":"2019-10-18T19:40:38","slug":"actividades-agosto-2019","status":"publish","type":"post","link":"https:\/\/www.uv.mx\/personal\/ermeneses\/2019\/08\/19\/actividades-agosto-2019\/","title":{"rendered":"Actividades Agosto 2019"},"content":{"rendered":"<p>&nbsp;<\/p>\n<p><strong>EQUIPOS, TEMAS Y D\u00cdAS DE EXPOSICI\u00d3N TEMA: GENERACIONES DE COMPUTADORAS Y LENGUAJES DE PROGRAMACI\u00d3N<\/strong><\/p>\n<p><a href=\"http:\/\/www.uv.mx\/personal\/ermeneses\/files\/2019\/08\/Exposiciones1sec2v2.pdf\" target=\"_blank\" rel=\"noopener noreferrer\">Exposiciones 1 secci\u00f3n 2<\/a><\/p>\n<p><a href=\"http:\/\/www.uv.mx\/personal\/ermeneses\/files\/2019\/08\/Exposiciones1sec3.pdf\">Exposiciones 1 secci\u00f3n 3<\/a><\/p>\n<p>&nbsp;<\/p>\n<p><strong>EQUIPOS Y TEMAS CORRESPONDIENTES PARA LAS EXPOSICIONES DEL PILAR DE TI: REDES<\/strong><\/p>\n<p><a href=\"http:\/\/www.uv.mx\/personal\/ermeneses\/files\/2019\/08\/Exposiciones2sec2v2.pdf\">Exposiciones 2 secci\u00f3n 2<\/a><\/p>\n<p><a href=\"http:\/\/www.uv.mx\/personal\/ermeneses\/files\/2019\/08\/Exposiciones2sec3.pdf\">Exposiciones 2 secci\u00f3n 3<\/a><\/p>\n<p>&nbsp;<\/p>\n<p><strong>P\u00c1GINA WEB<\/strong><\/p>\n<p><a href=\"http:\/\/www.uv.mx\/personal\/ermeneses\/files\/2019\/08\/TII_tecnologiasWeb.zip\">TII_tecnologiasWeb<\/a><\/p>\n<p>&nbsp;<\/p>\n<p><strong>TEMAS TRANSVERSALES<\/strong><\/p>\n<p><a href=\"http:\/\/www.uv.mx\/personal\/ermeneses\/files\/2019\/08\/articulo_IHC.pdf\">Art\u00edculo \u00abLa Interacci\u00f3n Humano-Computadora (MODIHC)\u00bb<\/a><\/p>\n<p>&nbsp;<\/p>\n<p>Trabajo de investigaci\u00f3n<\/p>\n<p><a href=\"http:\/\/www.uv.mx\/personal\/ermeneses\/files\/2019\/08\/investigacionDominio_AplicativoTI.pdf\">investigacionDominio_AplicativoTI<\/a><\/p>\n","protected":false},"excerpt":{"rendered":"<p>&nbsp; EQUIPOS, TEMAS Y D\u00cdAS DE EXPOSICI\u00d3N TEMA: GENERACIONES DE COMPUTADORAS Y LENGUAJES DE PROGRAMACI\u00d3N Exposiciones 1 secci\u00f3n 2 Exposiciones 1 secci\u00f3n 3 &nbsp; EQUIPOS Y TEMAS CORRESPONDIENTES PARA LAS EXPOSICIONES DEL PILAR DE TI: REDES Exposiciones 2 secci\u00f3n 2 Exposiciones 2 secci\u00f3n 3 &nbsp; P\u00c1GINA WEB TII_tecnologiasWeb &nbsp; TEMAS TRANSVERSALES Art\u00edculo \u00abLa Interacci\u00f3n Humano-Computadora&#8230;<\/p>\n","protected":false},"author":2110,"featured_media":0,"comment_status":"closed","ping_status":"closed","sticky":false,"template":"","format":"standard","meta":{"footnotes":""},"categories":[14],"tags":[],"class_list":["post-918","post","type-post","status-publish","format-standard","hentry","category-tii"],"_links":{"self":[{"href":"https:\/\/www.uv.mx\/personal\/ermeneses\/wp-json\/wp\/v2\/posts\/918","targetHints":{"allow":["GET"]}}],"collection":[{"href":"https:\/\/www.uv.mx\/personal\/ermeneses\/wp-json\/wp\/v2\/posts"}],"about":[{"href":"https:\/\/www.uv.mx\/personal\/ermeneses\/wp-json\/wp\/v2\/types\/post"}],"author":[{"embeddable":true,"href":"https:\/\/www.uv.mx\/personal\/ermeneses\/wp-json\/wp\/v2\/users\/2110"}],"replies":[{"embeddable":true,"href":"https:\/\/www.uv.mx\/personal\/ermeneses\/wp-json\/wp\/v2\/comments?post=918"}],"version-history":[{"count":0,"href":"https:\/\/www.uv.mx\/personal\/ermeneses\/wp-json\/wp\/v2\/posts\/918\/revisions"}],"wp:attachment":[{"href":"https:\/\/www.uv.mx\/personal\/ermeneses\/wp-json\/wp\/v2\/media?parent=918"}],"wp:term":[{"taxonomy":"category","embeddable":true,"href":"https:\/\/www.uv.mx\/personal\/ermeneses\/wp-json\/wp\/v2\/categories?post=918"},{"taxonomy":"post_tag","embeddable":true,"href":"https:\/\/www.uv.mx\/personal\/ermeneses\/wp-json\/wp\/v2\/tags?post=918"}],"curies":[{"name":"wp","href":"https:\/\/api.w.org\/{rel}","templated":true}]}}