{"id":83,"date":"2016-08-17T22:53:43","date_gmt":"2016-08-18T03:53:43","guid":{"rendered":"http:\/\/www.uv.mx\/personal\/etrevino\/?p=83"},"modified":"2016-08-17T22:53:43","modified_gmt":"2016-08-18T03:53:43","slug":"la-funcion-social-de-la-educacion-universitaria","status":"publish","type":"post","link":"https:\/\/www.uv.mx\/personal\/etrevino\/2016\/08\/17\/la-funcion-social-de-la-educacion-universitaria\/","title":{"rendered":"La funci\u00f3n social de la educaci\u00f3n universitaria"},"content":{"rendered":"<p>La universidad p\u00fablica cumple varias funciones en las sociedades contempor\u00e1neas, entre las m\u00e1s importantes est\u00e1n: ser \u00abcaja de resonancia\u00bb de los problemas y las preocupaciones p\u00fablicas, funcionar como aut\u00e9ntico espacio de deliberaci\u00f3n colectiva, ser lugar para el estudio, el an\u00e1lisis y la cr\u00edtica sin condiciones; y por supuesto, servir como plataforma para pensar y proponer iniciativas para lograr la mejora social. Toda son: funciones\/sujeto.<\/p>\n<p>&nbsp;<\/p>\n<p>Al respecto, vale la pena recordar la siguiente idea de Alain Touraine: \u00ab&#8230;quienes piensan que la principal preocupaci\u00f3n de la universidad en tanto formadora de profesionales deber\u00eda ser qu\u00e9 trabajo podr\u00e1n desempe\u00f1ar los estudiantes al finalizar sus estudios, est\u00e1n en lo correcto. Sin embargo, con frecuencia lo \u00fanico que la universidad hace es precisamente eso, entrenar funcionarios y especialistas que no pueden examinar cr\u00edticamente la sociedad que los emplea\u00bb (La sociedad posindustrial, 1971: 13)<\/p>\n","protected":false},"excerpt":{"rendered":"<p>La universidad p\u00fablica cumple varias funciones en las sociedades contempor\u00e1neas, entre las m\u00e1s importantes est\u00e1n: ser \u00abcaja de resonancia\u00bb de los problemas y las preocupaciones p\u00fablicas, funcionar como aut\u00e9ntico espacio de deliberaci\u00f3n colectiva, ser lugar para el estudio, el an\u00e1lisis y la cr\u00edtica sin condiciones; y por supuesto, servir como plataforma para pensar y proponer&#8230;<\/p>\n","protected":false},"author":2048,"featured_media":0,"comment_status":"closed","ping_status":"closed","sticky":false,"template":"","format":"standard","meta":{"footnotes":""},"categories":[4],"tags":[],"class_list":["post-83","post","type-post","status-publish","format-standard","hentry","category-miblog"],"_links":{"self":[{"href":"https:\/\/www.uv.mx\/personal\/etrevino\/wp-json\/wp\/v2\/posts\/83","targetHints":{"allow":["GET"]}}],"collection":[{"href":"https:\/\/www.uv.mx\/personal\/etrevino\/wp-json\/wp\/v2\/posts"}],"about":[{"href":"https:\/\/www.uv.mx\/personal\/etrevino\/wp-json\/wp\/v2\/types\/post"}],"author":[{"embeddable":true,"href":"https:\/\/www.uv.mx\/personal\/etrevino\/wp-json\/wp\/v2\/users\/2048"}],"replies":[{"embeddable":true,"href":"https:\/\/www.uv.mx\/personal\/etrevino\/wp-json\/wp\/v2\/comments?post=83"}],"version-history":[{"count":0,"href":"https:\/\/www.uv.mx\/personal\/etrevino\/wp-json\/wp\/v2\/posts\/83\/revisions"}],"wp:attachment":[{"href":"https:\/\/www.uv.mx\/personal\/etrevino\/wp-json\/wp\/v2\/media?parent=83"}],"wp:term":[{"taxonomy":"category","embeddable":true,"href":"https:\/\/www.uv.mx\/personal\/etrevino\/wp-json\/wp\/v2\/categories?post=83"},{"taxonomy":"post_tag","embeddable":true,"href":"https:\/\/www.uv.mx\/personal\/etrevino\/wp-json\/wp\/v2\/tags?post=83"}],"curies":[{"name":"wp","href":"https:\/\/api.w.org\/{rel}","templated":true}]}}