{"id":138,"date":"2018-07-06T10:30:00","date_gmt":"2018-07-06T15:30:00","guid":{"rendered":"http:\/\/www.uv.mx\/personal\/gblasco\/?p=138"},"modified":"2018-07-06T10:30:00","modified_gmt":"2018-07-06T15:30:00","slug":"promuv","status":"publish","type":"post","link":"https:\/\/www.uv.mx\/personal\/gblasco\/2018\/07\/06\/promuv\/","title":{"rendered":"PromUV"},"content":{"rendered":"<p><img loading=\"lazy\" decoding=\"async\" class=\"size-medium wp-image-140 aligncenter\" src=\"http:\/\/www.uv.mx\/personal\/gblasco\/files\/2018\/07\/Promuv-300x140.png\" alt=\"\" width=\"300\" height=\"140\" srcset=\"https:\/\/www.uv.mx\/personal\/gblasco\/files\/2018\/07\/Promuv-300x140.png 300w, https:\/\/www.uv.mx\/personal\/gblasco\/files\/2018\/07\/Promuv.png 329w\" sizes=\"auto, (max-width: 300px) 100vw, 300px\" \/><\/p>\n<p>&nbsp;<\/p>\n<p><span style=\"font-size: 12pt\">Actualmente la Universidad dio un cambio al <strong><span style=\"font-size: 14pt\">P<\/span><span style=\"font-size: 14pt\">rograma de Movilidad PROMUV<\/span><\/strong>, dividiendolo en 3 subprogramas, les comparto cu\u00e1les son y en que consiste cada uno:<\/span><\/p>\n<p>&nbsp;<\/p>\n<p><span style=\"font-size: 12pt\"><strong><span style=\"font-size: 14pt\">PromUV asignatura<\/span><\/strong>: Cursa un semestre en una de las m\u00e1s de 200 universidades con las que tiene convenio la UV. Aprende, comparte e internacionaliza tu curr\u00edculum.<\/span><\/p>\n<p>&nbsp;<\/p>\n<p><span style=\"font-size: 12pt\"><strong><span style=\"font-size: 14pt\">PromUV investigaci\u00f3n:<\/span> <\/strong>Genera proyectos y crea redes de investigaci\u00f3n con estudiantes y acad\u00e9micos de M\u00e9xico y del mundo.<\/span><\/p>\n<p>&nbsp;<\/p>\n<p><span style=\"font-size: 12pt\"><strong><span style=\"font-size: 14pt\">PromUV vinculaci\u00f3n:<\/span> <\/strong>Colabora con prestigiosas instituciones, realiza servicio comunitario, adquiere experiencia laboral y demuestra a donde vayas que eres orgullo UV.<\/span><\/p>\n<p>&nbsp;<\/p>\n<p><span style=\"font-size: 12pt\">As\u00ed mismo les comparto el <a href=\"https:\/\/www.uv.mx\/apps\/internacional\/promuv\/#\">link<\/a> de la nueva p\u00e1gina, ya que cambio su apariencia.<\/span><\/p>\n","protected":false},"excerpt":{"rendered":"<p>&nbsp; Actualmente la Universidad dio un cambio al Programa de Movilidad PROMUV, dividiendolo en 3 subprogramas, les comparto cu\u00e1les son y en que consiste cada uno: &nbsp; PromUV asignatura: Cursa un semestre en una de las m\u00e1s de 200 universidades con las que tiene convenio la UV. Aprende, comparte e internacionaliza tu curr\u00edculum. &nbsp; PromUV&#8230;<\/p>\n","protected":false},"author":2195,"featured_media":0,"comment_status":"closed","ping_status":"closed","sticky":false,"template":"","format":"standard","meta":{"footnotes":""},"categories":[4],"tags":[],"class_list":["post-138","post","type-post","status-publish","format-standard","hentry","category-miblog"],"_links":{"self":[{"href":"https:\/\/www.uv.mx\/personal\/gblasco\/wp-json\/wp\/v2\/posts\/138","targetHints":{"allow":["GET"]}}],"collection":[{"href":"https:\/\/www.uv.mx\/personal\/gblasco\/wp-json\/wp\/v2\/posts"}],"about":[{"href":"https:\/\/www.uv.mx\/personal\/gblasco\/wp-json\/wp\/v2\/types\/post"}],"author":[{"embeddable":true,"href":"https:\/\/www.uv.mx\/personal\/gblasco\/wp-json\/wp\/v2\/users\/2195"}],"replies":[{"embeddable":true,"href":"https:\/\/www.uv.mx\/personal\/gblasco\/wp-json\/wp\/v2\/comments?post=138"}],"version-history":[{"count":0,"href":"https:\/\/www.uv.mx\/personal\/gblasco\/wp-json\/wp\/v2\/posts\/138\/revisions"}],"wp:attachment":[{"href":"https:\/\/www.uv.mx\/personal\/gblasco\/wp-json\/wp\/v2\/media?parent=138"}],"wp:term":[{"taxonomy":"category","embeddable":true,"href":"https:\/\/www.uv.mx\/personal\/gblasco\/wp-json\/wp\/v2\/categories?post=138"},{"taxonomy":"post_tag","embeddable":true,"href":"https:\/\/www.uv.mx\/personal\/gblasco\/wp-json\/wp\/v2\/tags?post=138"}],"curies":[{"name":"wp","href":"https:\/\/api.w.org\/{rel}","templated":true}]}}