{"id":283,"date":"2012-03-20T10:53:41","date_gmt":"2012-03-20T16:53:41","guid":{"rendered":"http:\/\/www.uv.mx\/personal\/gcontreras\/?p=283"},"modified":"2012-03-20T10:53:41","modified_gmt":"2012-03-20T16:53:41","slug":"conciertos-didacticos-universitarios","status":"publish","type":"post","link":"https:\/\/www.uv.mx\/personal\/gcontreras\/2012\/03\/20\/conciertos-didacticos-universitarios\/","title":{"rendered":"Conciertos did\u00e1cticos universitarios"},"content":{"rendered":"<p>La Direcci\u00f3n General del \u00c1rea Acad\u00e9mica de Artes, le hace una cordial invitaci\u00f3n para que Usted, las autoridades de sus entidades acad\u00e9micas, docentes \u00a0y alumnos, nos acompa\u00f1en a los Conciertos Did\u00e1cticos que ofrecer\u00e1 la Orquesta Sinf\u00f3nica de Xalapa, con un programa que ha sido preparado especialmente para nuestros universitarios. Este programa forma parte de las actividades art\u00edstico-culturales que organiza esta Direcci\u00f3n, las cuales buscan\u00a0acercarse\u00a0al espectador para estimular su sensibilidad, propiciando diferentes actitudes y perspectivas que alcancen su quehacer diario y favorecen el entorno positivamente.<\/p>\n<p>Se han programado cuatro presentaciones, a fin de que Ustedes elijan el horario m\u00e1s conveniente de acuerdo a sus actividades.<\/p>\n<p><strong>Dichos eventos se llevar\u00e1n a cabo el pr\u00f3ximo mi\u00e9rcoles 21 de marzo a las 10:00 hrs. y a las 12:00 hrs. y el viernes 23 de Marzo a las 10:00 y a las 20:30 hrs. en la Sala Emilio\u00a0Carballido\u00a0del Teatro del Estado.<\/strong><strong><\/strong><\/p>\n<p>La entrada es gratuita para los Universitarios con credencial.<\/p>\n<p><strong>En caso de asistir en grupos, favor de notificar el grupo que asiste, catedr\u00e1tico responsable, n\u00famero de estudiantes, fecha y horario en el que asistir\u00e1n, para reservar sus lugares.<\/strong><\/p>\n<p><a href=\"http:\/\/www.uv.mx\/personal\/gcontreras\/files\/2012\/03\/image003.jpg\"><img loading=\"lazy\" decoding=\"async\" class=\"aligncenter size-medium wp-image-285\" src=\"http:\/\/www.uv.mx\/personal\/gcontreras\/files\/2012\/03\/image003-300x278.jpg\" alt=\"\" width=\"300\" height=\"278\" srcset=\"https:\/\/www.uv.mx\/personal\/gcontreras\/files\/2012\/03\/image003-300x278.jpg 300w, https:\/\/www.uv.mx\/personal\/gcontreras\/files\/2012\/03\/image003.jpg 589w\" sizes=\"auto, (max-width: 300px) 100vw, 300px\" \/><\/a><\/p>\n","protected":false},"excerpt":{"rendered":"<p>La Direcci\u00f3n General del \u00c1rea Acad\u00e9mica de Artes, le hace una cordial invitaci\u00f3n para que Usted, las autoridades de sus entidades acad\u00e9micas, docentes \u00a0y alumnos, nos acompa\u00f1en a los Conciertos Did\u00e1cticos que ofrecer\u00e1 la Orquesta Sinf\u00f3nica de Xalapa, con un programa que ha sido preparado especialmente para nuestros universitarios. Este programa forma parte de las&#8230;<\/p>\n","protected":false},"author":21,"featured_media":0,"comment_status":"closed","ping_status":"closed","sticky":false,"template":"","format":"standard","meta":{"footnotes":""},"categories":[8],"tags":[],"class_list":["post-283","post","type-post","status-publish","format-standard","hentry","category-eventos"],"_links":{"self":[{"href":"https:\/\/www.uv.mx\/personal\/gcontreras\/wp-json\/wp\/v2\/posts\/283","targetHints":{"allow":["GET"]}}],"collection":[{"href":"https:\/\/www.uv.mx\/personal\/gcontreras\/wp-json\/wp\/v2\/posts"}],"about":[{"href":"https:\/\/www.uv.mx\/personal\/gcontreras\/wp-json\/wp\/v2\/types\/post"}],"author":[{"embeddable":true,"href":"https:\/\/www.uv.mx\/personal\/gcontreras\/wp-json\/wp\/v2\/users\/21"}],"replies":[{"embeddable":true,"href":"https:\/\/www.uv.mx\/personal\/gcontreras\/wp-json\/wp\/v2\/comments?post=283"}],"version-history":[{"count":0,"href":"https:\/\/www.uv.mx\/personal\/gcontreras\/wp-json\/wp\/v2\/posts\/283\/revisions"}],"wp:attachment":[{"href":"https:\/\/www.uv.mx\/personal\/gcontreras\/wp-json\/wp\/v2\/media?parent=283"}],"wp:term":[{"taxonomy":"category","embeddable":true,"href":"https:\/\/www.uv.mx\/personal\/gcontreras\/wp-json\/wp\/v2\/categories?post=283"},{"taxonomy":"post_tag","embeddable":true,"href":"https:\/\/www.uv.mx\/personal\/gcontreras\/wp-json\/wp\/v2\/tags?post=283"}],"curies":[{"name":"wp","href":"https:\/\/api.w.org\/{rel}","templated":true}]}}