{"id":46,"date":"2010-12-08T15:32:09","date_gmt":"2010-12-08T21:32:09","guid":{"rendered":"http:\/\/www.uv.mx\/personal\/gcontreras\/?p=46"},"modified":"2010-12-08T15:56:24","modified_gmt":"2010-12-08T21:56:24","slug":"becas-certificacion-con-mexico-first","status":"publish","type":"post","link":"https:\/\/www.uv.mx\/personal\/gcontreras\/2010\/12\/08\/becas-certificacion-con-mexico-first\/","title":{"rendered":"Becas certificaci\u00f3n con M\u00e9xico First"},"content":{"rendered":"<p>Me lleg\u00f3 este correo de Rebeca de la Vega de Cisco<\/p>\n<p>Estimados colegas,<\/p>\n<p>Comparto con ustedes la Convocatoria Nacional 2010 de MexicoFIRST para capacitar a 3,000 profesionistas en Tecnolog\u00edas de la Informaci\u00f3n. Les sugiero consultar las bases de participaci\u00f3n para conocer el valor\u00a0 en el mercado de la capacitaci\u00f3n de las distintas tecnolog\u00edas, incluyendo CCNA.<\/p>\n<p>Correo enviado por Rebeca de la Vega de Cisco:<\/p>\n<p>La capacitaci\u00f3n que se menciona en la convocatoria se da a trav\u00e9s de los Cisco Learning Partners, que a diferencia de Cisco Networking Academy,\u00a0 s\u00ed tienen fines de lucro y aborda la necesidad de talento t\u00e9cnico en el mundo para clientes, socios y profesionales de la red de Cisco.<\/p>\n<p>Los alumnos muchas veces ignoran el alto valor de lo que reciben a trav\u00e9s de sus Instituciones y pasan por los cursos sin apreciarlo. El valor de la capacitaci\u00f3n es alto y se cotiza as\u00ed por la importancia de esta preparaci\u00f3n y certificaci\u00f3n en el mercado laboral.<\/p>\n<p>Por otro lado, esta convocatoria podr\u00eda ser \u00fatil para aquellos estudiantes que egresaron sin la oportunidad de tomar completa la capacitaci\u00f3n CCNA\u00a0 y que ya no tienen la posibilidad de regresar a sus Instituciones para hacerlo. Evidentemente, para ellos, el hacerlo ya implica una inversi\u00f3n econ\u00f3mica considerable.<\/p>\n<p>MexicoFIRST es una iniciativa respaldada por Secretar\u00eda de Econom\u00eda y el Banco Mundial, para promover la generaci\u00f3n de capital humano en TI y con ello facilitar el desarrollo y competitividad de las empresas mexicanas. Para lograrlo, provee direccionamiento al sector sobre las tendencias globales y sus implicaciones en el desarrollo del capital humano. Esto quiere decir que las certificaciones y capacitaciones que apoya representan una gran oportunidad en t\u00e9rminos laborales para quien las posea.<\/p>\n<p><a href=\"http:\/\/www.mexico-first.org\/\" target=\"_blank\">http:\/\/www.mexico-first.org\/<\/a><\/p>\n<p>Cualquier duda o comentario, estoy a sus \u00f3rdenes.<\/p>\n<p>Saludos,<\/p>\n<p>Rebeca De La Vega.<\/p>\n<p>Academy Connection Team<\/p>\n","protected":false},"excerpt":{"rendered":"<p>Me lleg\u00f3 este correo de Rebeca de la Vega de Cisco Estimados colegas, Comparto con ustedes la Convocatoria Nacional 2010 de MexicoFIRST para capacitar a 3,000 profesionistas en Tecnolog\u00edas de la Informaci\u00f3n. Les sugiero consultar las bases de participaci\u00f3n para conocer el valor\u00a0 en el mercado de la capacitaci\u00f3n de las distintas tecnolog\u00edas, incluyendo CCNA&#8230;.<\/p>\n","protected":false},"author":21,"featured_media":0,"comment_status":"closed","ping_status":"closed","sticky":false,"template":"","format":"standard","meta":{"footnotes":""},"categories":[4],"tags":[],"class_list":["post-46","post","type-post","status-publish","format-standard","hentry","category-miblog"],"_links":{"self":[{"href":"https:\/\/www.uv.mx\/personal\/gcontreras\/wp-json\/wp\/v2\/posts\/46","targetHints":{"allow":["GET"]}}],"collection":[{"href":"https:\/\/www.uv.mx\/personal\/gcontreras\/wp-json\/wp\/v2\/posts"}],"about":[{"href":"https:\/\/www.uv.mx\/personal\/gcontreras\/wp-json\/wp\/v2\/types\/post"}],"author":[{"embeddable":true,"href":"https:\/\/www.uv.mx\/personal\/gcontreras\/wp-json\/wp\/v2\/users\/21"}],"replies":[{"embeddable":true,"href":"https:\/\/www.uv.mx\/personal\/gcontreras\/wp-json\/wp\/v2\/comments?post=46"}],"version-history":[{"count":0,"href":"https:\/\/www.uv.mx\/personal\/gcontreras\/wp-json\/wp\/v2\/posts\/46\/revisions"}],"wp:attachment":[{"href":"https:\/\/www.uv.mx\/personal\/gcontreras\/wp-json\/wp\/v2\/media?parent=46"}],"wp:term":[{"taxonomy":"category","embeddable":true,"href":"https:\/\/www.uv.mx\/personal\/gcontreras\/wp-json\/wp\/v2\/categories?post=46"},{"taxonomy":"post_tag","embeddable":true,"href":"https:\/\/www.uv.mx\/personal\/gcontreras\/wp-json\/wp\/v2\/tags?post=46"}],"curies":[{"name":"wp","href":"https:\/\/api.w.org\/{rel}","templated":true}]}}