{"id":548,"date":"2012-05-16T20:54:19","date_gmt":"2012-05-17T01:54:19","guid":{"rendered":"http:\/\/www.uv.mx\/personal\/gcontreras\/?p=548"},"modified":"2012-05-16T20:54:19","modified_gmt":"2012-05-17T01:54:19","slug":"oportunidad-de-empleo-5","status":"publish","type":"post","link":"https:\/\/www.uv.mx\/personal\/gcontreras\/2012\/05\/16\/oportunidad-de-empleo-5\/","title":{"rendered":"Oportunidad de empleo"},"content":{"rendered":"<p>Puesto: Auxiliar de Inform\u00e1tica<\/p>\n<p>Requisitos:<\/p>\n<ul>\n<li>Lic. en Inform\u00e1tica<\/li>\n<li>edad de 19 a 30 a\u00f1os<\/li>\n<li>Soltero<\/li>\n<li>T\u00edtulo y c\u00e9dula profesional<\/li>\n<\/ul>\n<p>Informes: 26 Batall\u00f3n Z. M. (Lencero, Ver) de 7:30 a 14:00 HRS de lunes a viernes, \u00a0Teniente Gonzalez o Mayor R\u00edos, 8125083 gosj700116@hotmail.com<\/p>\n<p>Sueldo: $9,400<\/p>\n","protected":false},"excerpt":{"rendered":"<p>Puesto: Auxiliar de Inform\u00e1tica Requisitos: Lic. en Inform\u00e1tica edad de 19 a 30 a\u00f1os Soltero T\u00edtulo y c\u00e9dula profesional Informes: 26 Batall\u00f3n Z. M. (Lencero, Ver) de 7:30 a 14:00 HRS de lunes a viernes, \u00a0Teniente Gonzalez o Mayor R\u00edos, 8125083 gosj700116@hotmail.com Sueldo: $9,400<\/p>\n","protected":false},"author":21,"featured_media":0,"comment_status":"closed","ping_status":"closed","sticky":false,"template":"","format":"standard","meta":{"footnotes":""},"categories":[10],"tags":[],"class_list":["post-548","post","type-post","status-publish","format-standard","hentry","category-oportunidad-de-empleo"],"_links":{"self":[{"href":"https:\/\/www.uv.mx\/personal\/gcontreras\/wp-json\/wp\/v2\/posts\/548","targetHints":{"allow":["GET"]}}],"collection":[{"href":"https:\/\/www.uv.mx\/personal\/gcontreras\/wp-json\/wp\/v2\/posts"}],"about":[{"href":"https:\/\/www.uv.mx\/personal\/gcontreras\/wp-json\/wp\/v2\/types\/post"}],"author":[{"embeddable":true,"href":"https:\/\/www.uv.mx\/personal\/gcontreras\/wp-json\/wp\/v2\/users\/21"}],"replies":[{"embeddable":true,"href":"https:\/\/www.uv.mx\/personal\/gcontreras\/wp-json\/wp\/v2\/comments?post=548"}],"version-history":[{"count":0,"href":"https:\/\/www.uv.mx\/personal\/gcontreras\/wp-json\/wp\/v2\/posts\/548\/revisions"}],"wp:attachment":[{"href":"https:\/\/www.uv.mx\/personal\/gcontreras\/wp-json\/wp\/v2\/media?parent=548"}],"wp:term":[{"taxonomy":"category","embeddable":true,"href":"https:\/\/www.uv.mx\/personal\/gcontreras\/wp-json\/wp\/v2\/categories?post=548"},{"taxonomy":"post_tag","embeddable":true,"href":"https:\/\/www.uv.mx\/personal\/gcontreras\/wp-json\/wp\/v2\/tags?post=548"}],"curies":[{"name":"wp","href":"https:\/\/api.w.org\/{rel}","templated":true}]}}