{"id":558,"date":"2012-05-17T16:18:34","date_gmt":"2012-05-17T21:18:34","guid":{"rendered":"http:\/\/www.uv.mx\/personal\/gcontreras\/?p=558"},"modified":"2012-05-17T16:21:15","modified_gmt":"2012-05-17T21:21:15","slug":"convocatoria-fondo-sectorial-conacyt-inegi","status":"publish","type":"post","link":"https:\/\/www.uv.mx\/personal\/gcontreras\/2012\/05\/17\/convocatoria-fondo-sectorial-conacyt-inegi\/","title":{"rendered":"Convocatoria Fondo Sectorial Conacyt-Inegi"},"content":{"rendered":"<table style=\"width: 673px\" border=\"0\" cellpadding=\"0\">\n<tbody>\n<tr>\n<td valign=\"top\">\n<p align=\"center\">El Comit\u00e9 T\u00e9cnico y de Administraci\u00f3n del Fondo Sectorial CONACYT-INEGI.<\/p>\n<p align=\"center\"><strong>CONVOCA<\/strong><\/p>\n<\/td>\n<\/tr>\n<tr>\n<td>A las instituciones de educaci\u00f3n superior p\u00fablicas y particulares, universidades p\u00fablicas y particulares, centros de investigaci\u00f3n, empresas y dem\u00e1s personas dedicadas a la investigaci\u00f3n cient\u00edfica y al desarrollo tecnol\u00f3gico que se encuentren inscritas en el Registro Nacional de Instituciones y Empresas Cient\u00edficas y Tecnol\u00f3gicas (RENIECYT), a presentar propuestas de investigaci\u00f3n cient\u00edfica y tecnol\u00f3gica que respondan a las demandas establecidas en los siguientes temas:<\/p>\n<table style=\"width: 100%\" border=\"0\" cellpadding=\"0\">\n<tbody>\n<tr>\n<td valign=\"top\" width=\"5\">1.<\/td>\n<td valign=\"top\"><a href=\"http:\/\/www.inegi.org.mx\/inegi\/conacyt\/doc\/Ficha_Demanda_1_Convocatoria_1_2012.pdf\" target=\"_blank\">Estimaci\u00f3n de niveles de retorno para precipitaci\u00f3n a partir de datos espaciales<\/a><\/td>\n<\/tr>\n<tr>\n<td valign=\"top\" width=\"5\">2.<\/td>\n<td valign=\"top\"><a href=\"http:\/\/www.inegi.org.mx\/inegi\/conacyt\/doc\/Ficha_Demanda_2_Convocatoria_1_2012.pdf\" target=\"_blank\">Uso de im\u00e1genes de sat\u00e9lite de alta resoluci\u00f3n para la clasificaci\u00f3n de la vegetaci\u00f3n.<\/a><\/td>\n<\/tr>\n<tr>\n<td><\/td>\n<td><\/td>\n<\/tr>\n<tr>\n<td valign=\"top\" width=\"5\">3.<\/td>\n<td valign=\"top\"><a href=\"http:\/\/www.inegi.org.mx\/inegi\/conacyt\/doc\/Ficha_Demanda_3_Convocatoria_1_2012.pdf\" target=\"_blank\">Desarrollo y exploraci\u00f3n de tecnolog\u00edas y m\u00e9todos de percepci\u00f3n remota para la estimaci\u00f3n de poblaci\u00f3n\/viviendas en \u00e1reas peque\u00f1as.<\/a><\/td>\n<\/tr>\n<tr>\n<td valign=\"top\" width=\"5\">4.<\/td>\n<td valign=\"top\"><a href=\"http:\/\/www.inegi.org.mx\/inegi\/conacyt\/doc\/Ficha_Demanda_4_Convocatoria_1_2012.pdf\" target=\"_blank\">Ajuste de los factores de expansi\u00f3n ante la presencia de observaciones at\u00edpicas.<\/a><\/td>\n<\/tr>\n<tr>\n<td valign=\"top\" width=\"5\">5.<\/td>\n<td valign=\"top\"><a href=\"http:\/\/www.inegi.org.mx\/inegi\/conacyt\/doc\/Ficha_Demanda_5_Convocatoria_1_2012.pdf\" target=\"_blank\">El proceso de envejecimiento demogr\u00e1fico en M\u00e9xico.<\/a><\/td>\n<\/tr>\n<tr>\n<td valign=\"top\" width=\"5\">6.<\/td>\n<td valign=\"top\"><a href=\"http:\/\/www.inegi.org.mx\/inegi\/conacyt\/doc\/Ficha_Demanda_6_Convocatoria_1_2012.pdf\" target=\"_blank\">An\u00e1lisis de la concentraci\u00f3n y dispersi\u00f3n demogr\u00e1fica de la poblaci\u00f3n.<\/a><\/td>\n<\/tr>\n<tr>\n<td valign=\"top\" width=\"5\">7.<\/td>\n<td valign=\"top\"><a href=\"http:\/\/www.inegi.org.mx\/inegi\/conacyt\/doc\/Ficha_Demanda_7_Convocatoria_1_2012.pdf\" target=\"_blank\">Recuperaci\u00f3n de Microdatos del Censo de 1930.<\/a><\/td>\n<\/tr>\n<tr>\n<td valign=\"top\" width=\"5\">8.<\/td>\n<td valign=\"top\"><a href=\"http:\/\/www.inegi.org.mx\/inegi\/conacyt\/doc\/Ficha_Demanda_8_Convocatoria_1_2012.pdf\" target=\"_blank\">Evaluaci\u00f3n de los Indicadores de competitividad en M\u00e9xico y propuesta de medici\u00f3n alternativa.<\/a><\/td>\n<\/tr>\n<tr>\n<td><\/td>\n<td><\/td>\n<\/tr>\n<tr>\n<td valign=\"top\" width=\"5\">9.<\/td>\n<td valign=\"top\"><a href=\"http:\/\/www.inegi.org.mx\/inegi\/conacyt\/doc\/Ficha_Demanda_9_Convocatoria_1_2012.pdf\" target=\"_blank\">Estandarizaci\u00f3n de los vol\u00famenes de mercanc\u00edas exportadas e importadas que forman parte de la Estad\u00edstica de Comercio Exterior de M\u00e9xico que genera el INEGI.<\/a><\/td>\n<\/tr>\n<\/tbody>\n<\/table>\n<p>Para mayor informaci\u00f3n consultar las\u00a0<a href=\"http:\/\/www.inegi.org.mx\/inegi\/conacyt\/doc\/Propuesta_Bases_Convocatoria_1_2012.pdf\" target=\"_blank\">Bases de la Convocatoria\u00a0<\/a>y los\u00a0<a href=\"http:\/\/www.inegi.org.mx\/inegi\/conacyt\/doc\/Terminos_de_Referencia_Convocatoria_1_2012.pdf\" target=\"_blank\">T\u00e9rminos de Referencia.<\/a><\/p>\n<p>P\u00e1ginas relacionadas:<\/p>\n<ul>\n<li><a href=\"http:\/\/www.conacyt.gob.mx\/fondos\/FondosSectoriales\/INEGI\/Paginas\/ConvocatoriasAbiertas.aspx\" target=\"_blank\">http:\/\/www.conacyt.gob.mx\/fondos\/FondosSectoriales\/INEGI\/Paginas\/ConvocatoriasAbiertas.aspx<\/a><\/li>\n<li><a href=\"http:\/\/www.inegi.org.mx\/\" target=\"_blank\">www.inegi.org.mx<\/a>\u00a0y\u00a0<a href=\"http:\/\/www.conacyt.mx\/\" target=\"_blank\">www.conacyt.mx<\/a><\/li>\n<\/ul>\n<p>Contactos:<\/p>\n<ul>\n<li>Gerardo Leyva Parra:\u00a0<a href=\"mailto:gerardo.leyva@inegi.org.mx\" target=\"_blank\">gerardo.leyva@inegi.org.mx<\/a><\/li>\n<li>Alfonso Merino Gonz\u00e1lez:\u00a0<a href=\"mailto:ayudainegi@conacyt.mx%20\" target=\"_blank\">ayudainegi@conacyt.mx<\/a><\/li>\n<\/ul>\n<\/td>\n<\/tr>\n<\/tbody>\n<\/table>\n","protected":false},"excerpt":{"rendered":"<p>El Comit\u00e9 T\u00e9cnico y de Administraci\u00f3n del Fondo Sectorial CONACYT-INEGI. CONVOCA A las instituciones de educaci\u00f3n superior p\u00fablicas y particulares, universidades p\u00fablicas y particulares, centros de investigaci\u00f3n, empresas y dem\u00e1s personas dedicadas a la investigaci\u00f3n cient\u00edfica y al desarrollo tecnol\u00f3gico que se encuentren inscritas en el Registro Nacional de Instituciones y Empresas Cient\u00edficas y Tecnol\u00f3gicas&#8230;<\/p>\n","protected":false},"author":21,"featured_media":0,"comment_status":"closed","ping_status":"closed","sticky":false,"template":"","format":"standard","meta":{"footnotes":""},"categories":[9],"tags":[],"class_list":["post-558","post","type-post","status-publish","format-standard","hentry","category-convocatorias"],"_links":{"self":[{"href":"https:\/\/www.uv.mx\/personal\/gcontreras\/wp-json\/wp\/v2\/posts\/558","targetHints":{"allow":["GET"]}}],"collection":[{"href":"https:\/\/www.uv.mx\/personal\/gcontreras\/wp-json\/wp\/v2\/posts"}],"about":[{"href":"https:\/\/www.uv.mx\/personal\/gcontreras\/wp-json\/wp\/v2\/types\/post"}],"author":[{"embeddable":true,"href":"https:\/\/www.uv.mx\/personal\/gcontreras\/wp-json\/wp\/v2\/users\/21"}],"replies":[{"embeddable":true,"href":"https:\/\/www.uv.mx\/personal\/gcontreras\/wp-json\/wp\/v2\/comments?post=558"}],"version-history":[{"count":0,"href":"https:\/\/www.uv.mx\/personal\/gcontreras\/wp-json\/wp\/v2\/posts\/558\/revisions"}],"wp:attachment":[{"href":"https:\/\/www.uv.mx\/personal\/gcontreras\/wp-json\/wp\/v2\/media?parent=558"}],"wp:term":[{"taxonomy":"category","embeddable":true,"href":"https:\/\/www.uv.mx\/personal\/gcontreras\/wp-json\/wp\/v2\/categories?post=558"},{"taxonomy":"post_tag","embeddable":true,"href":"https:\/\/www.uv.mx\/personal\/gcontreras\/wp-json\/wp\/v2\/tags?post=558"}],"curies":[{"name":"wp","href":"https:\/\/api.w.org\/{rel}","templated":true}]}}