{"id":75,"date":"2011-05-18T16:22:49","date_gmt":"2011-05-18T21:22:49","guid":{"rendered":"http:\/\/www.uv.mx\/personal\/gcontreras\/?p=75"},"modified":"2011-05-18T16:22:49","modified_gmt":"2011-05-18T21:22:49","slug":"invitacion-concierto","status":"publish","type":"post","link":"https:\/\/www.uv.mx\/personal\/gcontreras\/2011\/05\/18\/invitacion-concierto\/","title":{"rendered":"Invitaci\u00f3n concierto"},"content":{"rendered":"<p>Facultad de M\u00fasica<\/p>\n<p><span style=\"font-size: small\"> <\/span><\/p>\n<p><span style=\"font-size: small\"> <\/span><\/p>\n<p><span style=\"font-size: small\">A la comunidad universitaria se les hace una cordial invitaci\u00f3n al\u00a0concierto de fin de semestre que ofrecer\u00e1 la Orquesta Sinf\u00f3nica de la Facultad de M\u00fasica de la Universidad Veracruzana.<\/span><\/p>\n<p><span style=\"font-size: small\"> <\/span><\/p>\n<p><span style=\"font-size: small\">La Orquesta est\u00e1 integrada por alumnos de\u00a0la clase Repertorio y Pr\u00e1cticas de Orquesta.<\/span><\/p>\n<p><span style=\"font-size: small\"> <\/span><\/p>\n<p><span style=\"font-size: small\">El Concierto se llevar\u00e1 a cabo a las\u00a0<strong>12:00 horas<\/strong> del\u00a0<strong>s\u00e1bado 21 de mayo<\/strong> en la\u00a0<strong>Escuela Industrial \u00abConcepci\u00f3n Quiroz P\u00e9rez\u00bb<\/strong>, ubicada en la esquina de Ju\u00e1rez y Clavijero, Xalapa, Ver.<\/span><\/p>\n<p><span style=\"font-size: small\"> <\/span><\/p>\n<p><span style=\"font-size: small\">La entrada es gratuita.<\/span><\/p>\n<p><span style=\"font-size: small\"> <\/span><\/p>\n<p><strong><span style=\"font-size: small\"> <\/span><\/strong><\/p>\n<p><strong><span style=\"text-decoration: underline\">PROGRAMA<br \/>\n<\/span><\/strong><br \/>\n<strong>Obertura \u00abCoriolano\u00bb de\u00a0 BEETHOVEN<\/strong><strong> <\/strong><\/p>\n<p><strong> <\/strong><\/p>\n<p><strong>Sinfon\u00eda No. 96 (\u00abEl Milagro\u00bb) de HAYDN<\/strong><\/p>\n<p><strong><br \/>\nSinfon\u00eda Concertante para Viol\u00edn y Viola de MOZART<\/strong><\/p>\n<p><strong> <\/strong><\/p>\n<p><strong><em>Viol\u00edn: Melanie Rivera Garc\u00eda<\/em><\/strong><\/p>\n<p><strong><em>Viola: Anamar Garc\u00eda Salas<\/em><\/strong><strong><br \/>\n<\/strong><br \/>\n<strong> \u00daltimo movimiento (IV) de la Cuarta Sinfon\u00eda de CHAIKOVSKY<\/strong><br \/>\n<span style=\"font-size: small\"> <\/span><br \/>\n<strong><span style=\"text-decoration: underline\">Director<\/span><\/strong><\/p>\n<p><strong><em>Fernando \u00c1vila Navarro<\/em><\/strong><\/p>\n","protected":false},"excerpt":{"rendered":"<p>Facultad de M\u00fasica A la comunidad universitaria se les hace una cordial invitaci\u00f3n al\u00a0concierto de fin de semestre que ofrecer\u00e1 la Orquesta Sinf\u00f3nica de la Facultad de M\u00fasica de la Universidad Veracruzana. La Orquesta est\u00e1 integrada por alumnos de\u00a0la clase Repertorio y Pr\u00e1cticas de Orquesta. El Concierto se llevar\u00e1 a cabo a las\u00a012:00 horas del\u00a0s\u00e1bado&#8230;<\/p>\n","protected":false},"author":21,"featured_media":0,"comment_status":"closed","ping_status":"closed","sticky":false,"template":"","format":"standard","meta":{"footnotes":""},"categories":[8],"tags":[],"class_list":["post-75","post","type-post","status-publish","format-standard","hentry","category-eventos"],"_links":{"self":[{"href":"https:\/\/www.uv.mx\/personal\/gcontreras\/wp-json\/wp\/v2\/posts\/75","targetHints":{"allow":["GET"]}}],"collection":[{"href":"https:\/\/www.uv.mx\/personal\/gcontreras\/wp-json\/wp\/v2\/posts"}],"about":[{"href":"https:\/\/www.uv.mx\/personal\/gcontreras\/wp-json\/wp\/v2\/types\/post"}],"author":[{"embeddable":true,"href":"https:\/\/www.uv.mx\/personal\/gcontreras\/wp-json\/wp\/v2\/users\/21"}],"replies":[{"embeddable":true,"href":"https:\/\/www.uv.mx\/personal\/gcontreras\/wp-json\/wp\/v2\/comments?post=75"}],"version-history":[{"count":0,"href":"https:\/\/www.uv.mx\/personal\/gcontreras\/wp-json\/wp\/v2\/posts\/75\/revisions"}],"wp:attachment":[{"href":"https:\/\/www.uv.mx\/personal\/gcontreras\/wp-json\/wp\/v2\/media?parent=75"}],"wp:term":[{"taxonomy":"category","embeddable":true,"href":"https:\/\/www.uv.mx\/personal\/gcontreras\/wp-json\/wp\/v2\/categories?post=75"},{"taxonomy":"post_tag","embeddable":true,"href":"https:\/\/www.uv.mx\/personal\/gcontreras\/wp-json\/wp\/v2\/tags?post=75"}],"curies":[{"name":"wp","href":"https:\/\/api.w.org\/{rel}","templated":true}]}}