{"id":830,"date":"2012-11-13T15:53:58","date_gmt":"2012-11-13T21:53:58","guid":{"rendered":"http:\/\/www.uv.mx\/personal\/gcontreras\/?p=830"},"modified":"2012-11-13T15:53:58","modified_gmt":"2012-11-13T21:53:58","slug":"aviso-preinscripcion-en-linea","status":"publish","type":"post","link":"https:\/\/www.uv.mx\/personal\/gcontreras\/2012\/11\/13\/aviso-preinscripcion-en-linea\/","title":{"rendered":"Aviso preinscripci\u00f3n en l\u00ednea"},"content":{"rendered":"<p style=\"text-align: center\"><strong>AVISO <\/strong><br \/>\n<strong>PRE-INSCRIPCIONES<\/strong><\/p>\n<p style=\"text-align: left\">Para brindar un mejor servicio en el proceso de la pre-inscripci\u00f3n en l\u00ednea, esta se recorre 2 d\u00edas.<br \/>\nSorteados el: Se preinscriben el:<br \/>\nLunes 12 de Nov. Mi\u00e9rcoles 14 de Nov.<br \/>\nMartes 13 de Nov. Jueves 15 de Nov.<br \/>\nMi\u00e9rcoles 14 de Nov. Viernes 16 de Nov.<br \/>\nJueves 15 de Nov. S\u00e1bado 17 de Nov.<br \/>\nViernes 16 de Nov. Domingo 18 de Nov.<br \/>\nSe respetara la misma hora que fue asignada a los alumnos.<br \/>\nPara los alumnos que se preinscribieron el lunes y martes quedan igual pero para los que se les paso la pre del lunes y martes lo podr\u00e1n hacer a partir de ma\u00f1ana.<\/p>\n","protected":false},"excerpt":{"rendered":"<p>AVISO PRE-INSCRIPCIONES Para brindar un mejor servicio en el proceso de la pre-inscripci\u00f3n en l\u00ednea, esta se recorre 2 d\u00edas. Sorteados el: Se preinscriben el: Lunes 12 de Nov. Mi\u00e9rcoles 14 de Nov. Martes 13 de Nov. Jueves 15 de Nov. Mi\u00e9rcoles 14 de Nov. Viernes 16 de Nov. Jueves 15 de Nov. S\u00e1bado 17&#8230;<\/p>\n","protected":false},"author":21,"featured_media":0,"comment_status":"closed","ping_status":"closed","sticky":false,"template":"","format":"standard","meta":{"footnotes":""},"categories":[6,22],"tags":[],"class_list":["post-830","post","type-post","status-publish","format-standard","hentry","category-fei-avisos","category-inscripcion-en-linea"],"_links":{"self":[{"href":"https:\/\/www.uv.mx\/personal\/gcontreras\/wp-json\/wp\/v2\/posts\/830","targetHints":{"allow":["GET"]}}],"collection":[{"href":"https:\/\/www.uv.mx\/personal\/gcontreras\/wp-json\/wp\/v2\/posts"}],"about":[{"href":"https:\/\/www.uv.mx\/personal\/gcontreras\/wp-json\/wp\/v2\/types\/post"}],"author":[{"embeddable":true,"href":"https:\/\/www.uv.mx\/personal\/gcontreras\/wp-json\/wp\/v2\/users\/21"}],"replies":[{"embeddable":true,"href":"https:\/\/www.uv.mx\/personal\/gcontreras\/wp-json\/wp\/v2\/comments?post=830"}],"version-history":[{"count":0,"href":"https:\/\/www.uv.mx\/personal\/gcontreras\/wp-json\/wp\/v2\/posts\/830\/revisions"}],"wp:attachment":[{"href":"https:\/\/www.uv.mx\/personal\/gcontreras\/wp-json\/wp\/v2\/media?parent=830"}],"wp:term":[{"taxonomy":"category","embeddable":true,"href":"https:\/\/www.uv.mx\/personal\/gcontreras\/wp-json\/wp\/v2\/categories?post=830"},{"taxonomy":"post_tag","embeddable":true,"href":"https:\/\/www.uv.mx\/personal\/gcontreras\/wp-json\/wp\/v2\/tags?post=830"}],"curies":[{"name":"wp","href":"https:\/\/api.w.org\/{rel}","templated":true}]}}