{"id":2016,"date":"2013-09-21T09:00:49","date_gmt":"2013-09-21T14:00:49","guid":{"rendered":"http:\/\/www.uv.mx\/personal\/gvera\/?p=2016"},"modified":"2013-09-25T22:28:07","modified_gmt":"2013-09-26T03:28:07","slug":"nuevas-tecnologias-en-la-educacion","status":"publish","type":"post","link":"https:\/\/www.uv.mx\/personal\/gvera\/2013\/09\/21\/nuevas-tecnologias-en-la-educacion\/","title":{"rendered":"Nuevas tecnologias en la educaci\u00f3n &#8211; Sesi\u00f3n 1"},"content":{"rendered":"<h3>Bit\u00e1cora<\/h3>\n<p>Elaboraci\u00f3n semanal de la bit\u00e1cora de la clase.<\/p>\n<ul>\n<li><a href=\"http:\/\/www.uv.mx\/personal\/gvera\/files\/2013\/09\/NombreApellidoBitacora.doc\">NombreApellidoBitacora.doc<\/a><\/li>\n<\/ul>\n<div>Lineamientos:<\/div>\n<ul>\n<li>Reflexi\u00f3n personal<\/li>\n<li><strong>Llevarla impresa<\/strong> y en electr\u00f3nico cada sesi\u00f3n<\/li>\n<\/ul>\n<p>Entregar documento en Word con el nombre: <em>NombreApellidoBitacora1.doc<\/em><\/p>\n<p>Fecha de entrega: <span style=\"color: #0000ff;\">S\u00e1bado 28 de septiembre de 2013 <strong>de forma impresa<\/strong>.<br \/>\n<\/span><\/p>\n<p>Medio de entrega: En papel el s\u00e1bado siguiente a la sesi\u00f3n.<\/p>\n<p>&nbsp;<\/p>\n<h3>Tareas<\/h3>\n<p><strong>1. Elaboraci\u00f3n de un cuadro cronol\u00f3gico.<\/strong><\/p>\n<p>Principales avances en Tecnolog\u00edas de la Informaci\u00f3n y Comunicaci\u00f3n en el periodo 1900 &#8211; 2013.<\/p>\n<p>Ejemplo:<\/p>\n<table style=\"width: 864px;\" border=\"0\" cellspacing=\"0\" cellpadding=\"0\">\n<colgroup>\n<col width=\"214\" \/>\n<col width=\"650\" \/> <\/colgroup>\n<tbody>\n<tr>\n<td width=\"214\" height=\"39\"><strong>A\u00f1o<\/strong><\/td>\n<td width=\"650\"><strong>Acontecimiento<\/strong><\/td>\n<\/tr>\n<tr>\n<td width=\"214\" height=\"39\">1876<\/td>\n<td width=\"650\">Graham Bell patenta el tel\u00e9fono, en Boston, mientras Antonio Meucci construye el primer aparato.<\/td>\n<\/tr>\n<\/tbody>\n<\/table>\n<div>Lineamientos:<\/div>\n<ul>\n<li>Especial enfasis en la \u00faltima decada (2010-2013)<\/li>\n<li>Letra Arial 12pt<\/li>\n<li>Interlineado 1.5<\/li>\n<\/ul>\n<p>Estructura:<\/p>\n<ul>\n<li>Portada<\/li>\n<li>Cronolog\u00eda<\/li>\n<li>Referencias<\/li>\n<\/ul>\n<p>Entregar documento en Word con el nombre: <em>NombreApellidoTarea1.doc<\/em><\/p>\n<p>Fecha de entrega: <span style=\"color: #0000ff;\">Jueves 26 de septiembre de 2013<\/span><\/p>\n<p>Medio de entrega: Correo electr\u00f3nico.<\/p>\n<p>&nbsp;<\/p>\n<p><span style=\"font-size: medium;\"><strong>2. Elaboraci\u00f3n de un ensayo.<\/strong><\/span><\/p>\n<p>Las NTICS: herramientas necesarias en la formaci\u00f3n de estudiantes.<\/p>\n<div>Lineamientos:<\/div>\n<ul>\n<li>M\u00e1ximo 5 cuartillas.<\/li>\n<li>Letra Arial 12pt<\/li>\n<li>Interlineado 1.5<\/li>\n<\/ul>\n<p>Estructura:<\/p>\n<ul>\n<li>Portada<\/li>\n<li>Introducci\u00f3n<\/li>\n<li>Desarrollo\n<ul>\n<li>Definici\u00f3n<\/li>\n<li>Caracter\u00edsticas<\/li>\n<li>Ventajas y desventajas<\/li>\n<li>3 ejemplos de tecnolog\u00edas, su aplicaci\u00f3n y utilidad\u00a0 para el alumno. (e-mail)<\/li>\n<\/ul>\n<\/li>\n<li>Conclusi\u00f3n<\/li>\n<li>Referencias<\/li>\n<\/ul>\n<p>Entregar documento en Word con el nombre: <em>NombreApellidoTarea2.doc<\/em><\/p>\n<p>Fecha de entrega: <span style=\"color: #0000ff;\">Jueves 26 de septiembre de 2013<\/span><\/p>\n<p>Medio de entrega: Correo electr\u00f3nico.<\/p>\n<p>&nbsp;<\/p>\n<h3>Pr\u00e1cticas<\/h3>\n<p><strong>1. Creaci\u00f3n de cuenta Google<br \/>\n<\/strong><\/p>\n<p><a title=\"Cuenta\" href=\"https:\/\/accounts.google.com\/SignUp\" target=\"_blank\">https:\/\/accounts.google.com\/SignUp<\/a><\/p>\n<div>Lineamientos:<\/div>\n<ul>\n<li>Traer a la pr\u00f3xima sesi\u00f3n:\n<ul>\n<li>nombre de usuario<\/li>\n<li>contrase\u00f1a<\/li>\n<\/ul>\n<\/li>\n<\/ul>\n<p>Fecha de entrega: <span style=\"color: #0000ff;\">S\u00e1bado 28 de septiembre de 2013<\/span><\/p>\n<p>Medio de entrega: Sal\u00f3n de clases.<\/p>\n<p>&nbsp;<\/p>\n<p><strong>2. Creaci\u00f3n de cuenta Dropbox<br \/>\n<\/strong><\/p>\n<p><a title=\"Cuenta DropBox\" href=\"https:\/\/www.dropbox.com\/\" target=\"_blank\">https:\/\/www.dropbox.com\/<\/a><\/p>\n<p>Lineamientos:<\/p>\n<ul>\n<li>Traer a la pr\u00f3xima sesi\u00f3n:\n<ul>\n<li>nombre de usuario<\/li>\n<li>contrase\u00f1a<\/li>\n<\/ul>\n<\/li>\n<\/ul>\n<p>Fecha de entrega: <span style=\"color: #0000ff;\">S\u00e1bado 28 de septiembre de 2013<\/span><\/p>\n<p>Medio de entrega: Sal\u00f3n de clases.<\/p>\n<p>&nbsp;<\/p>\n<p><strong>3. Creaci\u00f3n de cuenta SkyDrive<br \/>\n<\/strong><\/p>\n<p><a title=\"Cuenta Skydrive\" href=\"https:\/\/signup.live.com\/signup.aspx\" target=\"_blank\">https:\/\/signup.live.com\/signup.aspx<\/a><\/p>\n<p>Lineamientos:<\/p>\n<ul>\n<li>Traer a la pr\u00f3xima sesi\u00f3n:\n<ul>\n<li>nombre de usuario<\/li>\n<li>contrase\u00f1a<\/li>\n<\/ul>\n<\/li>\n<\/ul>\n<p>Fecha de entrega: <span style=\"color: #0000ff;\">S\u00e1bado 28 de septiembre de 2013<\/span><\/p>\n<p>Medio de entrega: Sal\u00f3n de clases.<\/p>\n<p>&nbsp;<\/p>\n<p><strong>4. Creaci\u00f3n de cuenta WordPress<br \/>\n<\/strong><\/p>\n<p><a title=\"Cuenta WP\" href=\"https:\/\/signup.wordpress.com\/signup\/\" target=\"_blank\">https:\/\/signup.wordpress.com\/signup\/<\/a><\/p>\n<p>Lineamientos:<\/p>\n<ul>\n<li>Traer a la pr\u00f3xima sesi\u00f3n:\n<ul>\n<li>url del sitio web<\/li>\n<li>nombre de usuario<\/li>\n<li>contrase\u00f1a<\/li>\n<\/ul>\n<\/li>\n<\/ul>\n<p>Fecha de entrega: <span style=\"color: #0000ff;\">S\u00e1bado 28 de septiembre de 2013<\/span><\/p>\n<p>Medio de entrega: Sal\u00f3n de clases.<\/p>\n<p>&nbsp;<\/p>\n<h3>Referencias<\/h3>\n<p>AMIPCI (2013). H\u00e1bitos de los usuarios de Internet en M\u00e9xico. Asociaci\u00f3n Mexicana de Internet. Recuperado el 7 de septiembre de 2013 desde <a href=\"http:\/\/www.amipci.org.mx\/?P=editomultimediafile&amp;Multimedia=348&amp;Type=1\" target=\"_blank\">http:\/\/www.amipci.org.mx\/?P=editomultimediafile&amp;Multimedia=348&amp;Type=1<\/a><\/p>\n<p>AMIPCI (2013). Estudio de Infraestructura y Adopci\u00f3n de las TIC\u2019s por la Poblaci\u00f3n en M\u00e9xico. Recuperado el 7 de septiembre de 2013 desde <a href=\"http:\/\/www.amipci.org.mx\/?P=editomultimediafile&amp;Multimedia=66&amp;Type=1\" target=\"_blank\">http:\/\/www.amipci.org.mx\/?P=editomultimediafile&amp;Multimedia=66&amp;Type=1<\/a><\/p>\n<p>INEGI (2013). Estad\u00edsticas sobre disponibilidad y uso de tecnolog\u00eda de informaci\u00f3n y comunicaciones en los hogares 2012. Instituto Nacional de Estad\u00edstica y Geograf\u00eda. ISBN: 978-607-494-665-9. Recuperado el 19 de septiembre de 2013 desde <a href=\"http:\/\/www.inegi.org.mx\/prod_serv\/contenidos\/espanol\/bvinegi\/productos\/encuestas\/especiales\/endutih\/ENDUTIH2012.pdf\" target=\"_blank\">http:\/\/www.inegi.org.mx\/prod_serv\/contenidos\/espanol\/bvinegi\/productos\/encuestas\/especiales\/endutih\/ENDUTIH2012.pdf<\/a><\/p>\n<p>CLPT (2012). Top 100 Herramientas preferidas para el aprendizaje. Centre for learning &amp; performance technologies. Recuperado el 8 de septiembre de 2013 desde <a href=\"http:\/\/c4lpt.co.uk\/top100tools\/\" target=\"_blank\">http:\/\/c4lpt.co.uk\/top100tools\/<\/a><\/p>\n<p>FERREIRO (n.d.). El reto de la educaci\u00f3n del siglo XXI:la generaci\u00f3n N. UDG Virtual. Recuperado el 8 de septiembre de 2013 desde <a href=\"http:\/\/www.udgvirtual.udg.mx\/apertura\/index.php\/apertura4\/article\/view\/78\/90\" target=\"_blank\">http:\/\/www.udgvirtual.udg.mx\/apertura\/index.php\/apertura4\/article\/view\/78\/90<\/a><\/p>\n<p>&nbsp;<\/p>\n<p>Google Drive: <a href=\"https:\/\/drive.google.com\" target=\"_blank\">https:\/\/drive.google.com<\/a><\/p>\n<p>DropBox: <a href=\"https:\/\/www.dropbox.com\" target=\"_blank\">https:\/\/www.dropbox.com<\/a><\/p>\n<p>SkyDrive: <a href=\"http:\/\/www.skydrive.com\" target=\"_blank\">http:\/\/www.skydrive.com<\/a><\/p>\n<p>WordPress: <a href=\"http:\/\/es.wordpress.com\" target=\"_blank\">http:\/\/es.wordpress.com<\/a><\/p>\n<p>&nbsp;<\/p>\n<h3>Presentaciones<\/h3>\n<ul>\n<li><a href=\"http:\/\/www.uv.mx\/personal\/gvera\/files\/2013\/09\/Presentacion.pdf\">Presentaci\u00f3n<\/a><\/li>\n<li><a href=\"http:\/\/www.uv.mx\/personal\/gvera\/files\/2013\/09\/Unidad-I.pdf\">Unidad I<\/a><\/li>\n<\/ul>\n<h3>Normas para la citaci\u00f3n y elaboraci\u00f3n de bibliograf\u00eda<\/h3>\n<p><em>Normas para la citaci\u00f3n y elaboraci\u00f3n de bibliograf\u00eda<\/em> (2013). Revista en Salud, Sociedad, Ciencia y Tecnolog\u00eda. Instituto de Estudios en Salud, Sociedad, Ciencia y Tecnolog\u00eda. ISSN 1852-4680. Recuperado el 20 de septiembre de 2013 desde <a title=\"Citas\" href=\"http:\/\/www.ea-journal.com\/images\/stories\/Info_Authors\/Ea-Normas_para_citaci%C3%B3n_y_bibliograf%C3%ADa_2013-05.pdf\" target=\"_blank\">http:\/\/www.ea-journal.com\/images\/stories\/Info_Authors\/Ea-Normas_para_citaci%C3%B3n_y_bibliograf%C3%ADa_2013-05.pdf<\/a><\/p>\n","protected":false},"excerpt":{"rendered":"<p>Bit\u00e1cora Elaboraci\u00f3n semanal de la bit\u00e1cora de la clase. NombreApellidoBitacora.doc Lineamientos: Reflexi\u00f3n personal Llevarla impresa y en electr\u00f3nico cada sesi\u00f3n Entregar documento en Word con el nombre: NombreApellidoBitacora1.doc Fecha de entrega: S\u00e1bado 28 de septiembre de 2013 de forma impresa. Medio de entrega: En papel el s\u00e1bado siguiente a la sesi\u00f3n. &nbsp; Tareas 1. Elaboraci\u00f3n&#8230;<\/p>\n","protected":false},"author":1,"featured_media":0,"comment_status":"closed","ping_status":"closed","sticky":false,"template":"","format":"standard","meta":[],"categories":[105,106],"tags":[],"_links":{"self":[{"href":"https:\/\/www.uv.mx\/personal\/gvera\/wp-json\/wp\/v2\/posts\/2016"}],"collection":[{"href":"https:\/\/www.uv.mx\/personal\/gvera\/wp-json\/wp\/v2\/posts"}],"about":[{"href":"https:\/\/www.uv.mx\/personal\/gvera\/wp-json\/wp\/v2\/types\/post"}],"author":[{"embeddable":true,"href":"https:\/\/www.uv.mx\/personal\/gvera\/wp-json\/wp\/v2\/users\/1"}],"replies":[{"embeddable":true,"href":"https:\/\/www.uv.mx\/personal\/gvera\/wp-json\/wp\/v2\/comments?post=2016"}],"version-history":[{"count":0,"href":"https:\/\/www.uv.mx\/personal\/gvera\/wp-json\/wp\/v2\/posts\/2016\/revisions"}],"wp:attachment":[{"href":"https:\/\/www.uv.mx\/personal\/gvera\/wp-json\/wp\/v2\/media?parent=2016"}],"wp:term":[{"taxonomy":"category","embeddable":true,"href":"https:\/\/www.uv.mx\/personal\/gvera\/wp-json\/wp\/v2\/categories?post=2016"},{"taxonomy":"post_tag","embeddable":true,"href":"https:\/\/www.uv.mx\/personal\/gvera\/wp-json\/wp\/v2\/tags?post=2016"}],"curies":[{"name":"wp","href":"https:\/\/api.w.org\/{rel}","templated":true}]}}