{"id":2077,"date":"2013-10-12T22:18:49","date_gmt":"2013-10-13T03:18:49","guid":{"rendered":"http:\/\/www.uv.mx\/personal\/gvera\/?p=2077"},"modified":"2013-10-12T22:18:49","modified_gmt":"2013-10-13T03:18:49","slug":"nuevas-tecnologias-en-la-educacion-temario-examen","status":"publish","type":"post","link":"https:\/\/www.uv.mx\/personal\/gvera\/2013\/10\/12\/nuevas-tecnologias-en-la-educacion-temario-examen\/","title":{"rendered":"Nuevas tecnologias en la educaci\u00f3n &#8211; Temario Examen"},"content":{"rendered":"<p style=\"text-align: center;\"><a href=\"http:\/\/www.uv.mx\/personal\/gvera\/files\/2013\/10\/Examen.jpg\"><img loading=\"lazy\" decoding=\"async\" class=\"alignnone size-full wp-image-2078\" alt=\"Examen\" src=\"http:\/\/www.uv.mx\/personal\/gvera\/files\/2013\/10\/Examen.jpg\" width=\"400\" height=\"267\" srcset=\"https:\/\/www.uv.mx\/personal\/gvera\/files\/2013\/10\/Examen.jpg 400w, https:\/\/www.uv.mx\/personal\/gvera\/files\/2013\/10\/Examen-300x200.jpg 300w\" sizes=\"auto, (max-width: 400px) 100vw, 400px\" \/><\/a><\/p>\n<p>Les comparto los temas que vimos durante el curso y que abarcar\u00e1 el examen del s\u00e1bado.<\/p>\n<ul>\n<li>UNIDAD I: ANTECEDENTES DE LAS NUEVAS TECNOLOG\u00cdAS\n<ul>\n<li>Antecedentes de las nuevas tecnolog\u00edas de informaci\u00f3n y<br \/>\ncomunicaci\u00f3n<\/li>\n<li>Conceptos b\u00e1sicos<\/li>\n<li>Impacto de las nuevas tecnolog\u00edas en la sociedad y en la<br \/>\neducaci\u00f3n<\/li>\n<li>Generaci\u00f3n N<\/li>\n<li>Nuevos roles del docente y el alumno con la aplicaci\u00f3n de<br \/>\nnuevas tecnolog\u00edas<\/li>\n<\/ul>\n<\/li>\n<li>UNIDAD II: MODALIDADES EDUCATIVAS\n<ul>\n<li>Educaci\u00f3n escolarizada<\/li>\n<li>Educaci\u00f3n abierta<\/li>\n<li>Educaci\u00f3n en l\u00ednea<\/li>\n<li>Educaci\u00f3n virtual<\/li>\n<li>Educaci\u00f3n a distancia<\/li>\n<li>Educaci\u00f3n multimodal<\/li>\n<li>Plataforma Eminus<\/li>\n<\/ul>\n<\/li>\n<li>UNIDAD III: HERRAMIENTAS WEB\n<ul>\n<li>E-mail<\/li>\n<li>LMS<\/li>\n<li>CMS<\/li>\n<li>Blog<\/li>\n<li>Foros<\/li>\n<li>Wikis<\/li>\n<li>Redes sociales<\/li>\n<li>Aula de medios<\/li>\n<li>Internet 2<\/li>\n<li>Google Drive<\/li>\n<li>SkyDrive<\/li>\n<li>Google Docs<\/li>\n<li>Office Web Apps<\/li>\n<li>Dropbox<\/li>\n<\/ul>\n<\/li>\n<li>UNIDAD IV: HERRAMIENTAS ELECTR\u00d3NICAS\n<ul>\n<li>Libros electr\u00f3nicos<\/li>\n<li>Audio-Libros<\/li>\n<li>Biblioteca Electr\u00f3nica<\/li>\n<li>Biblioteca Virtual<\/li>\n<li>Biblioteca Digital<\/li>\n<\/ul>\n<\/li>\n<li>UNIDAD V: PROYECTOS TECNOL\u00d3GICOS EDUCATIVOS\n<ul>\n<li>Instituto Consorcio Clavijero<\/li>\n<li>EDUSAT<\/li>\n<li>Enciclomedia<\/li>\n<li>Proyecto Vasconcelos<\/li>\n<li>Universidades Virtuales<\/li>\n<\/ul>\n<\/li>\n<\/ul>\n<p>Fecha de examen: S\u00e1bado 19 de octubre de 2013<\/p>\n<p>Saludos!!<\/p>\n","protected":false},"excerpt":{"rendered":"<p>Les comparto los temas que vimos durante el curso y que abarcar\u00e1 el examen del s\u00e1bado. UNIDAD I: ANTECEDENTES DE LAS NUEVAS TECNOLOG\u00cdAS Antecedentes de las nuevas tecnolog\u00edas de informaci\u00f3n y comunicaci\u00f3n Conceptos b\u00e1sicos Impacto de las nuevas tecnolog\u00edas en la sociedad y en la educaci\u00f3n Generaci\u00f3n N Nuevos roles del docente y el alumno&#8230;<\/p>\n","protected":false},"author":1,"featured_media":0,"comment_status":"closed","ping_status":"closed","sticky":false,"template":"","format":"standard","meta":{"footnotes":""},"categories":[105,106],"tags":[],"class_list":["post-2077","post","type-post","status-publish","format-standard","hentry","category-clases","category-nuevas-tecnologias-en-la-educacion"],"_links":{"self":[{"href":"https:\/\/www.uv.mx\/personal\/gvera\/wp-json\/wp\/v2\/posts\/2077","targetHints":{"allow":["GET"]}}],"collection":[{"href":"https:\/\/www.uv.mx\/personal\/gvera\/wp-json\/wp\/v2\/posts"}],"about":[{"href":"https:\/\/www.uv.mx\/personal\/gvera\/wp-json\/wp\/v2\/types\/post"}],"author":[{"embeddable":true,"href":"https:\/\/www.uv.mx\/personal\/gvera\/wp-json\/wp\/v2\/users\/1"}],"replies":[{"embeddable":true,"href":"https:\/\/www.uv.mx\/personal\/gvera\/wp-json\/wp\/v2\/comments?post=2077"}],"version-history":[{"count":0,"href":"https:\/\/www.uv.mx\/personal\/gvera\/wp-json\/wp\/v2\/posts\/2077\/revisions"}],"wp:attachment":[{"href":"https:\/\/www.uv.mx\/personal\/gvera\/wp-json\/wp\/v2\/media?parent=2077"}],"wp:term":[{"taxonomy":"category","embeddable":true,"href":"https:\/\/www.uv.mx\/personal\/gvera\/wp-json\/wp\/v2\/categories?post=2077"},{"taxonomy":"post_tag","embeddable":true,"href":"https:\/\/www.uv.mx\/personal\/gvera\/wp-json\/wp\/v2\/tags?post=2077"}],"curies":[{"name":"wp","href":"https:\/\/api.w.org\/{rel}","templated":true}]}}