{"id":459,"date":"2015-05-09T12:45:59","date_gmt":"2015-05-09T17:45:59","guid":{"rendered":"http:\/\/www.uv.mx\/personal\/jnoa\/?p=459"},"modified":"2024-04-30T21:17:30","modified_gmt":"2024-05-01T02:17:30","slug":"noticias-2015-biomolfito","status":"publish","type":"post","link":"https:\/\/www.uv.mx\/personal\/jnoa\/2015\/05\/09\/noticias-2015-biomolfito\/","title":{"rendered":"Noticias 2015 BioMolFito"},"content":{"rendered":"<p>2015-0506. Acad\u00e9micos del INBIOTECA participan en la formaci\u00f3n de una red universitaria de investigaci\u00f3n, docencia y vinculaci\u00f3n sobre el caf\u00e9. Los problemas del caf\u00e9 necesitan ser abordados con un enfoque multidisciplinario y de manera sistem\u00e1tica; una red universitaria que combine las capacidades que tiene la UV en este tema es un avance importante para enfrentar este reto de enormes proporciones. La reuni\u00f3n en particular tuvo como objetivos informar sobre las posibilidades de participaci\u00f3n en una iniciativa de la Universidad Aut\u00f3noma de Chapingo en Huatusco para la creaci\u00f3n del\u00a0CENACAFE (Centro Nacional de Investigaci\u00f3n Innovaci\u00f3n y Desarrollo Tecnol\u00f3gico del Caf\u00e9)\u00a0y para darle seguimiento a la discusi\u00f3n que inici\u00f3 en el primer foro universitario \u201cExplorando el caf\u00e9: retos y perspectivas\u201d en noviembre de 2014.<\/p>\n<p><a class=\"fancybox\" href=\"http:\/\/www.uv.mx\/personal\/jnoa\/files\/2020\/05\/150518-ReunionCafe02.jpg\" rel=\"fancybox\"><img decoding=\"async\" loading=\"lazy\" class=\"size-medium wp-image-369 aligncenter\" src=\"http:\/\/www.uv.mx\/personal\/jnoa\/files\/2020\/05\/150518-ReunionCafe02-300x209.jpg\" alt=\"\" width=\"300\" height=\"209\" srcset=\"https:\/\/www.uv.mx\/personal\/jnoa\/files\/2020\/05\/150518-ReunionCafe02-300x209.jpg 300w, https:\/\/www.uv.mx\/personal\/jnoa\/files\/2020\/05\/150518-ReunionCafe02-1024x714.jpg 1024w, https:\/\/www.uv.mx\/personal\/jnoa\/files\/2020\/05\/150518-ReunionCafe02-768x535.jpg 768w, https:\/\/www.uv.mx\/personal\/jnoa\/files\/2020\/05\/150518-ReunionCafe02.jpg 1090w\" sizes=\"(max-width: 300px) 100vw, 300px\" \/><\/a><\/p>\n","protected":false},"excerpt":{"rendered":"<p>2015-0506. Acad\u00e9micos del INBIOTECA participan en la formaci\u00f3n de una red universitaria de investigaci\u00f3n, docencia y vinculaci\u00f3n sobre el caf\u00e9. Los problemas del caf\u00e9 necesitan ser abordados con un enfoque multidisciplinario y de manera sistem\u00e1tica; una red universitaria que combine las capacidades que tiene la UV en este tema es un avance importante para enfrentar&#8230;<\/p>\n","protected":false},"author":1637,"featured_media":0,"comment_status":"open","ping_status":"closed","sticky":false,"template":"","format":"standard","meta":[],"categories":[4],"tags":[],"_links":{"self":[{"href":"https:\/\/www.uv.mx\/personal\/jnoa\/wp-json\/wp\/v2\/posts\/459"}],"collection":[{"href":"https:\/\/www.uv.mx\/personal\/jnoa\/wp-json\/wp\/v2\/posts"}],"about":[{"href":"https:\/\/www.uv.mx\/personal\/jnoa\/wp-json\/wp\/v2\/types\/post"}],"author":[{"embeddable":true,"href":"https:\/\/www.uv.mx\/personal\/jnoa\/wp-json\/wp\/v2\/users\/1637"}],"replies":[{"embeddable":true,"href":"https:\/\/www.uv.mx\/personal\/jnoa\/wp-json\/wp\/v2\/comments?post=459"}],"version-history":[{"count":1,"href":"https:\/\/www.uv.mx\/personal\/jnoa\/wp-json\/wp\/v2\/posts\/459\/revisions"}],"predecessor-version":[{"id":1102,"href":"https:\/\/www.uv.mx\/personal\/jnoa\/wp-json\/wp\/v2\/posts\/459\/revisions\/1102"}],"wp:attachment":[{"href":"https:\/\/www.uv.mx\/personal\/jnoa\/wp-json\/wp\/v2\/media?parent=459"}],"wp:term":[{"taxonomy":"category","embeddable":true,"href":"https:\/\/www.uv.mx\/personal\/jnoa\/wp-json\/wp\/v2\/categories?post=459"},{"taxonomy":"post_tag","embeddable":true,"href":"https:\/\/www.uv.mx\/personal\/jnoa\/wp-json\/wp\/v2\/tags?post=459"}],"curies":[{"name":"wp","href":"https:\/\/api.w.org\/{rel}","templated":true}]}}