{"id":145,"date":"2023-03-15T15:53:28","date_gmt":"2023-03-15T21:53:28","guid":{"rendered":"https:\/\/www.uv.mx\/personal\/luigranados\/?p=145"},"modified":"2026-06-21T20:53:05","modified_gmt":"2026-06-22T02:53:05","slug":"inicio-bienvenidos","status":"publish","type":"post","link":"https:\/\/www.uv.mx\/personal\/luigranados\/2023\/03\/15\/inicio-bienvenidos\/","title":{"rendered":"!Bienvenidos!"},"content":{"rendered":"<p><strong><img loading=\"lazy\" decoding=\"async\" class=\"alignnone wp-image-256 \" src=\"http:\/\/www.uv.mx\/personal\/luigranados\/files\/2023\/03\/Nosotros-817x1024.jpg\" alt=\"\" width=\"380\" height=\"476\" srcset=\"https:\/\/www.uv.mx\/personal\/luigranados\/files\/2023\/03\/Nosotros-817x1024.jpg 817w, https:\/\/www.uv.mx\/personal\/luigranados\/files\/2023\/03\/Nosotros-239x300.jpg 239w, https:\/\/www.uv.mx\/personal\/luigranados\/files\/2023\/03\/Nosotros-768x963.jpg 768w, https:\/\/www.uv.mx\/personal\/luigranados\/files\/2023\/03\/Nosotros-1225x1536.jpg 1225w, https:\/\/www.uv.mx\/personal\/luigranados\/files\/2023\/03\/Nosotros-85x107.jpg 85w, https:\/\/www.uv.mx\/personal\/luigranados\/files\/2023\/03\/Nosotros.jpg 1464w\" sizes=\"auto, (max-width: 380px) 100vw, 380px\" \/><\/strong><\/p>\n<p><strong>Entidad de adscripci\u00f3n<\/strong>: Centro de Ecoalfabetizaci\u00f3n y Dialogo de Saberes<br \/>\n<strong>Tipo de contrataci\u00f3n<\/strong>: Profesor investigador de tiempo completo<br \/>\n<strong>Grado de estudios<\/strong>: Doctor en Sociolog\u00eda<br \/>\n<strong>L\u00ednea de Trabajo<\/strong>: Relaciones Sociedad-Naturaleza.<\/p>\n<p><strong>Universidad Veracruzana<\/strong><br \/>\nAv. de las Culturas Veracruzanas s\/n,<br \/>\nZona Universitaria. Campus USBI,<br \/>\nCol. Emiliano Zapata, CP. 91060<br \/>\nXalapa, Veracruz, M\u00e9xico<br \/>\nTel: +52 228 842 1700 Ext: 10858<br \/>\nCorreo electr\u00f3nico: luigranados@uv.mx<\/p>\n<figure id=\"attachment_257\" aria-describedby=\"caption-attachment-257\" style=\"width: 690px\" class=\"wp-caption alignnone\"><img loading=\"lazy\" decoding=\"async\" class=\"wp-image-257\" src=\"http:\/\/www.uv.mx\/personal\/luigranados\/files\/2023\/03\/Si-1024x768.jpg\" alt=\"\" width=\"690\" height=\"517\" srcset=\"https:\/\/www.uv.mx\/personal\/luigranados\/files\/2023\/03\/Si-1024x768.jpg 1024w, https:\/\/www.uv.mx\/personal\/luigranados\/files\/2023\/03\/Si-300x225.jpg 300w, https:\/\/www.uv.mx\/personal\/luigranados\/files\/2023\/03\/Si-768x576.jpg 768w, https:\/\/www.uv.mx\/personal\/luigranados\/files\/2023\/03\/Si-1536x1152.jpg 1536w, https:\/\/www.uv.mx\/personal\/luigranados\/files\/2023\/03\/Si-96x72.jpg 96w, https:\/\/www.uv.mx\/personal\/luigranados\/files\/2023\/03\/Si.jpg 2048w\" sizes=\"auto, (max-width: 690px) 100vw, 690px\" \/><figcaption id=\"caption-attachment-257\" class=\"wp-caption-text\">Ni\u00f1os de Xico, Veracruz.<\/figcaption><\/figure>\n","protected":false},"excerpt":{"rendered":"<p>Entidad de adscripci\u00f3n: Centro de Ecoalfabetizaci\u00f3n y Dialogo de Saberes Tipo de contrataci\u00f3n: Profesor investigador de tiempo completo Grado de estudios: Doctor en Sociolog\u00eda L\u00ednea de Trabajo: Relaciones Sociedad-Naturaleza. Universidad Veracruzana Av. de las Culturas Veracruzanas s\/n, Zona Universitaria. Campus USBI, Col. Emiliano Zapata, CP. 91060 Xalapa, Veracruz, M\u00e9xico Tel: +52 228 842 1700 Ext:&#8230;<\/p>\n","protected":false},"author":2659,"featured_media":0,"comment_status":"closed","ping_status":"closed","sticky":false,"template":"","format":"standard","meta":{"footnotes":""},"categories":[1],"tags":[],"class_list":["post-145","post","type-post","status-publish","format-standard","hentry","category-sin-categoria"],"_links":{"self":[{"href":"https:\/\/www.uv.mx\/personal\/luigranados\/wp-json\/wp\/v2\/posts\/145","targetHints":{"allow":["GET"]}}],"collection":[{"href":"https:\/\/www.uv.mx\/personal\/luigranados\/wp-json\/wp\/v2\/posts"}],"about":[{"href":"https:\/\/www.uv.mx\/personal\/luigranados\/wp-json\/wp\/v2\/types\/post"}],"author":[{"embeddable":true,"href":"https:\/\/www.uv.mx\/personal\/luigranados\/wp-json\/wp\/v2\/users\/2659"}],"replies":[{"embeddable":true,"href":"https:\/\/www.uv.mx\/personal\/luigranados\/wp-json\/wp\/v2\/comments?post=145"}],"version-history":[{"count":2,"href":"https:\/\/www.uv.mx\/personal\/luigranados\/wp-json\/wp\/v2\/posts\/145\/revisions"}],"predecessor-version":[{"id":271,"href":"https:\/\/www.uv.mx\/personal\/luigranados\/wp-json\/wp\/v2\/posts\/145\/revisions\/271"}],"wp:attachment":[{"href":"https:\/\/www.uv.mx\/personal\/luigranados\/wp-json\/wp\/v2\/media?parent=145"}],"wp:term":[{"taxonomy":"category","embeddable":true,"href":"https:\/\/www.uv.mx\/personal\/luigranados\/wp-json\/wp\/v2\/categories?post=145"},{"taxonomy":"post_tag","embeddable":true,"href":"https:\/\/www.uv.mx\/personal\/luigranados\/wp-json\/wp\/v2\/tags?post=145"}],"curies":[{"name":"wp","href":"https:\/\/api.w.org\/{rel}","templated":true}]}}