{"id":1702,"date":"2015-11-24T10:23:25","date_gmt":"2015-11-24T16:23:25","guid":{"rendered":"http:\/\/www.uv.mx\/personal\/mcasillas\/?p=1702"},"modified":"2016-08-12T11:25:54","modified_gmt":"2016-08-12T16:25:54","slug":"tipos-de-violencia-que-sufren-los-estudiantes-universitarios-escenario-de-la-universidad-veracruzana-mexico","status":"publish","type":"post","link":"https:\/\/www.uv.mx\/personal\/mcasillas\/2015\/11\/24\/tipos-de-violencia-que-sufren-los-estudiantes-universitarios-escenario-de-la-universidad-veracruzana-mexico\/","title":{"rendered":"Desigualdad en la educaci\u00f3n superior. Elementos para medir la calidad de las instituciones de educaci\u00f3n superior"},"content":{"rendered":"<p>&nbsp;<\/p>\n<p><strong><a href=\"http:\/\/www.uv.mx\/personal\/mcasillas\/files\/2015\/11\/Desigualdad-en-la-educaci\u00f3n-superior.png\"><img loading=\"lazy\" decoding=\"async\" class=\"alignleft size-thumbnail wp-image-2360\" src=\"http:\/\/www.uv.mx\/personal\/mcasillas\/files\/2015\/11\/Desigualdad-en-la-educaci\u00f3n-superior-150x150.png\" alt=\"Desigualdad en la educaci\u00f3n superior\" width=\"150\" height=\"150\" \/><\/a>Para citar esta ponencia<\/strong>:<\/p>\n<p>&nbsp;<\/p>\n<p>Casillas, M. A., Ortega, J. C., y Ortiz, V. (Marzo, 2014). Desigualdad en la educaci\u00f3n superior. Elementos para medir la calidad de las instituciones de educaci\u00f3n superior. En Memorias del <em>4 Congreso Nacional de Ciencias Sociales, La construcci\u00f3n del Futuro: Los retos de las Ciencias Sociales en M\u00e9xico<\/em>, San Crist\u00f3bal de las Casas, Chiapas.<\/p>\n<p>&nbsp;<\/p>\n<p><strong>Descargar<\/strong>:\u00a0<a href=\"http:\/\/www.uv.mx\/personal\/mcasillas\/files\/2015\/11\/Desigualdad-en-la-educaci\u00f3n-superior.-Elementos-para-medir-la-calidad.-2014.pdf\">Desigualdad en la educaci\u00f3n superior. Elementos para medir la calidad. 2014<\/a><\/p>\n","protected":false},"excerpt":{"rendered":"<p>&nbsp; Para citar esta ponencia: &nbsp; Casillas, M. A., Ortega, J. C., y Ortiz, V. (Marzo, 2014). Desigualdad en la educaci\u00f3n superior. Elementos para medir la calidad de las instituciones de educaci\u00f3n superior. En Memorias del 4 Congreso Nacional de Ciencias Sociales, La construcci\u00f3n del Futuro: Los retos de las Ciencias Sociales en M\u00e9xico, San&#8230;<\/p>\n","protected":false},"author":1587,"featured_media":0,"comment_status":"open","ping_status":"closed","sticky":false,"template":"","format":"standard","meta":{"footnotes":""},"categories":[47],"tags":[],"class_list":["post-1702","post","type-post","status-publish","format-standard","hentry","category-ponencias"],"_links":{"self":[{"href":"https:\/\/www.uv.mx\/personal\/mcasillas\/wp-json\/wp\/v2\/posts\/1702","targetHints":{"allow":["GET"]}}],"collection":[{"href":"https:\/\/www.uv.mx\/personal\/mcasillas\/wp-json\/wp\/v2\/posts"}],"about":[{"href":"https:\/\/www.uv.mx\/personal\/mcasillas\/wp-json\/wp\/v2\/types\/post"}],"author":[{"embeddable":true,"href":"https:\/\/www.uv.mx\/personal\/mcasillas\/wp-json\/wp\/v2\/users\/1587"}],"replies":[{"embeddable":true,"href":"https:\/\/www.uv.mx\/personal\/mcasillas\/wp-json\/wp\/v2\/comments?post=1702"}],"version-history":[{"count":0,"href":"https:\/\/www.uv.mx\/personal\/mcasillas\/wp-json\/wp\/v2\/posts\/1702\/revisions"}],"wp:attachment":[{"href":"https:\/\/www.uv.mx\/personal\/mcasillas\/wp-json\/wp\/v2\/media?parent=1702"}],"wp:term":[{"taxonomy":"category","embeddable":true,"href":"https:\/\/www.uv.mx\/personal\/mcasillas\/wp-json\/wp\/v2\/categories?post=1702"},{"taxonomy":"post_tag","embeddable":true,"href":"https:\/\/www.uv.mx\/personal\/mcasillas\/wp-json\/wp\/v2\/tags?post=1702"}],"curies":[{"name":"wp","href":"https:\/\/api.w.org\/{rel}","templated":true}]}}