{"id":1902,"date":"2016-05-25T13:05:24","date_gmt":"2016-05-25T18:05:24","guid":{"rendered":"http:\/\/www.uv.mx\/personal\/mcasillas\/?p=1902"},"modified":"2018-04-13T13:37:59","modified_gmt":"2018-04-13T18:37:59","slug":"los-estudiantes-como-jovenes-una-reflexion-sociologica","status":"publish","type":"post","link":"https:\/\/www.uv.mx\/personal\/mcasillas\/2016\/05\/25\/los-estudiantes-como-jovenes-una-reflexion-sociologica\/","title":{"rendered":"Los estudiantes como j\u00f3venes: Una reflexi\u00f3n sociol\u00f3gica"},"content":{"rendered":"<p>&nbsp;<\/p>\n<p><strong><a href=\"http:\/\/www.uv.mx\/personal\/mcasillas\/files\/2016\/05\/Los-estudiantes-como-jo\u0301venes.png\"><img loading=\"lazy\" decoding=\"async\" class=\"alignleft size-thumbnail wp-image-2514\" src=\"http:\/\/www.uv.mx\/personal\/mcasillas\/files\/2016\/05\/Los-estudiantes-como-jo\u0301venes-150x150.png\" alt=\"\" width=\"150\" height=\"150\" \/><\/a>Para citar este documento<\/strong>:<\/p>\n<p>&nbsp;<\/p>\n<p>De Garay, A., y Casillas, M. A. (2002). Los estudiantes como j\u00f3venes: una reflexi\u00f3n sociol\u00f3gica. En A. Nateras (Coord.), <em>J\u00f3venes, culturas e identidades urbanas<\/em> (pp. 245-262). M\u00e9xico: Universidad Aut\u00f3noma Metropolitana, Unidad Iztapalapa.<\/p>\n<p>&nbsp;<\/p>\n<p><strong>Descargar:<\/strong> <a href=\"http:\/\/www.uv.mx\/personal\/mcasillas\/files\/2016\/05\/M4_Sesion1_DeGaray.pdf\">Los estudiantes como j\u00f3venes<\/a><\/p>\n","protected":false},"excerpt":{"rendered":"<p>&nbsp; Para citar este documento: &nbsp; De Garay, A., y Casillas, M. A. (2002). Los estudiantes como j\u00f3venes: una reflexi\u00f3n sociol\u00f3gica. En A. Nateras (Coord.), J\u00f3venes, culturas e identidades urbanas (pp. 245-262). M\u00e9xico: Universidad Aut\u00f3noma Metropolitana, Unidad Iztapalapa. &nbsp; Descargar: Los estudiantes como j\u00f3venes<\/p>\n","protected":false},"author":1587,"featured_media":0,"comment_status":"open","ping_status":"closed","sticky":false,"template":"","format":"standard","meta":{"footnotes":""},"categories":[19],"tags":[],"class_list":["post-1902","post","type-post","status-publish","format-standard","hentry","category-cap-libro"],"_links":{"self":[{"href":"https:\/\/www.uv.mx\/personal\/mcasillas\/wp-json\/wp\/v2\/posts\/1902","targetHints":{"allow":["GET"]}}],"collection":[{"href":"https:\/\/www.uv.mx\/personal\/mcasillas\/wp-json\/wp\/v2\/posts"}],"about":[{"href":"https:\/\/www.uv.mx\/personal\/mcasillas\/wp-json\/wp\/v2\/types\/post"}],"author":[{"embeddable":true,"href":"https:\/\/www.uv.mx\/personal\/mcasillas\/wp-json\/wp\/v2\/users\/1587"}],"replies":[{"embeddable":true,"href":"https:\/\/www.uv.mx\/personal\/mcasillas\/wp-json\/wp\/v2\/comments?post=1902"}],"version-history":[{"count":0,"href":"https:\/\/www.uv.mx\/personal\/mcasillas\/wp-json\/wp\/v2\/posts\/1902\/revisions"}],"wp:attachment":[{"href":"https:\/\/www.uv.mx\/personal\/mcasillas\/wp-json\/wp\/v2\/media?parent=1902"}],"wp:term":[{"taxonomy":"category","embeddable":true,"href":"https:\/\/www.uv.mx\/personal\/mcasillas\/wp-json\/wp\/v2\/categories?post=1902"},{"taxonomy":"post_tag","embeddable":true,"href":"https:\/\/www.uv.mx\/personal\/mcasillas\/wp-json\/wp\/v2\/tags?post=1902"}],"curies":[{"name":"wp","href":"https:\/\/api.w.org\/{rel}","templated":true}]}}