{"id":2602,"date":"2017-04-26T14:14:24","date_gmt":"2017-04-26T19:14:24","guid":{"rendered":"http:\/\/www.uv.mx\/personal\/mcasillas\/?p=2602"},"modified":"2017-04-26T14:16:00","modified_gmt":"2017-04-26T19:16:00","slug":"los-saberes-digitales-especificos-del-docente-de-preescolar-perfil-de-saberes-digitales","status":"publish","type":"post","link":"https:\/\/www.uv.mx\/personal\/mcasillas\/2017\/04\/26\/los-saberes-digitales-especificos-del-docente-de-preescolar-perfil-de-saberes-digitales\/","title":{"rendered":"Los saberes digitales espec\u00edficos del docente de preescolar. Perfil de Saberes Digitales"},"content":{"rendered":"<p>&nbsp;<\/p>\n<p><a href=\"http:\/\/www.uv.mx\/personal\/mcasillas\/files\/2017\/04\/Saberes-Digitales-ba\u0301sica.png\"><img loading=\"lazy\" decoding=\"async\" class=\"alignleft size-thumbnail wp-image-2575\" src=\"http:\/\/www.uv.mx\/personal\/mcasillas\/files\/2017\/04\/Saberes-Digitales-ba\u0301sica-150x150.png\" alt=\"\" width=\"150\" height=\"150\" \/><\/a><\/p>\n<p><strong>Para citar este documento<\/strong>:<\/p>\n<p>Ram\u00edrez, A., y Casillas, M. A. (2017). Los saberes digitales espec\u00edficos del docente de preescolar. Perfil de Saberes Digitales. En A.\u00a0Ram\u00edrez, y M. A. Casillas (Coords.). Saberes digitales de los docentes de educaci\u00f3n b\u00e1sica. Una propuesta para la discusi\u00f3n desde Veracruz (101 -107). Veracruz: Secretar\u00eda de Educaci\u00f3n de Veracruz.<\/p>\n<p><strong>Descargar:<\/strong> <a href=\"http:\/\/www.uv.mx\/personal\/mcasillas\/files\/2017\/04\/Saberes-Digitales-especi\u0301ficos-preescolar.pdf\">Saberes Digitales especi\u0301ficos preescolar<\/a><\/p>\n","protected":false},"excerpt":{"rendered":"<p>&nbsp; Para citar este documento: Ram\u00edrez, A., y Casillas, M. A. (2017). Los saberes digitales espec\u00edficos del docente de preescolar. Perfil de Saberes Digitales. En A.\u00a0Ram\u00edrez, y M. A. Casillas (Coords.). Saberes digitales de los docentes de educaci\u00f3n b\u00e1sica. Una propuesta para la discusi\u00f3n desde Veracruz (101 -107). Veracruz: Secretar\u00eda de Educaci\u00f3n de Veracruz. Descargar:&#8230;<\/p>\n","protected":false},"author":1587,"featured_media":0,"comment_status":"open","ping_status":"closed","sticky":false,"template":"","format":"standard","meta":{"footnotes":""},"categories":[19],"tags":[],"class_list":["post-2602","post","type-post","status-publish","format-standard","hentry","category-cap-libro"],"_links":{"self":[{"href":"https:\/\/www.uv.mx\/personal\/mcasillas\/wp-json\/wp\/v2\/posts\/2602","targetHints":{"allow":["GET"]}}],"collection":[{"href":"https:\/\/www.uv.mx\/personal\/mcasillas\/wp-json\/wp\/v2\/posts"}],"about":[{"href":"https:\/\/www.uv.mx\/personal\/mcasillas\/wp-json\/wp\/v2\/types\/post"}],"author":[{"embeddable":true,"href":"https:\/\/www.uv.mx\/personal\/mcasillas\/wp-json\/wp\/v2\/users\/1587"}],"replies":[{"embeddable":true,"href":"https:\/\/www.uv.mx\/personal\/mcasillas\/wp-json\/wp\/v2\/comments?post=2602"}],"version-history":[{"count":0,"href":"https:\/\/www.uv.mx\/personal\/mcasillas\/wp-json\/wp\/v2\/posts\/2602\/revisions"}],"wp:attachment":[{"href":"https:\/\/www.uv.mx\/personal\/mcasillas\/wp-json\/wp\/v2\/media?parent=2602"}],"wp:term":[{"taxonomy":"category","embeddable":true,"href":"https:\/\/www.uv.mx\/personal\/mcasillas\/wp-json\/wp\/v2\/categories?post=2602"},{"taxonomy":"post_tag","embeddable":true,"href":"https:\/\/www.uv.mx\/personal\/mcasillas\/wp-json\/wp\/v2\/tags?post=2602"}],"curies":[{"name":"wp","href":"https:\/\/api.w.org\/{rel}","templated":true}]}}