{"id":2972,"date":"2018-10-01T12:40:49","date_gmt":"2018-10-01T17:40:49","guid":{"rendered":"http:\/\/www.uv.mx\/personal\/mcasillas\/?p=2972"},"modified":"2018-10-01T12:43:46","modified_gmt":"2018-10-01T17:43:46","slug":"habilitacion-tecnologica-de-profesores-universitarios-y-docentes-de-educacion-basica","status":"publish","type":"post","link":"https:\/\/www.uv.mx\/personal\/mcasillas\/2018\/10\/01\/habilitacion-tecnologica-de-profesores-universitarios-y-docentes-de-educacion-basica\/","title":{"rendered":"Habilitaci\u00f3n tecnol\u00f3gica de profesores universitarios y docentes de educaci\u00f3n b\u00e1sica"},"content":{"rendered":"<p>&nbsp;<\/p>\n<p><strong><a href=\"http:\/\/www.uv.mx\/personal\/mcasillas\/files\/2018\/10\/Habilitacio\u0301n-tecnolo\u0301gica-de-profesores-universitarios-y-docentes-de-educacio\u0301n-ba\u0301sica.png\"><img loading=\"lazy\" decoding=\"async\" class=\"alignleft size-thumbnail wp-image-2973\" src=\"http:\/\/www.uv.mx\/personal\/mcasillas\/files\/2018\/10\/Habilitacio\u0301n-tecnolo\u0301gica-de-profesores-universitarios-y-docentes-de-educacio\u0301n-ba\u0301sica-150x150.png\" alt=\"\" width=\"150\" height=\"150\" \/><\/a>Para citar este documento:<\/strong><\/p>\n<p>&nbsp;<\/p>\n<p>Ram\u00edrez-Martinell, A., Casillas, M. A., y Aguirre, I. R. (Octubre, 2018). Habilitaci\u00f3n tecnol\u00f3gica de profesores universitarios y docentes de educaci\u00f3n b\u00e1sica. <em>apertura<\/em>, 10(2), 124-139.<\/p>\n<p>&nbsp;<\/p>\n<p><strong>Descargar: <a href=\"http:\/\/www.uv.mx\/personal\/mcasillas\/files\/2018\/10\/Habilitacio\u0301n-tecnolo\u0301gica-de-profesores-universitarios-y-docentes-de-educacio\u0301n-ba\u0301sica.-Apertura.pdf\">Habilitacio\u0301n tecnolo\u0301gica de profesores universitarios y docentes de educacio\u0301n ba\u0301sica<\/a><\/strong><\/p>\n","protected":false},"excerpt":{"rendered":"<p>&nbsp; Para citar este documento: &nbsp; Ram\u00edrez-Martinell, A., Casillas, M. A., y Aguirre, I. R. (Octubre, 2018). Habilitaci\u00f3n tecnol\u00f3gica de profesores universitarios y docentes de educaci\u00f3n b\u00e1sica. apertura, 10(2), 124-139. &nbsp; Descargar: Habilitacio\u0301n tecnolo\u0301gica de profesores universitarios y docentes de educacio\u0301n ba\u0301sica<\/p>\n","protected":false},"author":1587,"featured_media":0,"comment_status":"open","ping_status":"closed","sticky":false,"template":"","format":"standard","meta":{"footnotes":""},"categories":[41],"tags":[],"class_list":["post-2972","post","type-post","status-publish","format-standard","hentry","category-articulo_cientifico"],"_links":{"self":[{"href":"https:\/\/www.uv.mx\/personal\/mcasillas\/wp-json\/wp\/v2\/posts\/2972","targetHints":{"allow":["GET"]}}],"collection":[{"href":"https:\/\/www.uv.mx\/personal\/mcasillas\/wp-json\/wp\/v2\/posts"}],"about":[{"href":"https:\/\/www.uv.mx\/personal\/mcasillas\/wp-json\/wp\/v2\/types\/post"}],"author":[{"embeddable":true,"href":"https:\/\/www.uv.mx\/personal\/mcasillas\/wp-json\/wp\/v2\/users\/1587"}],"replies":[{"embeddable":true,"href":"https:\/\/www.uv.mx\/personal\/mcasillas\/wp-json\/wp\/v2\/comments?post=2972"}],"version-history":[{"count":0,"href":"https:\/\/www.uv.mx\/personal\/mcasillas\/wp-json\/wp\/v2\/posts\/2972\/revisions"}],"wp:attachment":[{"href":"https:\/\/www.uv.mx\/personal\/mcasillas\/wp-json\/wp\/v2\/media?parent=2972"}],"wp:term":[{"taxonomy":"category","embeddable":true,"href":"https:\/\/www.uv.mx\/personal\/mcasillas\/wp-json\/wp\/v2\/categories?post=2972"},{"taxonomy":"post_tag","embeddable":true,"href":"https:\/\/www.uv.mx\/personal\/mcasillas\/wp-json\/wp\/v2\/tags?post=2972"}],"curies":[{"name":"wp","href":"https:\/\/api.w.org\/{rel}","templated":true}]}}