{"id":3097,"date":"2020-08-29T13:28:13","date_gmt":"2020-08-29T18:28:13","guid":{"rendered":"http:\/\/www.uv.mx\/personal\/mcasillas\/?p=3097"},"modified":"2020-08-29T17:35:04","modified_gmt":"2020-08-29T22:35:04","slug":"jovenes-universitarios-ante-el-cyberbullying-analisis-y-representaciones-sociales","status":"publish","type":"post","link":"https:\/\/www.uv.mx\/personal\/mcasillas\/2020\/08\/29\/jovenes-universitarios-ante-el-cyberbullying-analisis-y-representaciones-sociales\/","title":{"rendered":"J\u00f3venes universitarios ante el cyberbullying. An\u00e1lisis y representaciones sociales"},"content":{"rendered":"<p><img loading=\"lazy\" decoding=\"async\" class=\"wp-image-3098 alignleft\" src=\"http:\/\/www.uv.mx\/personal\/mcasillas\/files\/2020\/08\/Captura-de-pantalla-2020-08-29-a-las-13.08.03-150x150.png\" alt=\"\" width=\"190\" height=\"187\" \/><\/p>\n<p style=\"text-align: left\"><strong>\u00a0Para citar este documento:<\/strong><\/p>\n<p>Dorantes, J. J; y Casillas, M. A. (2020). J\u00f3venes universitarios ante el cyberbullying. An\u00e1lisis y representaciones sociales. Cap. 4. Violencia a trav\u00e9s de las TIC. En\u00a0Ramos, M.A; Cohen, J; Furl\u00e1n, A; Ramos L.B; Spitzer T.C; V\u00e1zquez, R; y Vel\u00e1zquez L. M. (2020). (Coordinadores).\u00a0<em>La construcci\u00f3n de la paz en la escuela: M\u00faltiples miradas desde la investigaci\u00f3n, las intervenciones y las pol\u00edticas publicas.<\/em>\u00a0M\u00e9xico. Editorial Fundaci\u00f3n Vivir en Armon\u00eda, p.p 146 \u2013 149.<\/p>\n<p><strong>Descargar:\u00a0<\/strong><a href=\"http:\/\/www.uv.mx\/personal\/mcasillas\/files\/2020\/08\/La-construccio\u0301n-de-la-paz-en-la-escuela.pdf\">libro\u00a0<\/a><\/p>\n","protected":false},"excerpt":{"rendered":"<p>\u00a0Para citar este documento: Dorantes, J. J; y Casillas, M. A. (2020). J\u00f3venes universitarios ante el cyberbullying. An\u00e1lisis y representaciones sociales. Cap. 4. Violencia a trav\u00e9s de las TIC. En\u00a0Ramos, M.A; Cohen, J; Furl\u00e1n, A; Ramos L.B; Spitzer T.C; V\u00e1zquez, R; y Vel\u00e1zquez L. M. (2020). (Coordinadores).\u00a0La construcci\u00f3n de la paz en la escuela: M\u00faltiples&#8230;<\/p>\n","protected":false},"author":1587,"featured_media":0,"comment_status":"open","ping_status":"closed","sticky":false,"template":"","format":"standard","meta":{"footnotes":""},"categories":[19],"tags":[],"class_list":["post-3097","post","type-post","status-publish","format-standard","hentry","category-cap-libro"],"_links":{"self":[{"href":"https:\/\/www.uv.mx\/personal\/mcasillas\/wp-json\/wp\/v2\/posts\/3097","targetHints":{"allow":["GET"]}}],"collection":[{"href":"https:\/\/www.uv.mx\/personal\/mcasillas\/wp-json\/wp\/v2\/posts"}],"about":[{"href":"https:\/\/www.uv.mx\/personal\/mcasillas\/wp-json\/wp\/v2\/types\/post"}],"author":[{"embeddable":true,"href":"https:\/\/www.uv.mx\/personal\/mcasillas\/wp-json\/wp\/v2\/users\/1587"}],"replies":[{"embeddable":true,"href":"https:\/\/www.uv.mx\/personal\/mcasillas\/wp-json\/wp\/v2\/comments?post=3097"}],"version-history":[{"count":0,"href":"https:\/\/www.uv.mx\/personal\/mcasillas\/wp-json\/wp\/v2\/posts\/3097\/revisions"}],"wp:attachment":[{"href":"https:\/\/www.uv.mx\/personal\/mcasillas\/wp-json\/wp\/v2\/media?parent=3097"}],"wp:term":[{"taxonomy":"category","embeddable":true,"href":"https:\/\/www.uv.mx\/personal\/mcasillas\/wp-json\/wp\/v2\/categories?post=3097"},{"taxonomy":"post_tag","embeddable":true,"href":"https:\/\/www.uv.mx\/personal\/mcasillas\/wp-json\/wp\/v2\/tags?post=3097"}],"curies":[{"name":"wp","href":"https:\/\/api.w.org\/{rel}","templated":true}]}}