{"id":3154,"date":"2020-09-28T22:51:19","date_gmt":"2020-09-29T03:51:19","guid":{"rendered":"https:\/\/www.uv.mx\/personal\/mcasillas\/?p=3154"},"modified":"2020-09-28T22:52:11","modified_gmt":"2020-09-29T03:52:11","slug":"reflexion-critica-sobre-las-dimensiones-y-la-distribucion-de-las-secundarias-en-veracruz","status":"publish","type":"post","link":"https:\/\/www.uv.mx\/personal\/mcasillas\/2020\/09\/28\/reflexion-critica-sobre-las-dimensiones-y-la-distribucion-de-las-secundarias-en-veracruz\/","title":{"rendered":"Reflexi\u00f3n cr\u00edtica sobre las dimensiones y la distribuci\u00f3n de las secundarias en Veracruz"},"content":{"rendered":"<p><a href=\"https:\/\/www.uv.mx\/personal\/mcasillas\/files\/2020\/09\/Captura-de-pantalla-2020-09-28-a-las-22.44.26.png\"><img loading=\"lazy\" decoding=\"async\" class=\"alignleft wp-image-3155 \" src=\"https:\/\/www.uv.mx\/personal\/mcasillas\/files\/2020\/09\/Captura-de-pantalla-2020-09-28-a-las-22.44.26-300x262.png\" alt=\"\" width=\"230\" height=\"200\" srcset=\"https:\/\/www.uv.mx\/personal\/mcasillas\/files\/2020\/09\/Captura-de-pantalla-2020-09-28-a-las-22.44.26-300x262.png 300w, https:\/\/www.uv.mx\/personal\/mcasillas\/files\/2020\/09\/Captura-de-pantalla-2020-09-28-a-las-22.44.26.png 522w\" sizes=\"auto, (max-width: 230px) 100vw, 230px\" \/><\/a><a href=\"https:\/\/www.uv.mx\/personal\/mcasillas\/files\/2020\/09\/Captura-de-pantalla-2020-09-28-a-las-22.45.31.png\"><br \/>\n<\/a><\/p>\n<p><strong>Para citar este documento<\/strong>:<\/p>\n<p>Casillas, M. (2020). Reflexi\u00f3n cr\u00edtica sobre las dimensiones y la distribuci\u00f3n de las secundarias en Veracruz. En Dorantes, J., (Coord).\u00a0<em><i>Escenarios de la educacio\u0301n secundaria en el estado de Veracruz. M\u00e9xico: Biblioteca Digital de Humanidades. \u00c1rea Acad\u00e9mica. Universidad Veracruzana. ISBN: 978-607-502-827-9<\/i><\/em><\/p>\n<p>&nbsp;<\/p>\n<p><strong>Descargar: <a href=\"https:\/\/www.uv.mx\/bdh\/files\/2020\/04\/Escenarios-de-la-educacio%CC%81n-secundaria-en-el-estado-de-Veracruz.pdf?fbclid=IwAR0ruDCeh1f7qdgbfT5vj1gXIWYXiscBrctMxixXxN6EOZzml-PZvYw36qQ\"><em><i>Escenarios de la educacio\u0301n secundaria en el estado de Veracruz<\/i><\/em><\/a><\/strong><\/p>\n","protected":false},"excerpt":{"rendered":"<p>Para citar este documento: Casillas, M. (2020). Reflexi\u00f3n cr\u00edtica sobre las dimensiones y la distribuci\u00f3n de las secundarias en Veracruz. En Dorantes, J., (Coord).\u00a0Escenarios de la educacio\u0301n secundaria en el estado de Veracruz. M\u00e9xico: Biblioteca Digital de Humanidades. \u00c1rea Acad\u00e9mica. Universidad Veracruzana. ISBN: 978-607-502-827-9 &nbsp; Descargar: Escenarios de la educacio\u0301n secundaria en el estado de&#8230;<\/p>\n","protected":false},"author":1587,"featured_media":0,"comment_status":"open","ping_status":"closed","sticky":false,"template":"","format":"standard","meta":{"footnotes":""},"categories":[19],"tags":[],"class_list":["post-3154","post","type-post","status-publish","format-standard","hentry","category-cap-libro"],"_links":{"self":[{"href":"https:\/\/www.uv.mx\/personal\/mcasillas\/wp-json\/wp\/v2\/posts\/3154","targetHints":{"allow":["GET"]}}],"collection":[{"href":"https:\/\/www.uv.mx\/personal\/mcasillas\/wp-json\/wp\/v2\/posts"}],"about":[{"href":"https:\/\/www.uv.mx\/personal\/mcasillas\/wp-json\/wp\/v2\/types\/post"}],"author":[{"embeddable":true,"href":"https:\/\/www.uv.mx\/personal\/mcasillas\/wp-json\/wp\/v2\/users\/1587"}],"replies":[{"embeddable":true,"href":"https:\/\/www.uv.mx\/personal\/mcasillas\/wp-json\/wp\/v2\/comments?post=3154"}],"version-history":[{"count":0,"href":"https:\/\/www.uv.mx\/personal\/mcasillas\/wp-json\/wp\/v2\/posts\/3154\/revisions"}],"wp:attachment":[{"href":"https:\/\/www.uv.mx\/personal\/mcasillas\/wp-json\/wp\/v2\/media?parent=3154"}],"wp:term":[{"taxonomy":"category","embeddable":true,"href":"https:\/\/www.uv.mx\/personal\/mcasillas\/wp-json\/wp\/v2\/categories?post=3154"},{"taxonomy":"post_tag","embeddable":true,"href":"https:\/\/www.uv.mx\/personal\/mcasillas\/wp-json\/wp\/v2\/tags?post=3154"}],"curies":[{"name":"wp","href":"https:\/\/api.w.org\/{rel}","templated":true}]}}