{"id":3161,"date":"2020-09-30T15:49:29","date_gmt":"2020-09-30T20:49:29","guid":{"rendered":"https:\/\/www.uv.mx\/personal\/mcasillas\/?p=3161"},"modified":"2020-09-30T15:49:29","modified_gmt":"2020-09-30T20:49:29","slug":"los-saberes-digitales-del-profesorado-del-area-tecnica-de-la-uv","status":"publish","type":"post","link":"https:\/\/www.uv.mx\/personal\/mcasillas\/2020\/09\/30\/los-saberes-digitales-del-profesorado-del-area-tecnica-de-la-uv\/","title":{"rendered":"Los saberes digitales del profesorado del \u00e1rea t\u00e9cnica de la UV"},"content":{"rendered":"<p><a href=\"https:\/\/www.uv.mx\/personal\/mcasillas\/files\/2020\/09\/Captura-de-pantalla-2020-09-30-a-las-15.42.28.png\"><img loading=\"lazy\" decoding=\"async\" class=\"alignleft wp-image-3162 \" src=\"https:\/\/www.uv.mx\/personal\/mcasillas\/files\/2020\/09\/Captura-de-pantalla-2020-09-30-a-las-15.42.28-300x286.png\" alt=\"\" width=\"225\" height=\"214\" srcset=\"https:\/\/www.uv.mx\/personal\/mcasillas\/files\/2020\/09\/Captura-de-pantalla-2020-09-30-a-las-15.42.28-300x286.png 300w, https:\/\/www.uv.mx\/personal\/mcasillas\/files\/2020\/09\/Captura-de-pantalla-2020-09-30-a-las-15.42.28.png 417w\" sizes=\"auto, (max-width: 225px) 100vw, 225px\" \/><\/a><\/p>\n<p><strong>\u00a0<\/strong><\/p>\n<p><strong>Para citar este documento<\/strong>:<\/p>\n<p>Casillas, M., Ram\u00edrez, A. y Ortega, J. (2020). Los saberes digitales del profesorado del \u00e1rea t\u00e9cnica de la UV. En L\u00f3pez, R., Hern\u00e1ndez, D. y Casillas, M. (Coords.). <em>Di\u00e1logos de la investigaci\u00f3n educativa entre universitarios y normalistas.<\/em>\u00a0Xalapa-Veracruz. Universidad Veracruzana: CIIES,\u00a0p.p 83 \u2013 104.<\/p>\n<p><strong>Descargar:<\/strong> <a href=\"http:\/\/libros.uv.mx\/index.php\/UV\/catalog\/view\/UC006\/1440\/1115-1\">Di\u00e1logos de la investigaci\u00f3n educativa entre universitarios y normalistas<\/a><\/p>\n<p>&nbsp;<\/p>\n","protected":false},"excerpt":{"rendered":"<p>\u00a0 Para citar este documento: Casillas, M., Ram\u00edrez, A. y Ortega, J. (2020). Los saberes digitales del profesorado del \u00e1rea t\u00e9cnica de la UV. En L\u00f3pez, R., Hern\u00e1ndez, D. y Casillas, M. (Coords.). Di\u00e1logos de la investigaci\u00f3n educativa entre universitarios y normalistas.\u00a0Xalapa-Veracruz. Universidad Veracruzana: CIIES,\u00a0p.p 83 \u2013 104. Descargar: Di\u00e1logos de la investigaci\u00f3n educativa entre&#8230;<\/p>\n","protected":false},"author":1587,"featured_media":0,"comment_status":"open","ping_status":"closed","sticky":false,"template":"","format":"standard","meta":{"footnotes":""},"categories":[19],"tags":[],"class_list":["post-3161","post","type-post","status-publish","format-standard","hentry","category-cap-libro"],"_links":{"self":[{"href":"https:\/\/www.uv.mx\/personal\/mcasillas\/wp-json\/wp\/v2\/posts\/3161","targetHints":{"allow":["GET"]}}],"collection":[{"href":"https:\/\/www.uv.mx\/personal\/mcasillas\/wp-json\/wp\/v2\/posts"}],"about":[{"href":"https:\/\/www.uv.mx\/personal\/mcasillas\/wp-json\/wp\/v2\/types\/post"}],"author":[{"embeddable":true,"href":"https:\/\/www.uv.mx\/personal\/mcasillas\/wp-json\/wp\/v2\/users\/1587"}],"replies":[{"embeddable":true,"href":"https:\/\/www.uv.mx\/personal\/mcasillas\/wp-json\/wp\/v2\/comments?post=3161"}],"version-history":[{"count":0,"href":"https:\/\/www.uv.mx\/personal\/mcasillas\/wp-json\/wp\/v2\/posts\/3161\/revisions"}],"wp:attachment":[{"href":"https:\/\/www.uv.mx\/personal\/mcasillas\/wp-json\/wp\/v2\/media?parent=3161"}],"wp:term":[{"taxonomy":"category","embeddable":true,"href":"https:\/\/www.uv.mx\/personal\/mcasillas\/wp-json\/wp\/v2\/categories?post=3161"},{"taxonomy":"post_tag","embeddable":true,"href":"https:\/\/www.uv.mx\/personal\/mcasillas\/wp-json\/wp\/v2\/tags?post=3161"}],"curies":[{"name":"wp","href":"https:\/\/api.w.org\/{rel}","templated":true}]}}